{"id":126889,"date":"2025-09-20T07:13:15","date_gmt":"2025-09-20T07:13:15","guid":{"rendered":"https:\/\/www.europesays.com\/es\/126889\/"},"modified":"2025-09-20T07:13:15","modified_gmt":"2025-09-20T07:13:15","slug":"no-a-la-vuelta-ciclista-pero-si-al-baloncesto-contra-un-equipo-israeli-en-la-laguna","status":"publish","type":"post","link":"https:\/\/www.europesays.com\/es\/126889\/","title":{"rendered":"No a la Vuelta Ciclista pero s\u00ed al baloncesto contra un equipo israel\u00ed en La Laguna"},"content":{"rendered":"<p class=\"ft-text ft-helper-closenews\">El rechazo del alcalde de La Laguna, <a class=\"ft-link ft-link--decoration\" href=\"https:\/\/www.eldia.es\/tags\/luis-yeray-gutierrez\/\" rel=\"nofollow noopener\" target=\"_blank\"><strong>Luis Yeray Guti\u00e9rrez<\/strong><\/a><strong> (PSOE)<\/strong>, a la disputa de una etapa final de la <a class=\"ft-link ft-link--decoration\" href=\"https:\/\/www.eldia.es\/tenerife\/2025\/09\/16\/tenerife-brete-amenaza-renuncia-gran-121627188.html\" rel=\"nofollow noopener\" target=\"_blank\">Vuelta Ciclista a Espa\u00f1a 2026 <\/a>en <a class=\"ft-link ft-link--decoration\" href=\"https:\/\/www.eldia.es\/tenerife\/\" rel=\"nofollow noopener\" target=\"_blank\">Tenerife<\/a> si participa un equipo israel\u00ed choca con la celebraci\u00f3n de un partido de <a class=\"ft-link ft-link--decoration\" href=\"https:\/\/www.eldia.es\/tags\/baloncesto\/\" rel=\"nofollow noopener\" target=\"_blank\">baloncesto<\/a> de competici\u00f3n europea entre el <strong>CB <\/strong><a class=\"ft-link ft-link--decoration\" href=\"https:\/\/www.eldia.es\/canarias\/\" rel=\"nofollow noopener\" target=\"_blank\"><strong>Canarias<\/strong><\/a> y el <strong>Bnei Herzliya<\/strong>, programado para el 14 de octubre en el pabell\u00f3n lagunero Santiago Mart\u00edn. De disputarse el encuentro, \u00abno estar\u00e9 en el palco de honor\u00bb, anunci\u00f3 tras asegurar que ya traslad\u00f3 al club su posicionamiento y negar que ambas cuestiones sean equiparables. En las pr\u00f3ximas semanas espera una <strong>respuesta del equipo aurinegro<\/strong> sobre \u00abqu\u00e9 decisi\u00f3n han tomado\u00bb.<\/p>\n<p class=\"ft-text\">Luis Yeray Guti\u00e9rrez aclar\u00f3 que en el caso del <strong>club <\/strong>canarista -del que el Ayuntamiento que preside es uno de sus patrocinadores principales-, se trata de una coincidencia al producirse el emparejamiento de ambos conjuntos \u00aben un <strong>sorteo puro y limpio<\/strong>\u00ab, mientras que la disputa de la prueba ciclista en la Isla se debe a la \u00abinvitaci\u00f3n de un representante del Cabildo\u00bb, a lo que \u00ab<strong>me opongo frontalmente<\/strong>\u00ab. El regidor se ampar\u00f3 en el \u00abmayoritario respaldo social que se vive en La Laguna\u00bb al pueblo gazat\u00ed para ratificar que \u00abnosotros<strong> no debemos aceptar y blanquear<\/strong> este tipo de conductas\u00bb.<\/p>\n<p>No hay desde 1988<\/p>\n<p class=\"ft-text\">Los <a class=\"ft-link ft-link--decoration\" href=\"https:\/\/elecciones.eldia.es\/resultados-elecciones\/cabildos\/\" rel=\"nofollow noopener\" target=\"_blank\">cabildos<\/a> de Tenerife (CC-PP) y Gran Canaria (Nueva Canarias-PSOE), junto al Gobierno regional (CC-PP), <strong>negocian y financian la celebraci\u00f3n del final de la Vuelta <\/strong>del a\u00f1o pr\u00f3ximo en ambas islas. Una prueba que no se disputa en Canarias desde 1988. Tras las protestas que se registraron durante la edici\u00f3n de este 2025 protagonizadas por colectivos propalestinos, que impidieron su culminaci\u00f3n en Madrid, la <strong>Corporaci\u00f3n insular grancanaria anunci\u00f3 el lunes pasado que se descuelga<\/strong>. Sin embargo, el vicepresidente primero del <a class=\"ft-link ft-link--decoration\" href=\"https:\/\/www.eldia.es\/tags\/cabildo\" rel=\"nofollow noopener\" target=\"_blank\">Cabildo de Tenerife<\/a>,<strong> Lope Afonso<\/strong>, reiter\u00f3 el inter\u00e9s de la administraci\u00f3n insular por el valor deportivo y de promoci\u00f3n de esta competici\u00f3n, aunque condicion\u00f3 su disputa en la Isla a que se garanticen las condiciones de seguridad. Posicionamiento que respald\u00f3 su socio en el Gobierno insular, <a class=\"ft-link ft-link--decoration\" href=\"https:\/\/www.eldia.es\/tags\/politica\/\" rel=\"nofollow noopener\" target=\"_blank\">Coalici\u00f3n Canaria<\/a>.<\/p>\n<p class=\"ft-text\">Con el <a class=\"ft-link ft-link--decoration\" href=\"https:\/\/www.eldia.es\/tenerife\/2025\/09\/18\/psoe-presiona-traslada-alcaldes-boicot-121677763.html\" rel=\"nofollow noopener\" target=\"_blank\">PSOE exigiendo<\/a> a los gobiernos insular y regional que <strong>rechacen la Vuelta<\/strong> si hay presencia israel\u00ed en la misma, medida que promover\u00e1n tanto en el Cabildo como en los municipios tinerfe\u00f1os, y adelant\u00e1ndose a dicho pronunciamiento el alcalde lagunero, el socialista Luis Yeray Guti\u00e9rrez, la exposici\u00f3n p\u00fablica del <strong>calendario de la Basketball Champios League<\/strong> evidenci\u00f3 la coincidencia de la pr\u00f3xima <strong>presencia de un club israel\u00ed en La Laguna<\/strong>. Renunciar a jugar el partido contra el Bnei Herzliya, programado para el 14 de octubre en el Santiago Mart\u00edn, supondr\u00eda para el CB Canarias el <strong>serio riesgo de la eliminaci\u00f3n de la BCL<\/strong>. La principal sanci\u00f3n ser\u00eda la p\u00e9rdida del encuentro y la retirada de un punto en la clasificaci\u00f3n, por lo que el conjunto tinerfe\u00f1o podr\u00eda verse apeado de la siguiente fase del torneo.<\/p>\n<p><img decoding=\"async\" src=\"https:\/\/www.europesays.com\/es\/wp-content\/uploads\/2025\/09\/2c112a61-224b-445f-b444-99e52529a563_alta-libre-aspect-ratio_default_0.jpg\" width=\"1200\" height=\"800\" alt=\"Pabell\u00f3n Insular Santiago Mart\u00edn, escenario del primer duelo liguero del Canarias.\" class=\"ft-helper-img-rd\" loading=\"lazy\" hasdataaida=\"true\"\/><\/p>\n<p class=\"ft-helper-fontColor-quaternary ft-helper-fontSize-body-S ft-helper-spacer-t-xxs\">Pabell\u00f3n Insular Santiago Mart\u00edn, escenario del primer duelo liguero del Canarias.  \/ CBC<\/p>\n<p>Consecuencias para el CB Canarias<\/p>\n<p class=\"ft-text\">Tambi\u00e9n se expone el CB Canarias a una <strong>sanci\u00f3n disciplinaria<\/strong> por parte de la FIBA de entre 10.000 y 300.000 euros, al margen de verse imposibilitado de luchar por un t\u00edtulo que, de ganarlo, le reportar\u00eda a las arcas del club aurinegro una cifra que oscilar\u00eda <strong>entre los 900.000 y el mill\u00f3n de euros<\/strong>. Adem\u00e1s, correr\u00edan peligro, por incumplimiento, el cobro de ciertos patrocinios de notable relevancia, en especial aquellos firmados por promoci\u00f3n tur\u00edstica y que conciernen, b\u00e1sicamente, al Ayuntamiento de La Laguna, Cabildo de Tenerife (por medio de Turismo de Tenerife) y <a class=\"ft-link ft-link--decoration\" href=\"https:\/\/www.eldia.es\/tags\/gobierno-de-canarias\/\" rel=\"nofollow noopener\" target=\"_blank\">Gobierno de Canarias<\/a>. Incluso, la entidad que preside Aniano Cabrera <strong>se expondr\u00eda a la descalificaci\u00f3n de la BCL<\/strong> de cara a temporadas venideras, por lo que se le cerrar\u00edan tambi\u00e9n las puertas de la otra competici\u00f3n auspiciada por la FIBA, la FIBA Europe Cup. La entidad canarista no quiso manifestarse al respecto de forma oficial, ya que considera que es la Basketball Champios League la \u00fanica que tiene potestad para tomar cualquier decisi\u00f3n sobre este extremo.<\/p>\n<p class=\"ft-text\">Se da la circunstancia de que apenas un d\u00eda despu\u00e9s de que el CB Canarias reciba al Bnei Herzliya, <strong>otros dos clubes israelitas visitar\u00e1n Espa\u00f1a<\/strong>. As\u00ed, el mi\u00e9rcoles 15 de octubre el Valencia jugar\u00e1 contra el Hapoel Tel Aviv en el Roig Arena dentro de la Euroliga; mientras que en la Eurocup el BAXI Manresa se las ver\u00e1 con el Hapoel Jerusalem. <strong>El Valencia Basket estudia no sacar entradas a la venta <\/strong>para el encuentro de la Euroliga contra el Hapoel Tel Aviv del pr\u00f3ximo 15 de octubre, tal y como ya hizo en el tercer encuentro de la semifinal de la Eurocopa de la pasada campa\u00f1a ante el equipo israel\u00ed. \u00abNo tenemos la decisi\u00f3n tomada, tenemos los antecedentes de la pasada campa\u00f1a cuando decidimos no vender entradas para asegurar la seguridad, para que nadie entre buscando otras cosas que no sea disfrutar del baloncesto\u00bb, explic\u00f3 el director general del Valencia Basket, Enric Carbonell.<\/p>\n<p>Mucha prisa<\/p>\n<p class=\"ft-text\">En la pol\u00e9mica entr\u00f3 el <a class=\"ft-link ft-link--decoration\" href=\"https:\/\/www.eldia.es\/tags\/fernando-clavijo\/\" rel=\"nofollow noopener\" target=\"_blank\">presidente del Gobierno de Canarias<\/a>, <strong>Fernando Clavijo (CC)<\/strong>, quien lament\u00f3 el uso pol\u00edtico de la Vuelta Ciclista a Espa\u00f1a y que se debata la celebraci\u00f3n o no de dos etapas en la islas en la pr\u00f3xima edici\u00f3n, cuando a\u00fan no se sabe si participar\u00e1 un equipo de Israel. \u00ab\u00bfPor qu\u00e9 tenemos que correr de manera ansiosa para ser los primeros para coger una bandera?\u00bb, asegur\u00f3 durante su intervenci\u00f3n en un foro organizado por el peri\u00f3dico &#8216;El Mundo&#8217;, en el que manifest\u00f3 que \u00abestamos enfrascados en la bronca pol\u00edtica porque hay que generar tensi\u00f3n\u00bb.<\/p>\n<p class=\"ft-text\">A su juicio, el Gobierno de S\u00e1nchez trata de<strong> \u00abgenerar tensi\u00f3n, polarizar, dividir y crispar\u00bb<\/strong> con el conflicto de Gaza para evitar otras cuestiones. No hay nadie que no condene el \u00abexterminio de un pueblo\u00bb, ha afirmado Clavijo, quien ha defendido que \u00abhay que condenarlo y trabajar para que la comunidad internacional intervenga\u00bb, pero no \u00abalentar manifestaciones con violencia y poner en peligro la vida de deportistas, manifestantes y polic\u00edas\u00bb, como considera que ocurri\u00f3 en la etapa de la Vuelta del pasado domingo en Madrid.<\/p>\n<p data-close=\"closedContent\" class=\"subscribeHideForDisplay\">Suscr\u00edbete para seguir leyendo<\/p>\n","protected":false},"excerpt":{"rendered":"El rechazo del alcalde de La Laguna, Luis Yeray Guti\u00e9rrez (PSOE), a la disputa de una etapa final&hellip;\n","protected":false},"author":2,"featured_media":126890,"comment_status":"","ping_status":"","sticky":false,"template":"","format":"standard","meta":{"footnotes":""},"categories":[273],"tags":[299,20464,25525,313,1757,312,168,622,25,24,703,6839,41138,23,167,1370,1357],"class_list":{"0":"post-126889","1":"post","2":"type-post","3":"status-publish","4":"format-standard","5":"has-post-thumbnail","7":"category-ciclismo","8":"tag-baloncesto","9":"tag-cb-canarias","10":"tag-cc","11":"tag-ciclismo","12":"tag-ciclista","13":"tag-cycling","14":"tag-deportes","15":"tag-equipo","16":"tag-es","17":"tag-espana","18":"tag-israeli","19":"tag-la-laguna","20":"tag-luis-yeray-gutierrez","21":"tag-spain","22":"tag-sports","23":"tag-tenerife","24":"tag-vuelta"},"share_on_mastodon":{"url":"","error":""},"_links":{"self":[{"href":"https:\/\/www.europesays.com\/es\/wp-json\/wp\/v2\/posts\/126889","targetHints":{"allow":["GET"]}}],"collection":[{"href":"https:\/\/www.europesays.com\/es\/wp-json\/wp\/v2\/posts"}],"about":[{"href":"https:\/\/www.europesays.com\/es\/wp-json\/wp\/v2\/types\/post"}],"author":[{"embeddable":true,"href":"https:\/\/www.europesays.com\/es\/wp-json\/wp\/v2\/users\/2"}],"replies":[{"embeddable":true,"href":"https:\/\/www.europesays.com\/es\/wp-json\/wp\/v2\/comments?post=126889"}],"version-history":[{"count":0,"href":"https:\/\/www.europesays.com\/es\/wp-json\/wp\/v2\/posts\/126889\/revisions"}],"wp:featuredmedia":[{"embeddable":true,"href":"https:\/\/www.europesays.com\/es\/wp-json\/wp\/v2\/media\/126890"}],"wp:attachment":[{"href":"https:\/\/www.europesays.com\/es\/wp-json\/wp\/v2\/media?parent=126889"}],"wp:term":[{"taxonomy":"category","embeddable":true,"href":"https:\/\/www.europesays.com\/es\/wp-json\/wp\/v2\/categories?post=126889"},{"taxonomy":"post_tag","embeddable":true,"href":"https:\/\/www.europesays.com\/es\/wp-json\/wp\/v2\/tags?post=126889"}],"curies":[{"name":"wp","href":"https:\/\/api.w.org\/{rel}","templated":true}]}}