{"id":126915,"date":"2025-09-20T07:29:07","date_gmt":"2025-09-20T07:29:07","guid":{"rendered":"https:\/\/www.europesays.com\/es\/126915\/"},"modified":"2025-09-20T07:29:07","modified_gmt":"2025-09-20T07:29:07","slug":"jovenes-contra-boomers-cuatro-graficos-para-entender-la-tension-generacional-espana","status":"publish","type":"post","link":"https:\/\/www.europesays.com\/es\/126915\/","title":{"rendered":"\u00bfJ\u00f3venes contra \u2019boomers\u2019? Cuatro gr\u00e1ficos para entender la tensi\u00f3n generacional | Espa\u00f1a"},"content":{"rendered":"<p class=\"\"><b>Este es un env\u00edo de la newsletter de Kiko Llaneras, un bolet\u00edn exclusivo para los suscriptores de El Pa\u00eds, con datos y explicaciones de actualidad: <\/b><a href=\"https:\/\/plus.elpais.com\/newsletters\/lnp\/1\/377\" rel=\"nofollow noopener\" target=\"_blank\"><b>ap\u00fantate para recibirlo<\/b><\/a><b>.<\/b><\/p>\n<p class=\"\">\u00bfNuestro sistema beneficia demasiado a los mayores? El <a href=\"https:\/\/elpais.com\/opinion\/2025-09-18\/lena-al-boomer-que-es-de-goma.html\" target=\"_blank\" rel=\"noreferrer nofollow noopener\" title=\"https:\/\/elpais.com\/opinion\/2025-09-18\/lena-al-boomer-que-es-de-goma.html\">debate generacional<\/a> se ha intensificado, mezclando argumentos razonables con trampas y malentendidos. Mi posici\u00f3n: la queja <a href=\"https:\/\/elpais.com\/sociedad\/2025-09-17\/analia-plaza-los-boomers-han-vivido-mejor-que-sus-padres-y-estan-viviendo-mejor-que-sus-hijos.html\" target=\"_blank\" rel=\"noreferrer nofollow noopener\" title=\"https:\/\/elpais.com\/sociedad\/2025-09-17\/analia-plaza-los-boomers-han-vivido-mejor-que-sus-padres-y-estan-viviendo-mejor-que-sus-hijos.html\">est\u00e1 justificada<\/a>, aunque el problema no tenga soluci\u00f3n simple.<\/p>\n<p class=\"\">Primero esquivemos una distracci\u00f3n: da igual si los j\u00f3venes han vivido mejor que sus padres. Mi generaci\u00f3n (1981) vive mejor que la anterior (1950) y espero que mi hija viva todav\u00eda mejor (2023). Espa\u00f1a es un pa\u00eds m\u00e1s rico, sano, libre e igualitario. Pero eso no impide que sea cierto lo siguiente: se ha abierto una brecha econ\u00f3mica entre generaciones que no exist\u00eda. Los n\u00fameros lo evidencian.<\/p>\n<p class=\"\">Es visible en las rentas. En 2004, los mayores de 65 ten\u00edan una renta mediana un 20% menor que la poblaci\u00f3n general; hoy la tienen un 5% superior. \u00bfEl grupo con rentas m\u00e1s bajas? Los hogares con ni\u00f1os. En dos d\u00e9cadas, los mayores han subido, los j\u00f3venes han bajado y las familias con ni\u00f1os han quedado al final.<\/p>\n<p class=\"\">Las estad\u00edsticas de pobreza apuntan lo mismo. En 2004, las personas en edad de jubilarse eran el grupo con mayor riesgo de pobreza: un 30% estaba en esa situaci\u00f3n. En 2024, esa cifra se ha reducido a la mitad (16,8%) y la pobreza golpea m\u00e1s a j\u00f3venes (21%) y ni\u00f1os (29%).<\/p>\n<p class=\"\">Adem\u00e1s, la brecha se ensancha con los patrimonios. Antes de la crisis (y de la burbuja inmobiliaria), los hogares m\u00e1s ricos eran los de 45 a 64 a\u00f1os; ahora son los mayores, aquellos por encima de 65 o 75 a\u00f1os\u2026 \u00a1Pero es la misma gente! La cohorte nacida en 1940-1960. En 2005, con 45-64 a\u00f1os ten\u00edan los patrimonios m\u00e1s altos. Y en 2024 los tienen tambi\u00e9n. Mientras tanto, los hogares j\u00f3venes se han empobrecido. El hogar de 40 a\u00f1os t\u00edpico ten\u00eda el doble de patrimonio en 2002 (132.000 euros) que en 2022 (77.000).<\/p>\n<p class=\"\">La vivienda es un factor esencial en el gr\u00e1fico anterior. Una generaci\u00f3n compr\u00f3 su casa y luego la vio revalorizarse. Los que vinieron despu\u00e9s lo tuvieron m\u00e1s dif\u00edcil porque los precios ya hab\u00edan subido. Pero este no es el \u00fanico motor del gr\u00e1fico. Desde 2002, los hogares de 75 a\u00f1os tambi\u00e9n han pasado desde la cola a la cabeza en \u201cactivos financieros\u201d y en \u201cpropiedades inmobiliarias diferentes de la vivienda principal\u201d (los que las tienen eran el 22% y ahora son el 57%).<\/p>\n<p>\u00bfQu\u00e9 sacar de estos datos?<\/p>\n<p class=\"\">Los datos justifican la conversaci\u00f3n generacional. Hemos pasado de un pa\u00eds donde los mayores ten\u00edan m\u00e1s probabilidad de ser pobres a uno donde ocurre lo contrario. Por supuesto, hay heterogeneidad: hay jubilados con rentas bajas y j\u00f3venes que heredar\u00e1n fortunas.<\/p>\n<p class=\"\">Esa mezcla se usa contra la cr\u00edtica boomer. Se argumenta as\u00ed: \u201cLa supuesta brecha generacional es un se\u00f1uelo para no hablar de ricos y pobres\u201d. Pero hay una lectura al rev\u00e9s: las ayudas universales para los mayores \u2014las que se dan sin mirar rentas, con sus ventajas e inconvenientes\u2014 se han vuelto m\u00e1s regresivas que hace 20 a\u00f1os, precisamente porque el colectivo de jubilados es ahora m\u00e1s heterog\u00e9neo e incluye m\u00e1s personas con dinero. Un ejemplo visible son los viajes del IMSERSO o los bonos de transporte. Beneficios que hace unas d\u00e9cadas llegaban masivamente a espa\u00f1oles de rentas bajas ahora llegan a un grupo m\u00e1s variado econ\u00f3micamente.<\/p>\n<p class=\"\">\u00bfHay que reequilibrar nuestro gasto social? Creo que s\u00ed. Espa\u00f1a gasta un 5% m\u00e1s que la media UE en pensiones por jubilaci\u00f3n y supervivencia, <a href=\"https:\/\/ec.europa.eu\/eurostat\/statistics-explained\/index.php?title=Government_expenditure_on_social_protection\" rel=\"nofollow noopener\" target=\"_blank\">seg\u00fan Eurostat<\/a>. En cambio, gastamos menos en vivienda, menos en combatir la exclusi\u00f3n social y mucho menos \u2014la mitad\u2014 en familias y ni\u00f1os. No quiero decir con esto que existan soluciones m\u00e1gicas. Toda redistribuci\u00f3n es delicada. Por derechos adquiridos, porque se rompen equilibrios y porque nunca es seguro que lo que ganas compense lo perdido.<\/p>\n<p class=\"\">Me conformo con a\u00f1adir un elemento que no recibe la atenci\u00f3n que merece: el crecimiento.<\/p>\n<p class=\"\">Espa\u00f1a vivi\u00f3 entre 1960 y 2005 un salto econ\u00f3mico extraordinario. Esa es la gran ventaja de los boomer: su generaci\u00f3n vio y captur\u00f3 ese despegue. El problema es que ese ciclo se cerr\u00f3. Mirad el gr\u00e1fico: entre 1985 y 2005, el PIB per capita espa\u00f1ol subi\u00f3 un 70%, pero desde 2005 apenas lo hizo apenas un 11%.<\/p>\n<p>  Nuestro mapa<\/p>\n<p class=\"ep-credits\">OurWorldInData \/ EL PA\u00cdS<\/p>\n<p class=\"\">Ese fin del crecimiento alimenta la tensi\u00f3n actual. Cuando la econom\u00eda avanza, es m\u00e1s f\u00e1cil repartir, pactar y esperar: todas las clases y generaciones mejoran, aunque sea de forma desigual. Pero cuando el crecimiento se estanca, la desigualdad pesa m\u00e1s y nos instalamos en l\u00f3gicas de suma cero. Y eso empuja al conflicto, entre clases, entre generaciones e incluso dentro de una misma familia.<\/p>\n<p class=\"\"><b>Este es un env\u00edo de la newsletter de Kiko Llaneras, un bolet\u00edn exclusivo para los suscriptores de El Pa\u00eds, con datos y explicaciones de actualidad: <\/b><a href=\"https:\/\/plus.elpais.com\/newsletters\/lnp\/1\/377\" rel=\"nofollow noopener\" target=\"_blank\"><b>ap\u00fantate para recibirlo<\/b><\/a><b>.<\/b><\/p>\n","protected":false},"excerpt":{"rendered":"Este es un env\u00edo de la newsletter de Kiko Llaneras, un bolet\u00edn exclusivo para los suscriptores de El&hellip;\n","protected":false},"author":2,"featured_media":126916,"comment_status":"","ping_status":"","sticky":false,"template":"","format":"standard","meta":{"footnotes":""},"categories":[8],"tags":[17,18,25,24,13,14,8596,11,433,19,20,9,10,15,16,12865,23,12,21,22],"class_list":{"0":"post-126915","1":"post","2":"type-post","3":"status-publish","4":"format-standard","5":"has-post-thumbnail","7":"category-espana","8":"tag-breaking-news","9":"tag-breakingnews","10":"tag-es","11":"tag-espana","12":"tag-featured-news","13":"tag-featurednews","14":"tag-generaciones","15":"tag-headlines","16":"tag-jovenes","17":"tag-latest-news","18":"tag-latestnews","19":"tag-news","20":"tag-noticias","21":"tag-noticias-destacadas","22":"tag-noticiasdestacadas","23":"tag-pensiones","24":"tag-spain","25":"tag-titulares","26":"tag-ultimas-noticias","27":"tag-ultimasnoticias"},"share_on_mastodon":{"url":"","error":""},"_links":{"self":[{"href":"https:\/\/www.europesays.com\/es\/wp-json\/wp\/v2\/posts\/126915","targetHints":{"allow":["GET"]}}],"collection":[{"href":"https:\/\/www.europesays.com\/es\/wp-json\/wp\/v2\/posts"}],"about":[{"href":"https:\/\/www.europesays.com\/es\/wp-json\/wp\/v2\/types\/post"}],"author":[{"embeddable":true,"href":"https:\/\/www.europesays.com\/es\/wp-json\/wp\/v2\/users\/2"}],"replies":[{"embeddable":true,"href":"https:\/\/www.europesays.com\/es\/wp-json\/wp\/v2\/comments?post=126915"}],"version-history":[{"count":0,"href":"https:\/\/www.europesays.com\/es\/wp-json\/wp\/v2\/posts\/126915\/revisions"}],"wp:featuredmedia":[{"embeddable":true,"href":"https:\/\/www.europesays.com\/es\/wp-json\/wp\/v2\/media\/126916"}],"wp:attachment":[{"href":"https:\/\/www.europesays.com\/es\/wp-json\/wp\/v2\/media?parent=126915"}],"wp:term":[{"taxonomy":"category","embeddable":true,"href":"https:\/\/www.europesays.com\/es\/wp-json\/wp\/v2\/categories?post=126915"},{"taxonomy":"post_tag","embeddable":true,"href":"https:\/\/www.europesays.com\/es\/wp-json\/wp\/v2\/tags?post=126915"}],"curies":[{"name":"wp","href":"https:\/\/api.w.org\/{rel}","templated":true}]}}