{"id":126917,"date":"2025-09-20T07:30:30","date_gmt":"2025-09-20T07:30:30","guid":{"rendered":"https:\/\/www.europesays.com\/es\/126917\/"},"modified":"2025-09-20T07:30:30","modified_gmt":"2025-09-20T07:30:30","slug":"muere-atropellada-una-estudiante-de-la-universidad-de-leon-que-estaba-de-erasmus-en-napoles","status":"publish","type":"post","link":"https:\/\/www.europesays.com\/es\/126917\/","title":{"rendered":"Muere atropellada una estudiante de la Universidad de Le\u00f3n que estaba de Erasmus en N\u00e1poles"},"content":{"rendered":"<p class=\"voc-author__name\">\nDIEGO L. GONZ\u00c1LEZ\n<\/p>\n<p class=\"voc-author__special\"> Ponferrada<\/p>\n<p>19\/09\/2025<br \/>\n<br \/><strong><br \/>\nActualizado a las 20:16h.<br \/>\n<\/strong><\/p>\n<p class=\"voc-p\" style=\"\">La<a href=\"https:\/\/www.abc.es\/espana\/castilla-leon\/ojo-tecnologico-20250917091252-nt.html\" target=\"_self\" data-voc-vtm-id=\"in-text-traffic\" title=\" Universidad de Le\u00f3n\" rel=\"nofollow noopener\"> Universidad de Le\u00f3n<\/a> ha informado del fallecimiento de una estudiante del grado en Turismo tras sufrir un atropello en la madrugada de este viernes<strong>,<\/strong> donde cursaba una beca del programa Erasmus+. Se trata de la joven ponferradina Saray Arias Fern\u00e1ndez, de 20 a\u00f1os, que fue embestida por un todoterreno cuando cruzaba por un paso de peatones, en pleno centro de esa ciudad del sur de Italia.<\/p>\n<p class=\"voc-p\" style=\"\">El suceso ocurri\u00f3 en la madrugada de este viernes. Seg\u00fan los datos que han trascendido, la joven se encontraba en compa\u00f1\u00eda de unos amigos y fue alcanzada por el veh\u00edculo. De acuerdo con lo detallado por algunos medios italianos como Corriere della Sera e Il Mattino, el veh\u00edculo, un Range Rover Evoque, era conducido por un joven de 18 a\u00f1os que, seg\u00fan las primeras hip\u00f3tesis de la Polic\u00eda Local, circulaba a gran velocidad. <\/p>\n<p class=\"voc-p\" style=\"\">La joven era de inmediato trasladada a un hospital napolitano, donde fallec\u00eda a las pocas horas a consecuencia de las lesiones sufridas.<\/p>\n<p class=\"voc-p\" style=\"\">El Consulado espa\u00f1ol era el encargado de notificar el fallecimiento de la joven. Mientras, las autoridades locales han ordenado la retirada del permiso de conducir del joven que iba al volante del todoterreno involucrado en el siniestro.<\/p>\n<p class=\"voc-p\" style=\"\">Mientras, desde Le\u00f3n, la Universidad, donde era alumna en la Facultad de Ciencias Econ\u00f3micas y Empresariales, trasladaba su \u00abdolor, conmoci\u00f3n y p\u00e9same a toda la familia, amigos y compa\u00f1eros\u00bb por este fallecimiento. En un comunicado oficial, la instituci\u00f3n acad\u00e9mica aseguraba \u00abestar de luto\u00bb y hablaba de \u00abp\u00e9rdida irreparable\u00bb, antes de destacar que la joven fallecida era una mujer \u00abllena de ilusi\u00f3n y entusiasmo, que representaba todo lo mejor de nuestra comunidad acad\u00e9mica\u00bb. El texto conclu\u00eda se\u00f1alando que siempre ser\u00e1 recordada \u00abcon cari\u00f1o y respeto\u00bb.<\/p>\n<p>Reportar un error<\/p>\n","protected":false},"excerpt":{"rendered":"DIEGO L. GONZ\u00c1LEZ Ponferrada 19\/09\/2025 Actualizado a las 20:16h. La Universidad de Le\u00f3n ha informado del fallecimiento de&hellip;\n","protected":false},"author":2,"featured_media":126918,"comment_status":"","ping_status":"","sticky":false,"template":"","format":"standard","meta":{"footnotes":""},"categories":[5],"tags":[41145,17,18,9491,25,24,6040,13,14,11,19,20,4108,8938,9494,9,10,15,16,23,12,21,22,2845],"class_list":{"0":"post-126917","1":"post","2":"type-post","3":"status-publish","4":"format-standard","5":"has-post-thumbnail","7":"category-titulares","8":"tag-atropellada","9":"tag-breaking-news","10":"tag-breakingnews","11":"tag-erasmus","12":"tag-es","13":"tag-espana","14":"tag-estudiante","15":"tag-featured-news","16":"tag-featurednews","17":"tag-headlines","18":"tag-latest-news","19":"tag-latestnews","20":"tag-leon","21":"tag-muere","22":"tag-napoles","23":"tag-news","24":"tag-noticias","25":"tag-noticias-destacadas","26":"tag-noticiasdestacadas","27":"tag-spain","28":"tag-titulares","29":"tag-ultimas-noticias","30":"tag-ultimasnoticias","31":"tag-universidad"},"share_on_mastodon":{"url":"","error":""},"_links":{"self":[{"href":"https:\/\/www.europesays.com\/es\/wp-json\/wp\/v2\/posts\/126917","targetHints":{"allow":["GET"]}}],"collection":[{"href":"https:\/\/www.europesays.com\/es\/wp-json\/wp\/v2\/posts"}],"about":[{"href":"https:\/\/www.europesays.com\/es\/wp-json\/wp\/v2\/types\/post"}],"author":[{"embeddable":true,"href":"https:\/\/www.europesays.com\/es\/wp-json\/wp\/v2\/users\/2"}],"replies":[{"embeddable":true,"href":"https:\/\/www.europesays.com\/es\/wp-json\/wp\/v2\/comments?post=126917"}],"version-history":[{"count":0,"href":"https:\/\/www.europesays.com\/es\/wp-json\/wp\/v2\/posts\/126917\/revisions"}],"wp:featuredmedia":[{"embeddable":true,"href":"https:\/\/www.europesays.com\/es\/wp-json\/wp\/v2\/media\/126918"}],"wp:attachment":[{"href":"https:\/\/www.europesays.com\/es\/wp-json\/wp\/v2\/media?parent=126917"}],"wp:term":[{"taxonomy":"category","embeddable":true,"href":"https:\/\/www.europesays.com\/es\/wp-json\/wp\/v2\/categories?post=126917"},{"taxonomy":"post_tag","embeddable":true,"href":"https:\/\/www.europesays.com\/es\/wp-json\/wp\/v2\/tags?post=126917"}],"curies":[{"name":"wp","href":"https:\/\/api.w.org\/{rel}","templated":true}]}}