{"id":126921,"date":"2025-09-20T07:35:07","date_gmt":"2025-09-20T07:35:07","guid":{"rendered":"https:\/\/www.europesays.com\/es\/126921\/"},"modified":"2025-09-20T07:35:07","modified_gmt":"2025-09-20T07:35:07","slug":"resumen-marcador-y-ganador-del-alcaraz-y-mensik-fritz-y-michelsen-europa-contra-el-mundo-en-la-laver-cup","status":"publish","type":"post","link":"https:\/\/www.europesays.com\/es\/126921\/","title":{"rendered":"Resumen, marcador y ganador del Alcaraz y Mensik &#8211; Fritz y Michelsen: Europa contra el Mundo en la Laver Cup"},"content":{"rendered":"<p>\u00abEste torneo es superespecial y \u00fanico, todo es diferente, tiene a tu equipo detr\u00e1s. Y, como ha dicho\u00a0Carlos, no somos jugadores de dobles, pero hemos jugado unos pocos puntos divertidos y tenido oportunidades de hacer algunos golpes locos, que espero que le hayan gustado al p\u00fablico. En la pista nos hemos completado, con muy buena energ\u00eda, que es lo m\u00e1s importante\u00bb.\u00a0<\/p>\n<p>Jakub Mensik, Tenista<\/p>\n","protected":false},"excerpt":{"rendered":"\u00abEste torneo es superespecial y \u00fanico, todo es diferente, tiene a tu equipo detr\u00e1s. Y, como ha dicho\u00a0Carlos,&hellip;\n","protected":false},"author":2,"featured_media":126922,"comment_status":"","ping_status":"","sticky":false,"template":"","format":"standard","meta":{"footnotes":""},"categories":[274],"tags":[168,25,24,23,167,327,326],"class_list":{"0":"post-126921","1":"post","2":"type-post","3":"status-publish","4":"format-standard","5":"has-post-thumbnail","7":"category-tenis","8":"tag-deportes","9":"tag-es","10":"tag-espana","11":"tag-spain","12":"tag-sports","13":"tag-tenis","14":"tag-tennis"},"share_on_mastodon":{"url":"","error":""},"_links":{"self":[{"href":"https:\/\/www.europesays.com\/es\/wp-json\/wp\/v2\/posts\/126921","targetHints":{"allow":["GET"]}}],"collection":[{"href":"https:\/\/www.europesays.com\/es\/wp-json\/wp\/v2\/posts"}],"about":[{"href":"https:\/\/www.europesays.com\/es\/wp-json\/wp\/v2\/types\/post"}],"author":[{"embeddable":true,"href":"https:\/\/www.europesays.com\/es\/wp-json\/wp\/v2\/users\/2"}],"replies":[{"embeddable":true,"href":"https:\/\/www.europesays.com\/es\/wp-json\/wp\/v2\/comments?post=126921"}],"version-history":[{"count":0,"href":"https:\/\/www.europesays.com\/es\/wp-json\/wp\/v2\/posts\/126921\/revisions"}],"wp:featuredmedia":[{"embeddable":true,"href":"https:\/\/www.europesays.com\/es\/wp-json\/wp\/v2\/media\/126922"}],"wp:attachment":[{"href":"https:\/\/www.europesays.com\/es\/wp-json\/wp\/v2\/media?parent=126921"}],"wp:term":[{"taxonomy":"category","embeddable":true,"href":"https:\/\/www.europesays.com\/es\/wp-json\/wp\/v2\/categories?post=126921"},{"taxonomy":"post_tag","embeddable":true,"href":"https:\/\/www.europesays.com\/es\/wp-json\/wp\/v2\/tags?post=126921"}],"curies":[{"name":"wp","href":"https:\/\/api.w.org\/{rel}","templated":true}]}}