{"id":126925,"date":"2025-09-20T07:37:10","date_gmt":"2025-09-20T07:37:10","guid":{"rendered":"https:\/\/www.europesays.com\/es\/126925\/"},"modified":"2025-09-20T07:37:10","modified_gmt":"2025-09-20T07:37:10","slug":"libres-interesantes-para-carlos-sainz-en-azerbaiyan-aunque-con-margen-de-mejora","status":"publish","type":"post","link":"https:\/\/www.europesays.com\/es\/126925\/","title":{"rendered":"Libres interesantes para Carlos Sainz en Azerbaiy\u00e1n, aunque con margen de mejora"},"content":{"rendered":"<p>Viernes, 19 de septiembre de 2025:<br \/>&#13;<br \/>\n&#8211; Entrenamientos Libres 1: P8, 1\u201943\u201d859, 17 vueltas<br \/>&#13;<br \/>\n&#8211;\u00a0 Entrenamientos Libres 2: P11, 1\u201942\u201d255, 24 vueltas<\/p>\n<ul>&#13;<\/p>\n<li>Carlos Sainz ha dedicado el viernes del GP de Azerbaiy\u00e1n a trabajar especialmente con el neum\u00e1tico blando, que este fin de semana se corresponde con el compuesto C6, el m\u00e1s r\u00e1pido de la gama de Pirelli, que no se us\u00f3 el a\u00f1o pasado.<\/li>\n<p>&#13;<\/p>\n<li>En los Libres 1, el piloto de Williams ha lidiado con una larga bandera roja que ha interrumpido su rodaje. S\u00f3lo ha usado el compuesto m\u00e1s blando.<\/li>\n<p>&#13;<\/p>\n<li>En los Libres 2, el madrile\u00f1o tambi\u00e9n ha probado el neum\u00e1tico medio en tanda larga y ha constatado que existe poca diferencia de rendimiento a una vuelta entre los dos compuestos.<\/li>\n<p>&#13;<\/p>\n<li>Carlos todav\u00eda est\u00e1 descontento con el comportamiento del neum\u00e1tico blando en condiciones de clasificaci\u00f3n, pero trabaja con su equipo para encontrar una soluci\u00f3n ma\u00f1ana.\u00a0\u00a0 \u00a0<\/li>\n<p>&#13;\n<\/ul>\n<p><strong>DECLARACIONES:<\/strong><br \/>&#13;<br \/>\n\u201cUn d\u00eda interesante para nosotros. Los Libres 1 han sido un poco ca\u00f3ticos y las banderas amarillas nos han interrumpido constantemente, pero los Libres 2 han sido una mejor sesi\u00f3n y estoy contento con nuestras tandas largas. Parece que volvemos a sufrir con el compuesto m\u00e1s blando, as\u00ed que tenemos que buscar algo m\u00e1s para la clasificaci\u00f3n. Creo que ma\u00f1ana el neum\u00e1tico blando y el medio estar\u00e1n muy igualados, por lo que puede que veamos estrategias distintas y eso puede volver m\u00e1s picante la clasificaci\u00f3n\u00bb.<\/p>\n<p><strong>PR\u00d3XIMA ACTIVIDAD:<\/strong><br \/>&#13;<br \/>\nS\u00e1bado, 20 de septiembre de 2025<br \/>&#13;<br \/>\n&#8211; Entrenamientos Libres 3: 12:30 hora local (10:30 CEST)<br \/>&#13;<br \/>\n&#8211; Clasificaci\u00f3n: 16:00 hora local (14:00 CEST)<\/p>\n","protected":false},"excerpt":{"rendered":"Viernes, 19 de septiembre de 2025:&#13; &#8211; Entrenamientos Libres 1: P8, 1\u201943\u201d859, 17 vueltas&#13; &#8211;\u00a0 Entrenamientos Libres 2:&hellip;\n","protected":false},"author":2,"featured_media":126926,"comment_status":"","ping_status":"","sticky":false,"template":"","format":"standard","meta":{"footnotes":""},"categories":[270],"tags":[40182,36481,307,168,25,24,306,271,272,4152,40181,23,167,308],"class_list":{"0":"post-126925","1":"post","2":"type-post","3":"status-publish","4":"format-standard","5":"has-post-thumbnail","7":"category-formula-1","8":"tag-azerbaijan-gp","9":"tag-baku","10":"tag-carlos-sainz","11":"tag-deportes","12":"tag-es","13":"tag-espana","14":"tag-f1","15":"tag-formula-1","16":"tag-formula1","17":"tag-fw47","18":"tag-gp-azerbaiyn","19":"tag-spain","20":"tag-sports","21":"tag-williams"},"share_on_mastodon":{"url":"","error":""},"_links":{"self":[{"href":"https:\/\/www.europesays.com\/es\/wp-json\/wp\/v2\/posts\/126925","targetHints":{"allow":["GET"]}}],"collection":[{"href":"https:\/\/www.europesays.com\/es\/wp-json\/wp\/v2\/posts"}],"about":[{"href":"https:\/\/www.europesays.com\/es\/wp-json\/wp\/v2\/types\/post"}],"author":[{"embeddable":true,"href":"https:\/\/www.europesays.com\/es\/wp-json\/wp\/v2\/users\/2"}],"replies":[{"embeddable":true,"href":"https:\/\/www.europesays.com\/es\/wp-json\/wp\/v2\/comments?post=126925"}],"version-history":[{"count":0,"href":"https:\/\/www.europesays.com\/es\/wp-json\/wp\/v2\/posts\/126925\/revisions"}],"wp:featuredmedia":[{"embeddable":true,"href":"https:\/\/www.europesays.com\/es\/wp-json\/wp\/v2\/media\/126926"}],"wp:attachment":[{"href":"https:\/\/www.europesays.com\/es\/wp-json\/wp\/v2\/media?parent=126925"}],"wp:term":[{"taxonomy":"category","embeddable":true,"href":"https:\/\/www.europesays.com\/es\/wp-json\/wp\/v2\/categories?post=126925"},{"taxonomy":"post_tag","embeddable":true,"href":"https:\/\/www.europesays.com\/es\/wp-json\/wp\/v2\/tags?post=126925"}],"curies":[{"name":"wp","href":"https:\/\/api.w.org\/{rel}","templated":true}]}}