{"id":126927,"date":"2025-09-20T07:38:18","date_gmt":"2025-09-20T07:38:18","guid":{"rendered":"https:\/\/www.europesays.com\/es\/126927\/"},"modified":"2025-09-20T07:38:18","modified_gmt":"2025-09-20T07:38:18","slug":"primer-cara-a-cara-real-para-el-hestia-menorca","status":"publish","type":"post","link":"https:\/\/www.europesays.com\/es\/126927\/","title":{"rendered":"Primer cara a cara real para el Hestia Menorca"},"content":{"rendered":"<p>El Palmer Basket del exMenorca Golden Dike mide sus fuerzas este viernes (18h) en Bintalfa, que <strong>volver\u00e1 a jugar apenas 48 horas despu\u00e9s de su amistoso contra Sa Tintina Es Castell<\/strong> de Tercera FEB.<\/p>\n<p>El Trofeu AON Illes Balears <strong>ofrece el marco competitivo m\u00e1s parecido posible a lo que se va a encontrar el equipo de Javi Zamora en la competici\u00f3n liguera.<\/strong> Y es que Palmer se convierte as\u00ed en el primer rival de su categor\u00eda al que se enfrentar\u00e1 en esta pretemporada.<\/p>\n<p>En busca del punto \u00f3ptimo<\/p>\n<p><strong>Los menorquines llegan al tercer encuentro del verano con los deberes todav\u00eda por hacer,<\/strong> asentando los primeros cimientos de un equipo que a\u00fan est\u00e1 verde, pero que empieza a ponerse a tono f\u00edsicamente y a coger ritmo competitivo. \u00ab<strong>He visto a los dos equipos muy bien, sobre todo f\u00edsicamente, porque ha sido un partido de mucho ritmo.<\/strong> Teniendo en cuenta que llevamos poquitas semanas, hemos podido ver a los dos equipos bien agarrados a la pista, con mucha intensidad y jugadas de mucho m\u00e9rito. Hemos puesto buenas prestaciones f\u00edsicas, tanto en defensa como en ataque\u00bb, destacaba Javi Zamora sobre lo que hab\u00eda supuesto el choque entre su equipo y Es Castell.<\/p>\n<p>\u00ab<strong>Para nosotros, lo m\u00e1s importante ahora es que todos lleguemos a punto<\/strong>: que Edgar (Vicedo) pueda incorporarse y empezar a trabajar con normalidad con el grupo desde este jueves, que Jalen (Cone) contin\u00fae haciendo entrenamientos con contacto y cada d\u00eda est\u00e9 m\u00e1s cerquita de poder recibir el alta y que los peque\u00f1os problemillas como el de Adams (Sola) los podamos solventar\u00bb, remataba el t\u00e9cnico madrile\u00f1o, haciendo referencia al peque\u00f1o incidente f\u00edsico que oblig\u00f3 al excapit\u00e1n de Estudiantes a retirarse del encuentro por precauci\u00f3n, pero con visibles signos de dolor en el banquillo.<\/p>\n<p>Rival de entidad<\/p>\n<p>Precisamente <strong>Estudiantes ha sido el \u00faltimo test de los mallorquines.<\/strong> Los del Ramiro, uno de principales candidatos al ascenso a ACB por en\u00e9simo a\u00f1o consecutivo, vencieron 90-91 a los de Marco Justo en el Trofeu THB Hotels disputado en Son Moix el s\u00e1bado.<\/p>\n<p><strong>El conjunto balear pag\u00f3 caro su tercer mal cuarto, pero se qued\u00f3 muy cerca de llevarse el triunfo<\/strong> mostrando unas sensaciones muy buenas ante todo un transatl\u00e1ntico de la <a href=\"https:\/\/www.menorca.info\/etiqueta\/Primera+FEB.html?utm_source=Inline-tag&amp;utm_medium=internal\" rel=\"nofollow noopener\" target=\"_blank\">Primera FEB<\/a>. Y es que cabe tener en cuenta que esta ser\u00e1 la primera campa\u00f1a en la categor\u00eda para el club nacido hace solo tres a\u00f1os, en 2022.\u2006 \u2006<\/p>\n<p>En cuanto a las notas positivas del encuentro para el equipo que dirige Marco Justo, el reci\u00e9n llegado Ismael Massoud demostr\u00f3 su consumada calidad en el tiro de tres, Alessandro Scariolo \u2014hijo del entrenador del Real Madrid\u2014 contin\u00faa creciendo en su juego y la eficiencia defensiva del bloque dej\u00f3 constancia de las cotas que puede alcanzar Palmer si se mantiene s\u00f3lido atr\u00e1s.<\/p>\n","protected":false},"excerpt":{"rendered":"El Palmer Basket del exMenorca Golden Dike mide sus fuerzas este viernes (18h) en Bintalfa, que volver\u00e1 a&hellip;\n","protected":false},"author":2,"featured_media":126928,"comment_status":"","ping_status":"","sticky":false,"template":"","format":"standard","meta":{"footnotes":""},"categories":[269],"tags":[299,13146,298,168,25,24,4078,3917,23,167],"class_list":{"0":"post-126927","1":"post","2":"type-post","3":"status-publish","4":"format-standard","5":"has-post-thumbnail","7":"category-baloncesto","8":"tag-baloncesto","9":"tag-baloncesto-en-menorca","10":"tag-basketball","11":"tag-deportes","12":"tag-es","13":"tag-espana","14":"tag-hestia-menorca","15":"tag-primera-feb","16":"tag-spain","17":"tag-sports"},"share_on_mastodon":{"url":"","error":""},"_links":{"self":[{"href":"https:\/\/www.europesays.com\/es\/wp-json\/wp\/v2\/posts\/126927","targetHints":{"allow":["GET"]}}],"collection":[{"href":"https:\/\/www.europesays.com\/es\/wp-json\/wp\/v2\/posts"}],"about":[{"href":"https:\/\/www.europesays.com\/es\/wp-json\/wp\/v2\/types\/post"}],"author":[{"embeddable":true,"href":"https:\/\/www.europesays.com\/es\/wp-json\/wp\/v2\/users\/2"}],"replies":[{"embeddable":true,"href":"https:\/\/www.europesays.com\/es\/wp-json\/wp\/v2\/comments?post=126927"}],"version-history":[{"count":0,"href":"https:\/\/www.europesays.com\/es\/wp-json\/wp\/v2\/posts\/126927\/revisions"}],"wp:featuredmedia":[{"embeddable":true,"href":"https:\/\/www.europesays.com\/es\/wp-json\/wp\/v2\/media\/126928"}],"wp:attachment":[{"href":"https:\/\/www.europesays.com\/es\/wp-json\/wp\/v2\/media?parent=126927"}],"wp:term":[{"taxonomy":"category","embeddable":true,"href":"https:\/\/www.europesays.com\/es\/wp-json\/wp\/v2\/categories?post=126927"},{"taxonomy":"post_tag","embeddable":true,"href":"https:\/\/www.europesays.com\/es\/wp-json\/wp\/v2\/tags?post=126927"}],"curies":[{"name":"wp","href":"https:\/\/api.w.org\/{rel}","templated":true}]}}