{"id":126931,"date":"2025-09-20T07:40:07","date_gmt":"2025-09-20T07:40:07","guid":{"rendered":"https:\/\/www.europesays.com\/es\/126931\/"},"modified":"2025-09-20T07:40:07","modified_gmt":"2025-09-20T07:40:07","slug":"en-madrid-junto-a-sus-tres-hijos-y-lejos-de-los-reflectores","status":"publish","type":"post","link":"https:\/\/www.europesays.com\/es\/126931\/","title":{"rendered":"en Madrid, junto a sus tres hijos y lejos de los reflectores"},"content":{"rendered":"<p>\n          \u00bfQu\u00e9 pasar\u00e1 con el futuro profesional de Amber Heard en Hollywood?<\/p>\n<p>Tras m\u00e1s de dos a\u00f1os alejada de la exposici\u00f3n medi\u00e1tica y controversias legales, <b>Amber Heard <\/b>se ha mantenido en gran parte fuera de la industria cinematogr\u00e1fica de Hollywood. Desde el juicio por difamaci\u00f3n con Johnny Depp en 2022, que la mantuvo durante meses en el centro de la conversaci\u00f3n p\u00fablica, la actriz ha optado por un perfil m\u00e1s bajo y una vida privada en Espa\u00f1a, donde actualmente reside junto a sus tres hijos.<\/p>\n<p>Sin embargo, aunque ha priorizado su vida personal y la maternidad, Amber no ha cerrado del todo la puerta a su carrera en el cine. De hecho, en varias ocasiones ha dejado entrever que sigue abierta a trabajar, siempre y cuando los proyectos sean compatibles con su nuevo estilo de vida y no impliquen una sobreexposici\u00f3n medi\u00e1tica.<\/p>\n<p>             <img loading=\"lazy\" decoding=\"async\" src=\"https:\/\/www.europesays.com\/es\/wp-content\/uploads\/2025\/09\/1758354006_219_\" class=\"lazyload\" alt=\"69th Taormina Film Festival - Day 2\"  width=\"1200\" height=\"800\"\/> <\/p>\n<p>               Amber Heard<br \/>\n              (Getty Images)<\/p>\n<p>Su \u00faltima gran aparici\u00f3n cinematogr\u00e1fica fue en Aquaman and the Lost Kingdom, la cual fue estrenada a finales de 2023. Aunque su participaci\u00f3n fue recortada considerablemente, la pel\u00edcula marc\u00f3 su continuidad en el universo de DC, a pesar de las campa\u00f1as en redes que ped\u00edan su salida. Warner Bros. no volvi\u00f3 a confirmar su inclusi\u00f3n en futuros proyectos, y desde entonces no se han anunciado nuevos roles en producciones de alto perfil.<\/p>\n<p>Fuentes cercanas aseguran que Heard ha recibido propuestas, principalmente desde Europa e industrias independientes. Al residir en Madrid, es probable que su futuro profesional est\u00e9 m\u00e1s ligado a coproducciones europeas o a proyectos que le permitan mantenerse alejada del circuito tradicional de Hollywood. <\/p>\n<p>             <img loading=\"lazy\" decoding=\"async\" src=\"https:\/\/www.europesays.com\/es\/wp-content\/uploads\/2025\/09\/1758354007_757_\" class=\"lazyload\" alt=\"GettyImages-1261322432\"  width=\"1200\" height=\"797\"\/> <\/p>\n<p>              Amber Heard<br \/>\n              (GettyImages-1261322432)<\/p>\n<p>Se ha especulado incluso con la posibilidad de que explore el cine de autor, o que busque oportunidades en plataformas de streaming que ofrezcan mayor control creativo y menor presi\u00f3n medi\u00e1tica.<\/p>\n<p>Adem\u00e1s, la actriz cuenta con una base s\u00f3lida en la actuaci\u00f3n: antes de convertirse en figura de controversia, tuvo papeles destacados en pel\u00edculas como The Danish Girl, Drive Angry, The Rum Diary y Never Back Down. Tambi\u00e9n trabaj\u00f3 con directores reconocidos y demostr\u00f3 versatilidad en g\u00e9neros que van del drama al cine de acci\u00f3n.<\/p>\n<p>Por el momento, <b>Amber Heard<\/b> no ha confirmado oficialmente su regreso a un set de filmaci\u00f3n, ni se ha pronunciado sobre alg\u00fan proyecto en desarrollo.<\/p>\n","protected":false},"excerpt":{"rendered":"\u00bfQu\u00e9 pasar\u00e1 con el futuro profesional de Amber Heard en Hollywood? Tras m\u00e1s de dos a\u00f1os alejada de&hellip;\n","protected":false},"author":2,"featured_media":126932,"comment_status":"","ping_status":"","sticky":false,"template":"","format":"standard","meta":{"footnotes":""},"categories":[174],"tags":[41150,41151,41152,41153,41154,255,146,147,25,24,2793,256,23],"class_list":{"0":"post-126931","1":"post","2":"type-post","3":"status-publish","4":"format-standard","5":"has-post-thumbnail","7":"category-famosos","8":"tag-amber-heard","9":"tag-amber-heard-con-sus-tres-hijos","10":"tag-amber-heard-en-madrid","11":"tag-amber-heard-en-madrid-junto-a-sus-tres-hijos","12":"tag-amber-heard-hijos","13":"tag-celebrities","14":"tag-entertainment","15":"tag-entretenimiento","16":"tag-es","17":"tag-espana","18":"tag-espectaculos","19":"tag-famosos","20":"tag-spain"},"share_on_mastodon":{"url":"","error":""},"_links":{"self":[{"href":"https:\/\/www.europesays.com\/es\/wp-json\/wp\/v2\/posts\/126931","targetHints":{"allow":["GET"]}}],"collection":[{"href":"https:\/\/www.europesays.com\/es\/wp-json\/wp\/v2\/posts"}],"about":[{"href":"https:\/\/www.europesays.com\/es\/wp-json\/wp\/v2\/types\/post"}],"author":[{"embeddable":true,"href":"https:\/\/www.europesays.com\/es\/wp-json\/wp\/v2\/users\/2"}],"replies":[{"embeddable":true,"href":"https:\/\/www.europesays.com\/es\/wp-json\/wp\/v2\/comments?post=126931"}],"version-history":[{"count":0,"href":"https:\/\/www.europesays.com\/es\/wp-json\/wp\/v2\/posts\/126931\/revisions"}],"wp:featuredmedia":[{"embeddable":true,"href":"https:\/\/www.europesays.com\/es\/wp-json\/wp\/v2\/media\/126932"}],"wp:attachment":[{"href":"https:\/\/www.europesays.com\/es\/wp-json\/wp\/v2\/media?parent=126931"}],"wp:term":[{"taxonomy":"category","embeddable":true,"href":"https:\/\/www.europesays.com\/es\/wp-json\/wp\/v2\/categories?post=126931"},{"taxonomy":"post_tag","embeddable":true,"href":"https:\/\/www.europesays.com\/es\/wp-json\/wp\/v2\/tags?post=126931"}],"curies":[{"name":"wp","href":"https:\/\/api.w.org\/{rel}","templated":true}]}}