{"id":126951,"date":"2025-09-20T07:52:13","date_gmt":"2025-09-20T07:52:13","guid":{"rendered":"https:\/\/www.europesays.com\/es\/126951\/"},"modified":"2025-09-20T07:52:13","modified_gmt":"2025-09-20T07:52:13","slug":"y-de-repente-gaza-tambien-en-el-chat-del-cole-el-mundo","status":"publish","type":"post","link":"https:\/\/www.europesays.com\/es\/126951\/","title":{"rendered":"Y de repente, Gaza tambi\u00e9n en el chat del cole &#8211; El Mundo"},"content":{"rendered":"<ol>\n<li><a href=\"https:\/\/news.google.com\/rss\/articles\/CBMiekFVX3lxTFBYWml0UUdPVGx2Z1FQdjF3c0ZpZ0RScWdubGh2djVyX3VRZzJPR0s0NVkxYld0OUU4MFJIQllOSkVJZENqYm5PSlNnNUFIU2JSaUVkckNkZW1GcFllZXpzYW90YXRkVXhSMDREMU1ZRjVEUk43ZlliWXdR0gF6QVVfeXFMUFUyUmlVamxRbXlxR1h0TUgwcDRjTi1BYi1OalVRVWgzTzZwMjhILXRiTU13bW5PNDZUUlVremxOM3B6RXNhWFEzcUwwYVNJRmFqNTg4dDBzb1lqNllPSlF0bGdjUjRVQ1I1Vnp6ekdSVm9naHRvUDNUalE?oc=5\" target=\"_blank\" rel=\"nofollow noopener\">Y de repente, Gaza tambi\u00e9n en el chat del cole<\/a>&nbsp;&nbsp;El Mundo<\/li>\n<li><a href=\"https:\/\/news.google.com\/rss\/articles\/CBMingFBVV95cUxNcXBwVVNfSk1FOFV3RlRON0czU0ZnZFdHcUZYaEZlN05KV21JR21hRTE0bjkyNHljNVN6VE1NZE9LVHhPLThNamE0cWhlUi1zWjFNLUo5TURYdXU3NEFfRG5CSHZCYWgyLTdObWEtdl9YYUpCYmhPY0plamJQVTZ6ZDVPcGVzd2lEZFJUejZrNlEwc1Q1eW1qbHpmWlRpUQ?oc=5\" target=\"_blank\" rel=\"nofollow noopener\">La falsa libertad de Ayuso y Trump<\/a>&nbsp;&nbsp;elDiario.es<\/li>\n<li><a href=\"https:\/\/news.google.com\/rss\/articles\/CBMixAFBVV95cUxQNFVJRDFsU29ERmF3S3JMQU5adjh6UDhHUnM4b2pycC1XRHFreE55dVhyZHpMa0loQU41MVZGMW9HcWZQbFVYSGZ6bFJaSkFMbUktRl9Tbmc5ckNPWHp1ZzhrSGtwTUtMME01N3FEaHAwMlQyV2NMSkdjVDZEdjl2R09RY2hmNlJJWVE3UlcwR3BJMC1WdXNZM2kwS251OExidVVsOWNzRXc2SXBpTVdGVmFTSE5Hc1R6UUtkb2Zub3NMOVpF?oc=5\" target=\"_blank\" rel=\"nofollow noopener\">\u00abLa prohibici\u00f3n de banderas en las aulas pretend\u00eda amedrentar pero ha conseguido todo lo contrario\u00bb<\/a>&nbsp;&nbsp;Diario P\u00fablico<\/li>\n<li><a href=\"https:\/\/news.google.com\/rss\/articles\/CBMiiwJBVV95cUxNVkNpVXNPSTBGMl92UXFITmFIcVg0RmE4ZFh3SzhGR0lvVTA5XzlSNW1xVnZhbGVlcXBQMWtkSGtCRjJ3aGh3REdITEdOd0QyQ2FfbjJFbW5rTDZ3UG82azRiLUIzT1ZjWWFfa082V3RjLWVZQkJVTDgySXpHcXVoWUhBSkhycldoV2ZaSTZKaUc4dTA1cEJiZEVnSTVXTk9Ka3hnMzVJYkdmeG5ZTUlIVjE3M2RrQjNmQ0k5d0ZWeWQ2Q1hMaEdfZl9ZRlpsV1dsclNTNlAzWktVUjF1WlA1cXhnUTBOUWh1YnRLbTYxRE5Va2pPQzNmODJ5c2VqX2VFbUp5bmF3VEx5NDA?oc=5\" target=\"_blank\" rel=\"nofollow noopener\">Rebeli\u00f3n en 89 colegios madrile\u00f1os contra la prohibici\u00f3n de Ayuso de apoyar a Gaza: \u201cAhora va a haber m\u00e1s camisetas con sand\u00edas\u201d<\/a>&nbsp;&nbsp;EL PA\u00cdS<\/li>\n<li><a href=\"https:\/\/news.google.com\/rss\/articles\/CBMikgJBVV95cUxQem1lT09ZV3FDVDJneUNrMllUZWx1TlloWURZdkpqaDR2eVo3UHBPM3FXbG9qdGtqX3VGc1ZfTkl2MDAwUEpUTVZCZVdxNjRTTEpaMWFZdzZRWk9xSGlpWG5LbG5qYmhrajBRU1YwUjU1eGFLT1JWaTgwY3AwckN5d0tmdWJWbVdXZHJKLWlBSEExX1lwNGlsbXhkZy1tWUJqSjRqeVE3ZDRHc2tScEp3cHNadkVjQjVDNkNFX0tfcnpiVjRjMEYyWW5tWE1XeTRTT21kQ09sZkJsSER6ZjJpT19PSE1hY1V2YmRTQVZGUmI2Z0xDS1NSb0FROWZNb0hlWmNOWmZUaEl6ZGdDRnpKMjBn0gGSAkFVX3lxTE02Ym85NlpYNG5pcl9kVlFIeE1MT1BMV0dwM2RsWlFDOFBIUmhSQVF1bWJ2bk5QS2dUMU16UURNMDdVdEs2aW5PNUVJSWF4d3Q4Y3lzN1VxbVk2SzN6NjNGYWxDbmw3V2R2LXFYN0lSYzZrVFVHdzIzbTlBUWgtRWEwRDVnM2pYRlkyekpPQ3lGb3ZkdXc2UElac2t3TVBNYnJzZG5fV1lqZE1wS0pPUVNGN0I1Z0phQ2dnWjZwbDlyNTh6VmkyQXZlY3EyeXIzMmR5V3dsTVotVEZmX3BGNUxWVFA2OWktQTE1Q0ZoeTFtYkItNVVOZ1pxZy11c0tfRjdEdjd2VDMydElMUEstLXNuZGc?oc=5\" target=\"_blank\" rel=\"nofollow noopener\">Wyoming responde a la prohibici\u00f3n de Ayuso ense\u00f1ando una bandera de Palestina: \u00abRecuerdo cuando le afecta<\/a>&nbsp;&nbsp;LaSexta<\/li>\n<\/ol>\n","protected":false},"excerpt":{"rendered":"Y de repente, Gaza tambi\u00e9n en el chat del cole&nbsp;&nbsp;El Mundo La falsa libertad de Ayuso y Trump&nbsp;&nbsp;elDiario.es&hellip;\n","protected":false},"author":2,"featured_media":126952,"comment_status":"","ping_status":"","sticky":false,"template":"","format":"standard","meta":{"footnotes":""},"categories":[8],"tags":[17,18,25,24,13,14,11,19,20,205,9,10,15,16,23,12,21,22],"class_list":{"0":"post-126951","1":"post","2":"type-post","3":"status-publish","4":"format-standard","5":"has-post-thumbnail","7":"category-espana","8":"tag-breaking-news","9":"tag-breakingnews","10":"tag-es","11":"tag-espana","12":"tag-featured-news","13":"tag-featurednews","14":"tag-headlines","15":"tag-latest-news","16":"tag-latestnews","17":"tag-madrid","18":"tag-news","19":"tag-noticias","20":"tag-noticias-destacadas","21":"tag-noticiasdestacadas","22":"tag-spain","23":"tag-titulares","24":"tag-ultimas-noticias","25":"tag-ultimasnoticias"},"share_on_mastodon":{"url":"","error":""},"_links":{"self":[{"href":"https:\/\/www.europesays.com\/es\/wp-json\/wp\/v2\/posts\/126951","targetHints":{"allow":["GET"]}}],"collection":[{"href":"https:\/\/www.europesays.com\/es\/wp-json\/wp\/v2\/posts"}],"about":[{"href":"https:\/\/www.europesays.com\/es\/wp-json\/wp\/v2\/types\/post"}],"author":[{"embeddable":true,"href":"https:\/\/www.europesays.com\/es\/wp-json\/wp\/v2\/users\/2"}],"replies":[{"embeddable":true,"href":"https:\/\/www.europesays.com\/es\/wp-json\/wp\/v2\/comments?post=126951"}],"version-history":[{"count":0,"href":"https:\/\/www.europesays.com\/es\/wp-json\/wp\/v2\/posts\/126951\/revisions"}],"wp:featuredmedia":[{"embeddable":true,"href":"https:\/\/www.europesays.com\/es\/wp-json\/wp\/v2\/media\/126952"}],"wp:attachment":[{"href":"https:\/\/www.europesays.com\/es\/wp-json\/wp\/v2\/media?parent=126951"}],"wp:term":[{"taxonomy":"category","embeddable":true,"href":"https:\/\/www.europesays.com\/es\/wp-json\/wp\/v2\/categories?post=126951"},{"taxonomy":"post_tag","embeddable":true,"href":"https:\/\/www.europesays.com\/es\/wp-json\/wp\/v2\/tags?post=126951"}],"curies":[{"name":"wp","href":"https:\/\/api.w.org\/{rel}","templated":true}]}}