{"id":126953,"date":"2025-09-20T07:53:33","date_gmt":"2025-09-20T07:53:33","guid":{"rendered":"https:\/\/www.europesays.com\/es\/126953\/"},"modified":"2025-09-20T07:53:33","modified_gmt":"2025-09-20T07:53:33","slug":"la-prensa-alemana-destaca-el-desencuentro-entre-merz-y-sanchez","status":"publish","type":"post","link":"https:\/\/www.europesays.com\/es\/126953\/","title":{"rendered":"La prensa alemana destaca el desencuentro entre Merz y S\u00e1nchez"},"content":{"rendered":"<p><img decoding=\"async\" class=\"voc-author__img\" src=\"https:\/\/www.europesays.com\/es\/wp-content\/uploads\/2025\/07\/autor-2046-foto-5.jpeg\" alt=\"Rosal\u00eda S\u00e1nchez\"\/><\/p>\n<p>19\/09\/2025<br \/>\n<br \/><strong><br \/>\nActualizado a las 19:47h.<br \/>\n<\/strong><\/p>\n<p class=\"voc-p\" style=\"\">Hab\u00eda bastante expectaci\u00f3n entre la prensa alemana sobre si S\u00e1nchez lograr\u00eda arrastrar al canciller alem\u00e1n a posiciones m\u00e1s hostiles contra <strong>Israel<\/strong> durante su visita a <strong>Madrid<\/strong>. Todos los peri\u00f3dicos germanos constatan hoy que el presidente espa\u00f1ol lo intent\u00f3, pero destacan que el desencuentro persisti\u00f3 entre ambos jefes de gobierno. <\/p>\n<p class=\"voc-p\" style=\"\">El semanario progresista &#8216;Der Spiegel&#8217; titula la informaci\u00f3n sobre la reuni\u00f3n bilateral: \u00ab\u00bfEspa\u00f1a? Merz tiene que pensar en su infancia\u00bb, sugiriendo que el canciller recurri\u00f3 a la menci\u00f3n a las vacaciones familiares de su ni\u00f1ez en Cullera para destensar la confrontaci\u00f3n argumental. \u00abEl canciller Merz y el presidente del gobierno espa\u00f1ol S\u00e1nchez est\u00e1n siguiendo un curso fundamentalmente diferente hacia Israel. Durante su visita inaugural a Madrid, los dos ni siquiera intentaron ocultar su disidencia\u00bb, firma desde Madrid <strong>Marina Kormbaki<\/strong> para el semanario. <\/p>\n<p class=\"voc-p\" style=\"\">\u00abMerz se enfrenta a diferencias de opini\u00f3n sobre la guerra de Gaza en Espa\u00f1a\u00bb, informa el diario &#8216;Frankfurter Allgemeine Zeitung&#8217;, que encabeza su art\u00edculo con las declaraciones de Merz en las que reconoci\u00f3 durante la rueda de prensa que \u00abNo es ning\u00fan secreto\u00bb que el gobierno alem\u00e1n y el gobierno espa\u00f1ol sacan \u00abconclusiones diferentes\u00bb. <\/p>\n<p class=\"voc-p\" style=\"\">\u00abMientras el presidente del gobierno espa\u00f1ol habla de genocidio y barbarie, Merz enfatiza la solidaridad de Alemania con Israel e insiste en que el reconocimiento de un Estado palestino no est\u00e1 en debate en Berl\u00edn\u00bb, explica la informaci\u00f3n del canal de televisi\u00f3n alem\u00e1n de formato todo noticias &#8216;N-tv&#8217;. <\/p>\n<p class=\"voc-p\" style=\"\">El diario &#8216;Die Welt&#8217;, por su parte, enfatiza el desacuerdo con S\u00e1nchez y las diferencias de opini\u00f3n entre los dos gobiernos y explica que S\u00e1nchez ha expresado su \u00abadmiraci\u00f3n\u00bb por los manifestantes propalestinos que forzaron la interrupci\u00f3n de la etapa final de la vuelta en bicicleta de La Vuelta con sus protestas el domingo.<\/p>\n<p class=\"voc-p\" style=\"\">Solamente el diario de M\u00fanich &#8216;S\u00fcddeutsche Zeitung&#8217; alaba en su titular que \u00abLa relaci\u00f3n entre Berl\u00edn y Madrid goza de la mejor salud\u00bb, aunque su autor, <strong>Patrick Illinger<\/strong>, reconoce que se trata \u00abm\u00e1s de una unidad t\u00e1ctica que ideol\u00f3gica\u00bb en torno a \u00abun importante proyecto de armamento\u00bb, en referencia al FCAS. Se trata del proyecto militar m\u00e1s ambicioso de Europa, con un presupuesto estimado de m\u00e1s de 100.000 millones de euros, y su objetivo es desarrollar un sistema de combate a\u00e9reo de sexta generaci\u00f3n que incluya un nuevo caza furtivo que sustituya al Rafale (Francia) y al Eurofighter (Espa\u00f1a y Alemania), drones de combate capaces de operar en enjambre y una nube digital de combate que conecte todos esos elementos en tiempo real. <\/p>\n<p class=\"voc-p\" style=\"\">Las empresas involucradas son Dassault Aviation (Francia), Airbus Defence and Space (Alemania) e Indra (Espa\u00f1a), pero Francia se empe\u00f1a en controlar el 80% del proyecto, y los jefes de Alemania y Espa\u00f1a muestran la unidad necesaria para defender una participaci\u00f3n igualitaria, como se pact\u00f3 al inicio del proyecto.<\/p>\n<p>Reportar un error<\/p>\n","protected":false},"excerpt":{"rendered":"19\/09\/2025 Actualizado a las 19:47h. Hab\u00eda bastante expectaci\u00f3n entre la prensa alemana sobre si S\u00e1nchez lograr\u00eda arrastrar al&hellip;\n","protected":false},"author":2,"featured_media":126954,"comment_status":"","ping_status":"","sticky":false,"template":"","format":"standard","meta":{"footnotes":""},"categories":[5],"tags":[2331,17,18,41160,1072,25,24,13,14,11,19,20,2929,9,10,15,16,2330,199,23,12,21,22],"class_list":{"0":"post-126953","1":"post","2":"type-post","3":"status-publish","4":"format-standard","5":"has-post-thumbnail","7":"category-titulares","8":"tag-alemana","9":"tag-breaking-news","10":"tag-breakingnews","11":"tag-desencuentro","12":"tag-destaca","13":"tag-es","14":"tag-espana","15":"tag-featured-news","16":"tag-featurednews","17":"tag-headlines","18":"tag-latest-news","19":"tag-latestnews","20":"tag-merz","21":"tag-news","22":"tag-noticias","23":"tag-noticias-destacadas","24":"tag-noticiasdestacadas","25":"tag-prensa","26":"tag-sanchez","27":"tag-spain","28":"tag-titulares","29":"tag-ultimas-noticias","30":"tag-ultimasnoticias"},"share_on_mastodon":{"url":"","error":""},"_links":{"self":[{"href":"https:\/\/www.europesays.com\/es\/wp-json\/wp\/v2\/posts\/126953","targetHints":{"allow":["GET"]}}],"collection":[{"href":"https:\/\/www.europesays.com\/es\/wp-json\/wp\/v2\/posts"}],"about":[{"href":"https:\/\/www.europesays.com\/es\/wp-json\/wp\/v2\/types\/post"}],"author":[{"embeddable":true,"href":"https:\/\/www.europesays.com\/es\/wp-json\/wp\/v2\/users\/2"}],"replies":[{"embeddable":true,"href":"https:\/\/www.europesays.com\/es\/wp-json\/wp\/v2\/comments?post=126953"}],"version-history":[{"count":0,"href":"https:\/\/www.europesays.com\/es\/wp-json\/wp\/v2\/posts\/126953\/revisions"}],"wp:featuredmedia":[{"embeddable":true,"href":"https:\/\/www.europesays.com\/es\/wp-json\/wp\/v2\/media\/126954"}],"wp:attachment":[{"href":"https:\/\/www.europesays.com\/es\/wp-json\/wp\/v2\/media?parent=126953"}],"wp:term":[{"taxonomy":"category","embeddable":true,"href":"https:\/\/www.europesays.com\/es\/wp-json\/wp\/v2\/categories?post=126953"},{"taxonomy":"post_tag","embeddable":true,"href":"https:\/\/www.europesays.com\/es\/wp-json\/wp\/v2\/tags?post=126953"}],"curies":[{"name":"wp","href":"https:\/\/api.w.org\/{rel}","templated":true}]}}