{"id":126962,"date":"2025-09-20T08:02:12","date_gmt":"2025-09-20T08:02:12","guid":{"rendered":"https:\/\/www.europesays.com\/es\/126962\/"},"modified":"2025-09-20T08:02:12","modified_gmt":"2025-09-20T08:02:12","slug":"un-partido-por-el-liderato","status":"publish","type":"post","link":"https:\/\/www.europesays.com\/es\/126962\/","title":{"rendered":"Un partido por el liderato"},"content":{"rendered":"<p><img decoding=\"async\" src=\"https:\/\/www.europesays.com\/es\/wp-content\/uploads\/2025\/09\/2RAK2EMEMZAUTAMJ2KADUPIHWM.jpg\" alt=\"Un partido por el liderato\" height=\"554\" width=\"1144\"   loading=\"lazy\"\/><\/p>\n<p class=\"\">El <b>Espanyol <\/b>intenta <a href=\"https:\/\/as.com\/futbol\/primera\/a-manolo-se-le-pone-cara-de-camacho-ahora-se-busca-un-lardin-n\/\" target=\"_self\" rel=\"nofollow noopener\" title=\"https:\/\/as.com\/futbol\/primera\/a-manolo-se-le-pone-cara-de-camacho-ahora-se-busca-un-lardin-n\/\">el asalto al Bernab\u00e9u en su \u2018prime\u2019.<\/a> El arranque de Liga sit\u00faa al club perico en<b> registros hist\u00f3ricos<\/b>, tercero en la tabla <a href=\"https:\/\/as.com\/resultados\/futbol\/primera\/clasificacion\/\" target=\"_self\" rel=\"nofollow noopener\" title=\"https:\/\/as.com\/resultados\/futbol\/primera\/clasificacion\/\">con 10 puntos en cuatro jornadas<\/a>, los mismos que el Barcelona y a s\u00f3lo dos del Real Madrid. Unas cifras que recuerdan a la <b>temporada 1995-96<\/b>, cuando logr\u00f3 su<b> \u00faltima victoria en el Bernab\u00e9u <\/b>con aquel doblete m\u00edtico de Lard\u00edn. Aquella campa\u00f1a fue a\u00fan mejor. El Espanyol hizo pleno en las cinco primeras jornadas y el equipo termin\u00f3 cuarto en la tabla, una plaza que entonces dejaba a las puertas de jugar la Champions (<a href=\"https:\/\/as.com\/resultados\/futbol\/primera\/2025_2026\/directo\/regular_a_5_68644b776237231\/\" target=\"_self\" rel=\"nofollow noopener\" title=\"https:\/\/as.com\/resultados\/futbol\/primera\/2025_2026\/directo\/regular_a_5_68644b776237231\/\">sigue el partido en directo en AS.com<\/a>). <\/p>\n<p class=\"\">Este Espanyol transmite<b> <\/b>unas sensaciones como aquellas y <b>muy diferentes<\/b> al de los <b>\u00faltimos tiempos<\/b> en los que consum\u00f3 dos descensos en cinco a\u00f1os. Un <b>arranque <\/b>este <b>poco esperado<\/b>, adem\u00e1s, por el dif\u00edcil calendario. El Espanyol <a href=\"https:\/\/as.com\/futbol\/primera\/el-nuevo-atleti-como-el-viejo-n\/\" target=\"_self\" rel=\"nofollow noopener\" title=\"https:\/\/as.com\/futbol\/primera\/el-nuevo-atleti-como-el-viejo-n\/\">dio buena cuenta del Atl\u00e9tico<\/a> en la primera jornada y ya ha visitado el campo siempre dif\u00edcil de la <b>Real<\/b>, donde empez\u00f3 ganando 2-0 aunque luego se dej\u00f3 <b>empatar<\/b>. Y en la \u00faltima jornada, <a href=\"https:\/\/as.com\/futbol\/primera\/un-espanyol-de-diez-escala-a-zona-champions-y-deprime-al-mallorca-n\/\" target=\"_self\" rel=\"nofollow noopener\" title=\"https:\/\/as.com\/futbol\/primera\/un-espanyol-de-diez-escala-a-zona-champions-y-deprime-al-mallorca-n\/\">ante el Mallorca<\/a>, se apunt\u00f3 una valiosa victoria tras jugar toda la segunda parte con uno menos. Sin duda, el mejor momento para acometer el <b>desembarco<\/b> a un <b>Bernab\u00e9u<\/b> en el que le <b>cuesta <\/b>tanto <b>ganar:<\/b> sus \u00faltimas diez visitas se cuentan por derrotas, y s\u00f3lo ha empatado tres veces desde aquella gesta protagonizada por <b>Lard\u00edn<\/b> hace ya<b> 29 a\u00f1os.<\/b><\/p>\n<p><a href=\"https:\/\/as.com\/resultados\/ficha\/equipo\/real_madrid\/1\/\" rel=\"nofollow noopener\" target=\"_blank\"><img decoding=\"async\" src=\"https:\/\/www.europesays.com\/es\/wp-content\/uploads\/2025\/09\/1758355329_591_1.png\" alt=\"Un partido por el liderato\" height=\"80\" width=\"80\"  loading=\"lazy\" data-error-image=\"https:\/\/static.as.com\/dist\/resources\/images\/placeholder-team.png\"\/><\/a>Por fin hay inversi\u00f3n y plantilla.<\/p>\n<p class=\"\">La <a href=\"https:\/\/as.com\/futbol\/primera\/alan-pace-dueno-del-burnley-compra-el-espanyol-por-130-millones-n\/\" target=\"_self\" rel=\"nofollow noopener\" title=\"https:\/\/as.com\/futbol\/primera\/alan-pace-dueno-del-burnley-compra-el-espanyol-por-130-millones-n\/\">venta del Espanyol<\/a> este verano a Velocity Sports Partners, tambi\u00e9n propietaria del <b>Burnley<\/b>, puede suponer el <b>impulso definitivo<\/b>. Pero el momento feliz de la entidad no se debe todav\u00eda al cambio de propiedad, que a\u00fan debe de materializarse. Tienen m\u00e1s la culpa los<b> 25 millones<\/b> que dej\u00f3 en caja la traum\u00e1tica (en lo sentimental, no en lo deportivo) <a href=\"https:\/\/as.com\/futbol\/primera\/oficial-joan-garcia-primer-fichaje-del-barcelona-n\/\" target=\"_self\" rel=\"nofollow noopener\" title=\"https:\/\/as.com\/futbol\/primera\/oficial-joan-garcia-primer-fichaje-del-barcelona-n\/\">marcha de Joan Garc\u00eda al Barcelona<\/a>. Ese dinero ha servido para que el Espanyol haya podido, al fin, hacer una plantilla con fondo de armario.<\/p>\n<p class=\"\">La entidad ha pagado <a href=\"https:\/\/as.com\/futbol\/primera\/oficial-roberto-fernandez-se-queda-en-un-espanyol-que-va-a-por-faena-n\/\" target=\"_self\" rel=\"nofollow noopener\" title=\"https:\/\/as.com\/futbol\/primera\/oficial-roberto-fernandez-se-queda-en-un-espanyol-que-va-a-por-faena-n\/\">6 millones para comprar el 50%<\/a> de los derechos de <b>Roberto Fern\u00e1ndez.<\/b> El de Puente Genil lleg\u00f3 cedido desde el Sporting de Braga en el mercado invernal de la pasada temporada y acab\u00f3 marcando 6 goles que fueron fundamentales para la permanencia. El Espanyol tambi\u00e9n <b>renov\u00f3 <\/b>al capit\u00e1n <b>Puado <\/b>(que cerr\u00f3 el curso pasado con 12 goles), y junto a <b>Dmitrovic <\/b>aterrizaron el ingl\u00e9s <b>Dolan <\/b>(Blackburn Rovers) una de las grandes sensaciones de lo que va de campeonato, <b>Salinas <\/b>(Elche), <b>Rubio <\/b>(Granada), <b>Kike Garc\u00eda<\/b> (Alav\u00e9s), <b>Pickel <\/b>(Cremonese), <b>Koleosho <\/b>(Burnley), <b>Riedel <\/b>(Darmstadt) y <b>Terrats <\/b>(Villarreal). De todo este desembarco ha hecho <a href=\"https:\/\/as.com\/futbol\/primera\/oficial-llega-terrats-un-chute-de-autoestima-para-el-espanyol-n\/\" target=\"_self\" rel=\"nofollow noopener\" title=\"https:\/\/as.com\/futbol\/primera\/oficial-llega-terrats-un-chute-de-autoestima-para-el-espanyol-n\/\">especial ilusi\u00f3n el fichaje de Ram\u00f3n Terrats<\/a>, un reconocido perico, de familia perica y socio desde que naci\u00f3 a pesar de que nunca hab\u00eda militado en el Espanyol. Adem\u00e1s, han regresado de cesi\u00f3n para quedarse en el primer equipo Javi Hern\u00e1ndez y Rub\u00e9n S\u00e1nchez.<\/p>\n<p><a href=\"https:\/\/as.com\/resultados\/ficha\/equipo\/espanyol\/8\/\" rel=\"nofollow noopener\" target=\"_blank\"><img decoding=\"async\" src=\"https:\/\/www.europesays.com\/es\/wp-content\/uploads\/2025\/09\/8.png\" alt=\"Un partido por el liderato\" height=\"80\" width=\"80\"  loading=\"lazy\" data-error-image=\"https:\/\/static.as.com\/dist\/resources\/images\/placeholder-team.png\"\/><\/a><\/p>\n<p class=\"\">La <b>expulsi\u00f3n de Pere Milla<\/b> ante el Mallorca por decirle a Hern\u00e1ndez Hern\u00e1ndez \u201ceres mal\u00edsimo\u201d <a href=\"https:\/\/as.com\/futbol\/primera\/pere-milla-sancionado-con-dos-partidos-n\/\" target=\"_self\" rel=\"nofollow noopener\" title=\"https:\/\/as.com\/futbol\/primera\/pere-milla-sancionado-con-dos-partidos-n\/\">deja a Manolo Gonz\u00e1lez sin su pichichi<\/a> en lo que va de curso (tres goles de los ocho del equipo). Es <b>Exp\u00f3sito <\/b>el que tiene m\u00e1s papeletas para cubrir su baja y acompa\u00f1ar a<b> Puado y Dolan<\/b>, con Roberto Fern\u00e1ndez en punta, todos siempre bien respaldados por un doble pivote, Urko y Pol Lozano, que se muestra s\u00f3lido. En este Espanyol ya no s\u00f3lo hay once titulares, y la prueba es que ahora se permite el lujo de tener <b>dinamita en el banquillo<\/b> en la figura de <b>Kike Garc\u00eda, <\/b>ese obrero incansable del gol que ser\u00eda titular\u00edsimo en un buen pu\u00f1ado de equipos de Primera.<\/p>\n<p>Xabi cambia al Real Madrid. <\/p>\n<p class=\"\">Si el Espanyol est\u00e1 en un momento dulce <b>el Madrid<\/b> lo est\u00e1 a\u00fan m\u00e1s, con <b>pleno de victorias<\/b> en lo que va de curso. Xabi ha terminado por cambiar en poco tiempo la cara al equipo, ahora con <b>m\u00e1s posesi\u00f3n<\/b> que en la era Ancelotti, tercero en la estad\u00edstica del campeonato con un 58%, aunque es un dato distorsionado por haber jugado 60 minutos con un hombre menos ante la Real. Antes de ese partido atesoraba un 65%, lo que le coloca muy <b>cerca <\/b>del <b>70% que est\u00e1 teniendo el Bar\u00e7a<\/b>. Con 22 robos es el Madrid, tambi\u00e9n, segundo en la estad\u00edstica de recuperaciones en el \u00faltimo tercio del campo. S\u00f3lo por detr\u00e1s del Betis y muy por delante del Bar\u00e7a, que con 16 es s\u00e9ptimo a pesar de que Flick ha convertido la <b>presi\u00f3n alta<\/b> en su gran se\u00f1a de identidad. A partir de ahora, <b>tambi\u00e9n lo es del Madrid de Xabi.<\/b> Una estad\u00edstica que, a buen seguro, tambi\u00e9n se ha visto afectada por los minutos jugados en inferioridad ante la Real. <\/p>\n<p class=\"\">Todos los focos est\u00e1n puestos en <b>Vinicius <\/b>y en la reacci\u00f3n que el p\u00fablico del Bernab\u00e9u pueda tener con \u00e9l. H\u00e9roe popular temporadas atr\u00e1s, basti\u00f3n del equipo en las dos \u00faltimas Champions ganadas, la <a href=\"https:\/\/as.com\/futbol\/primera\/el-10-es-un-gran-9-n\/\" target=\"_self\" rel=\"nofollow noopener\" title=\"https:\/\/as.com\/futbol\/primera\/el-10-es-un-gran-9-n\/\">llegada de Mbapp\u00e9<\/a> le ha relegado a un <b>papel secundario<\/b> al que todav\u00eda no termina de ajustarse. Y las <b>dos suplencias<\/b> con las que le ha azuzado Xabi no hacen sino echar m\u00e1s le\u00f1a al fuego a una situaci\u00f3n que se ha vuelto muy delicada con un jugador de tanta val\u00eda al que s\u00f3lo le queda un a\u00f1o y medio de contrato. Se espera su <b>titularidad<\/b>, como tambi\u00e9n la de <b>Asencio <\/b>para <b>suplir <\/b>la <b>baja de Huijsen<\/b>, al que ni Apelaci\u00f3n <a href=\"https:\/\/as.com\/futbol\/primera\/el-tad-deniega-la-cautelar-huijsen-no-jugara-ante-el-espanyol-n\/\" target=\"_self\" rel=\"nofollow noopener\" title=\"https:\/\/as.com\/futbol\/primera\/el-tad-deniega-la-cautelar-huijsen-no-jugara-ante-el-espanyol-n\/\">ni el TAD le han quitado la sanci\u00f3n<\/a> de un partido a pesar de que el Comit\u00e9 T\u00e9cnico de \u00c1rbitros admiti\u00f3 el error de Gil Manzano al expulsarle ante la Real.<\/p>\n<p>Noticias relacionadas<a href=\"https:\/\/as.com\/futbol\/primera\/xabi-alonso-ayer-no-era-el-momento-para-hablar-con-vinicius-n\/\" class=\"s_m_w\" title=\"\u201cHoy ya le he visto m\u00e1s positivo...\u201d, ampl\u00eda. Duro con la sanci\u00f3n a Huijsen: \u201cSi se acepta un error, deber\u00eda tener consecuencias\u201d. Y mantiene abierta la puerta del lateral para Valverde\" data-tb-link=\"\" rel=\"nofollow noopener\" target=\"_blank\"><img decoding=\"async\" src=\"https:\/\/www.europesays.com\/es\/wp-content\/uploads\/2025\/09\/KYRBVWCLPBBE3LAGTNDTAUL5GQ.JPG\" alt=\"Xabi Alonso: \u201cAyer no era el momento para hablar con Vinicius\u201d\" class=\"\" height=\"1\" width=\"1\"   loading=\"lazy\" data-tb-thumbnail=\"\"\/><\/a><a href=\"https:\/\/as.com\/futbol\/primera\/manolo-para-ganar-al-madrid-hay-que-hacer-un-partido-perfecto-n\/\" class=\"s_m_w\" title=\"El t\u00e9cnico destac\u00f3 el buen momento y la mentalidad ganadora del equipo, evitando las pol\u00e9micas arbitrales\" data-tb-link=\"\" rel=\"nofollow noopener\" target=\"_blank\"><img decoding=\"async\" src=\"https:\/\/www.europesays.com\/es\/wp-content\/uploads\/2025\/09\/WFZFN5ETOVO6NNF6RFN4UZCQHU.jpg\" alt=\"Manolo: \u201cPara ganar al Madrid hay que hacer un partido perfecto\u201d\" class=\"\" height=\"1\" width=\"1\"   loading=\"lazy\" data-tb-thumbnail=\"\"\/><\/a><\/p>\n<p class=\"\">En el Madrid todo parece funcionar pero est\u00e1 <a href=\"https:\/\/as.com\/futbol\/primera\/bellingham-lo-cambia-todo-n\/\" target=\"_self\" rel=\"nofollow noopener\" title=\"https:\/\/as.com\/futbol\/primera\/bellingham-lo-cambia-todo-n\/\">a la espera de la vuelta de Bellingham,<\/a> que tendr\u00e1 minutos (como <b>Camavinga<\/b>) en la segunda parte. In\u00e9dito esta temporada por estar convaleciente de la operaci\u00f3n de clav\u00edcula a la que se someti\u00f3 despu\u00e9s del<b> <\/b>Mundial de Clubes, el ingl\u00e9s ha <b>acortado un mes<\/b> los <b>plazos <\/b>de recuperaci\u00f3n y lucha por optar a la <b>titularidad <\/b>para el <b>derbi del d\u00eda 27.<\/b> S\u00f3lo tendr\u00e1 este partido y la siguiente jornada ante el Levante para coger ritmo. Su irrupci\u00f3n supone un cambio importante en el orden establecido hasta ahora por Xabi Alonso. Cuando est\u00e9 al cien por cien ser\u00e1 tan <b>indiscutible como Mbapp\u00e9<\/b> e inevitablemente saltar\u00e1n del once para los partidos de gran escaparate o <b>G\u00fcler o Mantantuono.<\/b> De momento, se espera a ambos, claro meritorios de este arranque, en el once titular de hoy en el que <b>Mbapp\u00e9<\/b>, con cuatro goles en cuatro jornadas, sigue a lo suyo, opositando para el Bal\u00f3n de Oro del pr\u00f3ximo a\u00f1o y para ser el <b>l\u00edder indiscutible<\/b> de este nuevo Real Madrid&#8230; m\u00e1s all\u00e1 de Vinicius.<\/p>\n<p class=\"\"><b>\u00a1Tus opiniones importan!<\/b>Comenta en los art\u00edculos y suscr\u00edbete gratis a nuestra<a href=\"https:\/\/asfan.as.com\/newsletters\/\" rel=\"nofollow noopener\" title=\"https:\/\/asfan.as.com\/newsletters\/\" target=\"_blank\">newsletter<\/a>y a las alertas informativas en la<a href=\"https:\/\/as.com\/aplicacion-de-as-n\/\" rel=\"nofollow noopener\" title=\"https:\/\/as.com\/aplicacion-de-as-n\/\" target=\"_blank\">App<\/a>o el canal de<a href=\"https:\/\/www.whatsapp.com\/channel\/0029VaAasdA7j6g745nz9M10\" rel=\"nofollow noopener\" title=\"https:\/\/www.whatsapp.com\/channel\/0029VaAasdA7j6g745nz9M10\" target=\"_blank\">WhatsApp<\/a>. \u00bfBuscas licenciar contenido? Haz clic<a href=\"https:\/\/profesional.elpais.com\/soluciones-sindicacion?utm_medium=interno&amp;utm_source=crosslinking&amp;utm_campaign=sindicacion_as_pie_articulos\" rel=\"nofollow noopener\" title=\"https:\/\/profesional.elpais.com\/soluciones-sindicacion?utm_medium=interno&amp;utm_source=crosslinking&amp;utm_campaign=sindicacion_as_pie_articulos\" target=\"_blank\">aqu\u00ed<\/a><\/p>\n<p>                    L\u00edderes<\/p>\n<p>                            Faltas cometidas<\/p>\n<p>                                                                            <img decoding=\"async\" title=\"Dean Huijsen\" loading=\"lazy\" src=\"https:\/\/www.europesays.com\/es\/wp-content\/uploads\/2025\/09\/1758355332_893_default.png\" width=\"60\" height=\"60\" data-error-image=\"https:\/\/www.europesays.com\/es\/wp-content\/uploads\/2025\/09\/1758355332_893_default.png\"\/><\/p>\n<p>                                                Dean Huijsen<\/p>\n<p>                                                                                            6<\/p>\n<p>                            Tarjetas rojas<\/p>\n<p>                                                                            <img decoding=\"async\" title=\"Dean Huijsen\" loading=\"lazy\" src=\"https:\/\/www.europesays.com\/es\/wp-content\/uploads\/2025\/09\/1758355332_893_default.png\" width=\"60\" height=\"60\" data-error-image=\"https:\/\/www.europesays.com\/es\/wp-content\/uploads\/2025\/09\/1758355332_893_default.png\"\/><\/p>\n<p>                                                Dean Huijsen<\/p>\n<p>                                                                                            1<\/p>\n<p>                            Recuperaciones de posesi\u00f3n<\/p>\n<p>                            Pases por partido<\/p>\n<p>                                                                            <img decoding=\"async\" title=\"Dean Huijsen\" loading=\"lazy\" src=\"https:\/\/www.europesays.com\/es\/wp-content\/uploads\/2025\/09\/1758355332_893_default.png\" width=\"60\" height=\"60\" data-error-image=\"https:\/\/www.europesays.com\/es\/wp-content\/uploads\/2025\/09\/1758355332_893_default.png\"\/><\/p>\n<p>                                                Dean Huijsen<\/p>\n<p>                                                                                            72.0<\/p>\n","protected":false},"excerpt":{"rendered":"El Espanyol intenta el asalto al Bernab\u00e9u en su \u2018prime\u2019. El arranque de Liga sit\u00faa al club perico&hellip;\n","protected":false},"author":2,"featured_media":126963,"comment_status":"","ping_status":"","sticky":false,"template":"","format":"standard","meta":{"footnotes":""},"categories":[268],"tags":[168,25,24,280,282,281,23,167],"class_list":{"0":"post-126962","1":"post","2":"type-post","3":"status-publish","4":"format-standard","5":"has-post-thumbnail","7":"category-futbol","8":"tag-deportes","9":"tag-es","10":"tag-espana","11":"tag-football","12":"tag-futbol","13":"tag-soccer","14":"tag-spain","15":"tag-sports"},"share_on_mastodon":{"url":"","error":""},"_links":{"self":[{"href":"https:\/\/www.europesays.com\/es\/wp-json\/wp\/v2\/posts\/126962","targetHints":{"allow":["GET"]}}],"collection":[{"href":"https:\/\/www.europesays.com\/es\/wp-json\/wp\/v2\/posts"}],"about":[{"href":"https:\/\/www.europesays.com\/es\/wp-json\/wp\/v2\/types\/post"}],"author":[{"embeddable":true,"href":"https:\/\/www.europesays.com\/es\/wp-json\/wp\/v2\/users\/2"}],"replies":[{"embeddable":true,"href":"https:\/\/www.europesays.com\/es\/wp-json\/wp\/v2\/comments?post=126962"}],"version-history":[{"count":0,"href":"https:\/\/www.europesays.com\/es\/wp-json\/wp\/v2\/posts\/126962\/revisions"}],"wp:featuredmedia":[{"embeddable":true,"href":"https:\/\/www.europesays.com\/es\/wp-json\/wp\/v2\/media\/126963"}],"wp:attachment":[{"href":"https:\/\/www.europesays.com\/es\/wp-json\/wp\/v2\/media?parent=126962"}],"wp:term":[{"taxonomy":"category","embeddable":true,"href":"https:\/\/www.europesays.com\/es\/wp-json\/wp\/v2\/categories?post=126962"},{"taxonomy":"post_tag","embeddable":true,"href":"https:\/\/www.europesays.com\/es\/wp-json\/wp\/v2\/tags?post=126962"}],"curies":[{"name":"wp","href":"https:\/\/api.w.org\/{rel}","templated":true}]}}