{"id":126964,"date":"2025-09-20T08:03:09","date_gmt":"2025-09-20T08:03:09","guid":{"rendered":"https:\/\/www.europesays.com\/es\/126964\/"},"modified":"2025-09-20T08:03:09","modified_gmt":"2025-09-20T08:03:09","slug":"ana-maria-aldon-reaparece-renovada-y-revela-como-es-su-relacion-actual-con-jose-ortega-cano","status":"publish","type":"post","link":"https:\/\/www.europesays.com\/es\/126964\/","title":{"rendered":"Ana Mar\u00eda Ald\u00f3n, reaparece renovada y revela c\u00f3mo es su relaci\u00f3n actual con Jos\u00e9 Ortega Cano"},"content":{"rendered":"<p data-journey-content=\"true\" data-node-id=\"3\" class=\"css-6wxqfj emevuu60\"><a href=\"https:\/\/diezminutos.es\/ana-maria-aldon\" target=\"_blank\" data-vars-ga-outbound-link=\"https:\/\/diezminutos.es\/ana-maria-aldon\" data-vars-ga-ux-element=\"Hyperlink\" data-vars-ga-call-to-action=\"Ana Mar\u00eda Ald\u00f3n\" data-node-id=\"3.0\" class=\"body-link css-177bzfx emevuu60\" rel=\"nofollow noopener\">Ana Mar\u00eda Ald\u00f3n<\/a> ha reaparecido en el plat\u00f3 de &#8216;De Viernes&#8217;. Tras varias entrevistas en v\u00eddeo, <strong data-node-id=\"3.2\">la ex de Jos\u00e9 Ortega Cano ha aparecido en directo <\/strong>para hablar, despu\u00e9s de un duro varapalo familiar, el <a href=\"https:\/\/www.diezminutos.es\/famosos-corazon\/famosos-espanoles\/a66003669\/madre-michu-opina-testamento-ana-maria-aldon-fiesta\/\" target=\"_blank\" data-vars-ga-outbound-link=\"https:\/\/www.diezminutos.es\/famosos-corazon\/famosos-espanoles\/a66003669\/madre-michu-opina-testamento-ana-maria-aldon-fiesta\/\" data-vars-ga-ux-element=\"Hyperlink\" data-vars-ga-call-to-action=\"testamento de Michu\" data-node-id=\"3.4\" class=\"body-link css-177bzfx emevuu60\" rel=\"nofollow noopener\">testamento de Michu<\/a> y la <a href=\"https:\/\/www.diezminutos.es\/famosos-corazon\/famosos-espanoles\/a37325912\/ortega-cano-compra-casa-hijo-jose-fernando-michu\/\" target=\"_blank\" data-vars-ga-outbound-link=\"https:\/\/www.diezminutos.es\/famosos-corazon\/famosos-espanoles\/a37325912\/ortega-cano-compra-casa-hijo-jose-fernando-michu\/\" data-vars-ga-ux-element=\"Hyperlink\" data-vars-ga-call-to-action=\"patria potestad de su hija,\" data-node-id=\"3.6\" class=\"body-link css-177bzfx emevuu60\" rel=\"nofollow noopener\">patria potestad de su hija,<\/a> fruto de su relaci\u00f3n con Jos\u00e9 Fernando. <\/p>\n<p data-journey-content=\"true\" data-node-id=\"6\" class=\"css-6wxqfj emevuu60\">Nada m\u00e1s entrar en el plat\u00f3, Ana Mar\u00eda se mostraba con una luz diferente y un car\u00e1cter muy calmado, algo que ya llamaba la atenci\u00f3n a los entrevistadores, Santi Acosta y Bea Archidona, que le preguntaban c\u00f3mo se encontraba. <strong data-node-id=\"6.1\">\u00abEst\u00e1 siendo un a\u00f1o complicado\u00bb, confesaba<\/strong> la dise\u00f1adora quien ha revelado que \u00abme he tomado un tiempo este verano para retomar fuerzas y encauzar mi vida de otra forma\u00bb. <\/p>\n<p><img draggable=\"true\" alt=\"ana maria aldon de viernes\" title=\"ana maria aldon de viernes\" loading=\"lazy\" width=\"2808\" height=\"1580\" decoding=\"async\" data-nimg=\"1\" style=\"color:transparent;width:100%;height:auto;\"   src=\"https:\/\/www.europesays.com\/es\/wp-content\/uploads\/2025\/09\/ana-aldon-68cdeabf79e14.jpg\" class=\"css-0 e1g79fud0\"\/><\/p>\n<p>Telecinco<\/p>\n<p data-journey-content=\"true\" data-node-id=\"9\" class=\"css-6wxqfj emevuu60\">Despu\u00e9s de este tiempo que ella se ha dado en el verano, <strong data-node-id=\"9.1\">Ana Mar\u00eda volv\u00eda con una luz y una actitud totalmente nueva.<\/strong> Por eso, no era de extra\u00f1ar que cuando era preguntada por <a href=\"https:\/\/www.diezminutos.es\/famosos-corazon\/famosos-espanoles\/a41742844\/ana-maria-aldon-jose-ortega-cano-divorcio\/\" target=\"_blank\" data-vars-ga-outbound-link=\"https:\/\/www.diezminutos.es\/famosos-corazon\/famosos-espanoles\/a41742844\/ana-maria-aldon-jose-ortega-cano-divorcio\/\" data-vars-ga-ux-element=\"Hyperlink\" data-vars-ga-call-to-action=\"Jos\u00e9 Ortega Cano, casi tres a\u00f1os despu\u00e9s del divorcio, \" data-node-id=\"9.3\" class=\"body-link css-177bzfx emevuu60\" rel=\"nofollow noopener\">Jos\u00e9 Ortega Cano, casi tres a\u00f1os despu\u00e9s del divorcio, <\/a>todo eran alabanzas. No solo aseguraba que <a href=\"https:\/\/www.diezminutos.es\/famosos-corazon\/famosos-espanoles\/a65620987\/gloria-camila-ortega-jose-fernando-reencuentro-vacaciones-rocio-hija-michu-rodriguez\/\" target=\"_blank\" data-vars-ga-outbound-link=\"https:\/\/www.diezminutos.es\/famosos-corazon\/famosos-espanoles\/a65620987\/gloria-camila-ortega-jose-fernando-reencuentro-vacaciones-rocio-hija-michu-rodriguez\/\" data-vars-ga-ux-element=\"Hyperlink\" data-vars-ga-call-to-action=\"iba a ser un gran abuelo para la hija de Michu\" data-node-id=\"9.5\" class=\"body-link css-177bzfx emevuu60\" rel=\"nofollow noopener\">iba a ser un gran abuelo para la hija de Michu<\/a>, sino que su relaci\u00f3n estaba a la perfecci\u00f3n: \u00ablo estamos llevando bien y no nos est\u00e1 costando ning\u00fan esfuerzo\u00bb.<\/p>\n<p data-journey-content=\"true\" data-node-id=\"13\" class=\"css-6wxqfj emevuu60\">Esta actitud sorprend\u00eda a los colaboradores, sobre todo a Antonio Rosi y Lydia Lozano, quienes no se cre\u00edan que, <a href=\"https:\/\/www.diezminutos.es\/famosos-corazon\/famosos-espanoles\/a41600468\/ana-maria-aldon-desmiente-jose-ortega-cano\/\" target=\"_blank\" data-vars-ga-outbound-link=\"https:\/\/www.diezminutos.es\/famosos-corazon\/famosos-espanoles\/a41600468\/ana-maria-aldon-desmiente-jose-ortega-cano\/\" data-vars-ga-ux-element=\"Hyperlink\" data-vars-ga-call-to-action=\"despu\u00e9s de los reproches y la guerra medi\u00e1tica\" data-node-id=\"13.1\" class=\"body-link css-177bzfx emevuu60\" rel=\"nofollow noopener\">despu\u00e9s de los reproches y la guerra medi\u00e1tica<\/a>, estuviera tan &#8216;zen&#8217; en su planteamiento. Y es que, todo surg\u00eda a ra\u00edz <strong data-node-id=\"13.3\">de las duras despedidas que ha vivido este a\u00f1o. <\/strong>\u00abHe visto las orejas al lobo, y que todos nos vamos. No hay que esperar a que una persona fallezca para darte cuenta de que no merec\u00eda la pena\u00bb, sentenciaba. \u00abSigo mi vida y no arrastro mochilas del pasado. Eso pesa y la persona m\u00e1s beneficiada soy yo. Lo que pas\u00f3, pas\u00f3\u00bb, ha a\u00f1adido.<\/p>\n<p><img src=\"https:\/\/www.europesays.com\/es\/wp-content\/uploads\/2025\/09\/1758355389_277_323095e3-d675-4360-ad79-c3a735f161a1_1681830139.file\" alt=\"Headshot of Aroa D\u00edaz\" title=\"Headshot of Aroa D\u00edaz\" width=\"100%\" height=\"100%\" decoding=\"async\" loading=\"lazy\" class=\"css-o0wq4v ev8dhu53\"\/><\/p>\n<p>Aroa D\u00edaz es experta en realities, televisi\u00f3n y actualidad en general. No hay momento del d\u00eda en el que no tenga encendida la televisi\u00f3n conociendo los \u00faltimos desvelos de los famosos, disfrutando de los realities como Supervivientes o de los concursos m\u00e1s rocambolescos. Las \u00faltimas novedades de los famosos del coraz\u00f3n son su perdici\u00f3n y la actualidad de las Casas Reales, su gran pasi\u00f3n. \u00a0\u00a0<\/p>\n<p>En sus ratos libres disfruta de las pel\u00edculas y series de moda, y bucea por los cat\u00e1logos de las plataformas de podcast buscando nuevas entrevistas y charlas de famosos.<\/p>\n<p>Adem\u00e1s, no ha parado de formarse en todos los aspectos convirti\u00e9ndose en una periodista 360: locuci\u00f3n, doblaje, grabaci\u00f3n de v\u00eddeo, periodismo m\u00f3vil, producci\u00f3n de podcast y SEO. Actualmente est\u00e1 form\u00e1ndose en el M\u00e1ster universitario de Periodismo y Comunicaci\u00f3n Digital: Datos y Nuevas Narrativas de la UOC.<\/p>\n<p>Graduada en periodismo por la Universidad Rey Juan Carlos, no ha parado de trabajar desde que obtuvo su t\u00edtulo all\u00e1 por el 2013. Despu\u00e9s de un breve impass en Palma de Mallorca, volvi\u00f3 a Legan\u00e9s donde arranc\u00f3 su experiencia con Legan\u00e9s Activo. En este tiempo he pasado por las redacciones de varios medios recayendo finalmente en Hearst Espa\u00f1a (Telenovela, Qu\u00e9 me dices y Diez Minutos). Tambi\u00e9n tiene experiencia en diferentes radios. \u00a0<\/p>\n","protected":false},"excerpt":{"rendered":"Ana Mar\u00eda Ald\u00f3n ha reaparecido en el plat\u00f3 de &#8216;De Viernes&#8217;. Tras varias entrevistas en v\u00eddeo, la ex&hellip;\n","protected":false},"author":2,"featured_media":126965,"comment_status":"","ping_status":"","sticky":false,"template":"","format":"standard","meta":{"footnotes":""},"categories":[174],"tags":[255,253,146,147,25,24,256,23],"class_list":{"0":"post-126964","1":"post","2":"type-post","3":"status-publish","4":"format-standard","5":"has-post-thumbnail","7":"category-famosos","8":"tag-celebrities","9":"tag-discover","10":"tag-entertainment","11":"tag-entretenimiento","12":"tag-es","13":"tag-espana","14":"tag-famosos","15":"tag-spain"},"share_on_mastodon":{"url":"","error":""},"_links":{"self":[{"href":"https:\/\/www.europesays.com\/es\/wp-json\/wp\/v2\/posts\/126964","targetHints":{"allow":["GET"]}}],"collection":[{"href":"https:\/\/www.europesays.com\/es\/wp-json\/wp\/v2\/posts"}],"about":[{"href":"https:\/\/www.europesays.com\/es\/wp-json\/wp\/v2\/types\/post"}],"author":[{"embeddable":true,"href":"https:\/\/www.europesays.com\/es\/wp-json\/wp\/v2\/users\/2"}],"replies":[{"embeddable":true,"href":"https:\/\/www.europesays.com\/es\/wp-json\/wp\/v2\/comments?post=126964"}],"version-history":[{"count":0,"href":"https:\/\/www.europesays.com\/es\/wp-json\/wp\/v2\/posts\/126964\/revisions"}],"wp:featuredmedia":[{"embeddable":true,"href":"https:\/\/www.europesays.com\/es\/wp-json\/wp\/v2\/media\/126965"}],"wp:attachment":[{"href":"https:\/\/www.europesays.com\/es\/wp-json\/wp\/v2\/media?parent=126964"}],"wp:term":[{"taxonomy":"category","embeddable":true,"href":"https:\/\/www.europesays.com\/es\/wp-json\/wp\/v2\/categories?post=126964"},{"taxonomy":"post_tag","embeddable":true,"href":"https:\/\/www.europesays.com\/es\/wp-json\/wp\/v2\/tags?post=126964"}],"curies":[{"name":"wp","href":"https:\/\/api.w.org\/{rel}","templated":true}]}}