{"id":126968,"date":"2025-09-20T08:05:10","date_gmt":"2025-09-20T08:05:10","guid":{"rendered":"https:\/\/www.europesays.com\/es\/126968\/"},"modified":"2025-09-20T08:05:10","modified_gmt":"2025-09-20T08:05:10","slug":"me-ha-encantado-que-cosa-mas-preciosa","status":"publish","type":"post","link":"https:\/\/www.europesays.com\/es\/126968\/","title":{"rendered":"Me ha encantado, qu\u00e9 cosa m\u00e1s preciosa"},"content":{"rendered":"<p data-journey-content=\"true\" data-node-id=\"3\" class=\"css-6wxqfj emevuu60\">Dicen que los periodistas acostumbran a leer r\u00e1pido y a devorar un texto como caf\u00e9 de m\u00e1quina en mitad de madrugada. <strong data-node-id=\"3.1\">Aimar Bretos, con una de las voces m\u00e1s reconocibles de la radio espa\u00f1ola,<\/strong> se ha pasado media vida leyendo casi por obligaci\u00f3n y otra media por placer. Confirma su gusto refinado que haya detenido la maquinaria diaria para recomendar un libro. Y no uno cualquiera: <strong data-node-id=\"3.3\">una novela espa\u00f1ola reci\u00e9n publicada en 2025 que \u00e9l define como \u00abuna cosa preciosa\u00bb. <\/strong>En un mercado editorial en el que se lanzan m\u00e1s de 90.000 t\u00edtulos al a\u00f1o en Espa\u00f1a, detenerse ante uno tiene un peso espec\u00edfico. <\/p>\n<p data-journey-content=\"true\" data-node-id=\"6\" class=\"css-6wxqfj emevuu60\"><strong data-node-id=\"6.0\">\u00abMe ha encantado, me ha revuelto, me ha arrastrado por el suelo, me ha vuelto a levantar\u00bb,<\/strong> dice el periodista de Cadena SER. Est\u00e1 de acuerdo con Luis Landero, quien tambi\u00e9n ha dedicado unas palabras a su autora: <strong data-node-id=\"6.2\">\u00abS<\/strong><strong data-node-id=\"6.3\">u delicada maestr\u00eda para captar nuestros m\u00e1s \u00edntimos sentimientos y analizarlos <\/strong>hasta sus m\u00e1s secretos matices hacen de sus novelas una lectura apasionante\u00bb. Las siempre importantes palabras de Rosa Montero tambi\u00e9n resuenan sobre este libro: \u00ab<strong data-node-id=\"6.5\">Una novela sobre el amor y sus zozobras<\/strong>; amor a la madre, a la amada, a esta vida tan hermosa y tan terrible\u00bb. Empezamos fuerte. <\/p>\n<p data-journey-content=\"true\" data-node-id=\"8\" class=\"css-6wxqfj emevuu60\"><strong data-node-id=\"8.0\">&#8216;<a href=\"https:\/\/www.amazon.es\/dp\/8423367150?linkCode=ogi&amp;tag=esquirespain-21&amp;ascsubtag=%5Bartid%7C2119.a.66064057%5Bsrc%7C%5Bch%7C%5Blt%7C%5Bpid%7C36f6b6c4-e465-448f-a088-53f6a56b6a17%5Baxid%7Cd9a31181-5960-4fe1-934c-656569847bbb\" target=\"_blank\" rel=\"nofollow noopener\" data-vars-ga-outbound-link=\"https:\/\/www.amazon.es\/dp\/8423367150?linkCode=ogi&amp;tag=esquirespain-21&amp;ascsubtag=%5Bartid%7C2119.a.66064057%5Bsrc%7C%5Bch%7C%5Blt%7C%5Bpid%7C36f6b6c4-e465-448f-a088-53f6a56b6a17%5Baxid%7Cd9a31181-5960-4fe1-934c-656569847bbb\" data-vars-ga-ux-element=\"Hyperlink\" data-vars-ga-call-to-action=\"Otra versi\u00f3n de ti\" data-vars-ga-product-id=\"c8fcc9c7-3f7d-408b-a0c8-27115e29859c\" data-node-id=\"8.0.1\" data-href=\"https:\/\/www.amazon.es\/dp\/8423367150?linkCode=ogi&amp;tag=esquirespain-21&amp;ascsubtag=%5Bartid%7C2119.a.66064057%5Bsrc%7C%5Bch%7C%5Blt%7C%5Bpid%7C36f6b6c4-e465-448f-a088-53f6a56b6a17%5Baxid%7Cd9a31181-5960-4fe1-934c-656569847bbb\" data-product-url=\"https:\/\/www.amazon.es\/dp\/8423367150?linkCode=ogi&amp;tag=esquirespain-21&amp;ascsubtag=%5Bartid%7C2119.a.66064057%5Bsrc%7C%5Bch%7C%5Blt%7C%5Bpid%7C36f6b6c4-e465-448f-a088-53f6a56b6a17%5Baxid%7Cd9a31181-5960-4fe1-934c-656569847bbb\" data-affiliate=\"true\" data-affiliate-url=\"https:\/\/www.amazon.es\/dp\/8423367150?linkCode=ogi&amp;tag=esquirespain-21&amp;ascsubtag=%5Bartid%7C2119.a.66064057%5Bsrc%7C%5Bch%7C%5Blt%7C%5Bpid%7C36f6b6c4-e465-448f-a088-53f6a56b6a17%5Baxid%7Cd9a31181-5960-4fe1-934c-656569847bbb\" data-affiliate-network=\"{&quot;site_id&quot;:&quot;92d07c0b-730d-4727-bddc-68f85354bda9&quot;,&quot;metadata&quot;:{&quot;links&quot;:{&quot;default&quot;:&quot;https:\/\/www.amazon.es\/dp\/8423367150?linkCode=ogi&amp;tag=esquirespain-21&amp;ascsubtag=%5Bartid%7C2119.a.66064057%5Bsrc%7C%5Bch%7C%5Blt%7C%5Bpid%7C36f6b6c4-e465-448f-a088-53f6a56b6a17%5Baxid%7Cd9a31181-5960-4fe1-934c-656569847bbb&quot;}},&quot;network&quot;:{&quot;name&quot;:&quot;Amazon&quot;},&quot;product_metadata&quot;:null,&quot;afflink_redirect&quot;:&quot;\/_p\/afflink\/y1dd\/amazon-s-dp-8423367150&quot;}\" data-vars-ga-product-price=\"0,00\u00a0$\" data-vars-ga-product-retailer-id=\"23430c2e-68fd-4ee3-9bd1-ba5639947825\" data-vars-ga-link-treatment=\"(not set) | (not set)\" class=\"body-link product-links css-1kzkd1m e1aq0z090\" data->Otra versi\u00f3n de ti<\/a>&#8216;, de In\u00e9s Mart\u00edn Rodrigo<\/strong>, parte de un amor. Andrea y Candela, pareja desde hace tiempo, han aprendido a convivir con la p\u00e9rdida. Candela, escritora, carga desde ni\u00f1a con la temprana muerte de su madre. Dos d\u00e9cadas despu\u00e9s, en pleno \u00e9xito profesional, la herida se reabre. De ah\u00ed nace su obsesi\u00f3n: <strong data-node-id=\"8.2\">escribir un libro con el que reconstruye la memoria de madre ausente<\/strong>. Lo har\u00e1 a trav\u00e9s de documentos, fotograf\u00edas, testimonios de familiares, entrevistas con expertos en neurolog\u00eda y psicolog\u00eda. De pronto, desaparece. Ser\u00e1 una c\u00f3mplice Andrea quien tomar\u00e1 el relevo para recomponer historias. <\/p>\n<p>Destino &#8216;Otra versi\u00f3n de ti&#8217;, de In\u00e9s Mart\u00edn Rodrigo <\/p>\n<p><a target=\"_blank\" rel=\"nofollow noopener\" data-theme-key=\"product-image-wrapper\" href=\"https:\/\/www.amazon.es\/dp\/8423367150?tag=esquirespain-21\" aria-label=\"21\u00a0\u20ac en Amazon for &#039;Otra versi\u00f3n de ti&#039;, de In\u00e9s Mart\u00edn Rodrigo \" data-href=\"https:\/\/www.amazon.es\/dp\/8423367150\" data-product-url=\"https:\/\/www.amazon.es\/dp\/8423367150\" data-affiliate=\"true\" data-affiliate-url=\"https:\/\/www.amazon.es\/dp\/8423367150?tag=esquirespain-21\" data-affiliate-network=\"{&quot;afflink_redirect&quot;:&quot;\/_p\/afflink\/xto6\/amazon-otra-version-de-ti-ancora&quot;,&quot;site_id&quot;:&quot;92d07c0b-730d-4727-bddc-68f85354bda9&quot;,&quot;network&quot;:{&quot;name&quot;:&quot;Amazon&quot;},&quot;metadata&quot;:{&quot;links&quot;:{&quot;default&quot;:&quot;https:\/\/www.amazon.es\/dp\/8423367150?tag=esquirespain-21&quot;}}}\" data-vars-ga-call-to-action=\"21\u00a0\u20ac en Amazon\" data-vars-ga-media-role=\"\" data-vars-ga-media-type=\"Single Product Embed\" data-vars-ga-outbound-link=\"https:\/\/www.amazon.es\/dp\/8423367150\" data-vars-ga-product-brand=\"Destino\" data-vars-ga-product-id=\"36f6b6c4-e465-448f-a088-53f6a56b6a17\" data-vars-ga-product-price=\"20,80\u00a0\u20ac\" data-vars-ga-product-retailer-id=\"5375d8c0-dcdf-44d7-abd0-6ed3161118e2\" data-vars-ga-product-sem3-brand=\"Ediciones Destino\" data-vars-ga-product-sem3-category=\"Ficci\u00f3n contempor\u00e1nea\" data-vars-ga-link-treatment=\"(not set) | (not set)\" data-vars-ga-sku=\"8423367150\" data-vars-ga-magento-tracking=\"1\" class=\"product-image-link ebgq4gw2 e1b8bpvs0 css-g6od0w e1c1bym14\"><img  alt=\"'Otra versi\u00f3n de ti', de In\u00e9s Mart\u00edn Rodrigo \" title=\"'Otra versi\u00f3n de ti', de In\u00e9s Mart\u00edn Rodrigo \" src=\"https:\/\/www.europesays.com\/es\/wp-content\/uploads\/2025\/09\/1756981593-51JrjrnHKL.jpg\" width=\"585\" height=\"1000\" decoding=\"async\" loading=\"lazy\"\/><\/a>Features at a Glance<\/p>\n<tr data-theme-key=\"embedded-product-key-specs-line\" class=\"css-0 elexcwx2\">Editorial<\/p>\n<td data-theme-key=\"embedded-product-key-specs-value-item\" class=\"css-1flax12 elexcwx1\">Ediciones Destino<\/td>\n<\/tr>\n<tr data-theme-key=\"embedded-product-key-specs-line\" class=\"css-0 elexcwx2\">N\u00famero de p\u00e1ginas<\/p>\n<td data-theme-key=\"embedded-product-key-specs-value-item\" class=\"css-1flax12 elexcwx1\">368<\/td>\n<\/tr>\n<tr data-theme-key=\"embedded-product-key-specs-line\" class=\"css-0 elexcwx2\">A\u00f1o de edici\u00f3n<\/p>\n<td data-theme-key=\"embedded-product-key-specs-value-item\" class=\"css-1flax12 elexcwx1\">2025<\/td>\n<\/tr>\n<p data-journey-content=\"true\" data-node-id=\"13\" class=\"css-6wxqfj emevuu60\">Algo que deslumbra a todo lector de &#8216;Otra versi\u00f3n de ti&#8217; es <strong data-node-id=\"13.1\">el retrato de lo \u00edntimo de lo universal. <\/strong>El dolor de una hija por su madre fallecida aparece como un espejo donde cualquiera puede reconocerse. Todos hemos perdido algo, a alguien, hemos sentido el v\u00e9rtigo de olvidar. <strong data-node-id=\"13.3\">Es literatura sobre memoria y sobre el amor en todas sus formas. <\/strong>Un alegato, como dice la propia editorial, \u00abdel amor al amor\u00bb.<\/p>\n<p data-journey-content=\"true\" data-node-id=\"15\" class=\"css-6wxqfj emevuu60\">La autora ya se hab\u00eda ganado un lugar con &#8216;<a href=\"https:\/\/www.amazon.es\/Las-formas-del-querer-Premio\/dp\/8423362809\/ref=tmm_mmp_swatch_0?_encoding=UTF8&amp;dib_tag=se&amp;dib=eyJ2IjoiMSJ9.ZqksRAGjgLyOxDj8ghxUWQ_vRxDfoatfzWb-0b-GD5M4ariQp9Xy8Jq0-HwB-QlReE1uCczvcH7qdCNJC2WJix80lK9X6aBykrYrEfB2st4.sjZUpf7jb10suvAXeuG_IdtNvF12Y-sPoG7TrjBr6OI&amp;qid=1758184444&amp;sr=1-1&amp;tag=esquirespain-21\" target=\"_blank\" rel=\"nofollow noopener\" data-vars-ga-outbound-link=\"https:\/\/www.amazon.es\/Las-formas-del-querer-Premio\/dp\/8423362809\/ref=tmm_mmp_swatch_0?_encoding=UTF8&amp;dib_tag=se&amp;dib=eyJ2IjoiMSJ9.ZqksRAGjgLyOxDj8ghxUWQ_vRxDfoatfzWb-0b-GD5M4ariQp9Xy8Jq0-HwB-QlReE1uCczvcH7qdCNJC2WJix80lK9X6aBykrYrEfB2st4.sjZUpf7jb10suvAXeuG_IdtNvF12Y-sPoG7TrjBr6OI&amp;qid=1758184444&amp;sr=1-1\" data-vars-ga-ux-element=\"Hyperlink\" data-vars-ga-call-to-action=\"Las formas del querer\" data-vars-ga-product-id=\"ad39be27-bd24-40ce-bbf8-ffa83372714d\" data-node-id=\"15.1\" data-href=\"https:\/\/www.amazon.es\/Las-formas-del-querer-Premio\/dp\/8423362809\/ref=tmm_mmp_swatch_0?_encoding=UTF8&amp;dib_tag=se&amp;dib=eyJ2IjoiMSJ9.ZqksRAGjgLyOxDj8ghxUWQ_vRxDfoatfzWb-0b-GD5M4ariQp9Xy8Jq0-HwB-QlReE1uCczvcH7qdCNJC2WJix80lK9X6aBykrYrEfB2st4.sjZUpf7jb10suvAXeuG_IdtNvF12Y-sPoG7TrjBr6OI&amp;qid=1758184444&amp;sr=1-1\" data-product-url=\"https:\/\/www.amazon.es\/Las-formas-del-querer-Premio\/dp\/8423362809\/ref=tmm_mmp_swatch_0?_encoding=UTF8&amp;dib_tag=se&amp;dib=eyJ2IjoiMSJ9.ZqksRAGjgLyOxDj8ghxUWQ_vRxDfoatfzWb-0b-GD5M4ariQp9Xy8Jq0-HwB-QlReE1uCczvcH7qdCNJC2WJix80lK9X6aBykrYrEfB2st4.sjZUpf7jb10suvAXeuG_IdtNvF12Y-sPoG7TrjBr6OI&amp;qid=1758184444&amp;sr=1-1\" data-affiliate=\"true\" data-affiliate-url=\"https:\/\/www.amazon.es\/Las-formas-del-querer-Premio\/dp\/8423362809\/ref=tmm_mmp_swatch_0?_encoding=UTF8&amp;dib_tag=se&amp;dib=eyJ2IjoiMSJ9.ZqksRAGjgLyOxDj8ghxUWQ_vRxDfoatfzWb-0b-GD5M4ariQp9Xy8Jq0-HwB-QlReE1uCczvcH7qdCNJC2WJix80lK9X6aBykrYrEfB2st4.sjZUpf7jb10suvAXeuG_IdtNvF12Y-sPoG7TrjBr6OI&amp;qid=1758184444&amp;sr=1-1&amp;tag=esquirespain-21\" data-affiliate-network=\"{&quot;site_id&quot;:&quot;92d07c0b-730d-4727-bddc-68f85354bda9&quot;,&quot;metadata&quot;:{&quot;links&quot;:{&quot;default&quot;:&quot;https:\/\/www.amazon.es\/Las-formas-del-querer-Premio\/dp\/8423362809\/ref=tmm_mmp_swatch_0?_encoding=UTF8&amp;dib_tag=se&amp;dib=eyJ2IjoiMSJ9.ZqksRAGjgLyOxDj8ghxUWQ_vRxDfoatfzWb-0b-GD5M4ariQp9Xy8Jq0-HwB-QlReE1uCczvcH7qdCNJC2WJix80lK9X6aBykrYrEfB2st4.sjZUpf7jb10suvAXeuG_IdtNvF12Y-sPoG7TrjBr6OI&amp;qid=1758184444&amp;sr=1-1&amp;tag=esquirespain-21&quot;}},&quot;network&quot;:{&quot;name&quot;:&quot;Amazon&quot;},&quot;product_metadata&quot;:null,&quot;afflink_redirect&quot;:&quot;\/_p\/afflink\/y1df\/amazon-s-las-formas-del-querer-premio-dp-8423362809-ref-tmm-mmp-swatch-0&quot;}\" data-vars-ga-product-price=\"0,00\u00a0$\" data-vars-ga-product-retailer-id=\"c3b50b1b-b9d9-423d-8beb-7686055ffbd4\" data-vars-ga-link-treatment=\"(not set) | (not set)\" class=\"body-link product-links css-1kzkd1m e1aq0z090\">Las formas del querer<\/a>&#8216; (Premio Nadal 2022). Vendi\u00f3 m\u00e1s de 30.000 ejemplares en su primer a\u00f1o. Con este nuevo t\u00edtulo las expectativas son altas y el respaldo de los lectores ha confirmado que estamos ante una de las novelas espa\u00f1olas que marcar\u00e1n 2025. <\/p>\n<p><img draggable=\"true\" alt=\"europa press interview with the writer and winner of the nadal award 2022, ines martin.\" title=\"Europa Press Interview With The Writer And Winner Of The Nadal Award 2022, Ines Martin.\" loading=\"lazy\" width=\"6260\" height=\"4134\" decoding=\"async\" data-nimg=\"1\" style=\"color:transparent;width:100%;height:auto;\"   src=\"https:\/\/www.europesays.com\/es\/wp-content\/uploads\/2025\/09\/the-writer-ines-martin-rodrigo-poses-after-an-interview-news-photo-1758184523.pjpeg\" class=\"css-0 e1g79fud0\"\/>Europa Press News\/\/Getty Images<\/p>\n<p>La escritora In\u00e9s Mart\u00edn Rodrigo.<\/p>\n<p data-journey-content=\"true\" data-node-id=\"18\" class=\"css-6wxqfj emevuu60\">La recomendaci\u00f3n de Aimar Bretos tiene un valor especial. No es cr\u00edtico literario. No habla de la jerga acad\u00e9mica. El tipo de validaci\u00f3n que \u00e9l, trabajador de la palabra, ofrece desde la emoci\u00f3n pura es todo un premio. Aquello que hace que un oyente en la madrugada apunte el nombre en una servilleta o que un lector indeciso termine por pasar por caja. <\/p>\n","protected":false},"excerpt":{"rendered":"Dicen que los periodistas acostumbran a leer r\u00e1pido y a devorar un texto como caf\u00e9 de m\u00e1quina en&hellip;\n","protected":false},"author":2,"featured_media":126969,"comment_status":"","ping_status":"","sticky":false,"template":"","format":"standard","meta":{"footnotes":""},"categories":[172],"tags":[1655,224,253,146,147,25,24,225,23],"class_list":{"0":"post-126968","1":"post","2":"type-post","3":"status-publish","4":"format-standard","5":"has-post-thumbnail","7":"category-libros","8":"tag-afiliacion","9":"tag-books","10":"tag-discover","11":"tag-entertainment","12":"tag-entretenimiento","13":"tag-es","14":"tag-espana","15":"tag-libros","16":"tag-spain"},"share_on_mastodon":{"url":"","error":""},"_links":{"self":[{"href":"https:\/\/www.europesays.com\/es\/wp-json\/wp\/v2\/posts\/126968","targetHints":{"allow":["GET"]}}],"collection":[{"href":"https:\/\/www.europesays.com\/es\/wp-json\/wp\/v2\/posts"}],"about":[{"href":"https:\/\/www.europesays.com\/es\/wp-json\/wp\/v2\/types\/post"}],"author":[{"embeddable":true,"href":"https:\/\/www.europesays.com\/es\/wp-json\/wp\/v2\/users\/2"}],"replies":[{"embeddable":true,"href":"https:\/\/www.europesays.com\/es\/wp-json\/wp\/v2\/comments?post=126968"}],"version-history":[{"count":0,"href":"https:\/\/www.europesays.com\/es\/wp-json\/wp\/v2\/posts\/126968\/revisions"}],"wp:featuredmedia":[{"embeddable":true,"href":"https:\/\/www.europesays.com\/es\/wp-json\/wp\/v2\/media\/126969"}],"wp:attachment":[{"href":"https:\/\/www.europesays.com\/es\/wp-json\/wp\/v2\/media?parent=126968"}],"wp:term":[{"taxonomy":"category","embeddable":true,"href":"https:\/\/www.europesays.com\/es\/wp-json\/wp\/v2\/categories?post=126968"},{"taxonomy":"post_tag","embeddable":true,"href":"https:\/\/www.europesays.com\/es\/wp-json\/wp\/v2\/tags?post=126968"}],"curies":[{"name":"wp","href":"https:\/\/api.w.org\/{rel}","templated":true}]}}