{"id":126974,"date":"2025-09-20T08:08:12","date_gmt":"2025-09-20T08:08:12","guid":{"rendered":"https:\/\/www.europesays.com\/es\/126974\/"},"modified":"2025-09-20T08:08:12","modified_gmt":"2025-09-20T08:08:12","slug":"la-luz-que-imaginamos-irradia-poesia-por-donde-se-la-mire","status":"publish","type":"post","link":"https:\/\/www.europesays.com\/es\/126974\/","title":{"rendered":"\u00abLa luz que imaginamos\u00bb irradia poes\u00eda por donde se la mire"},"content":{"rendered":"<p>Si cada vez llegan menos pel\u00edculas que no sean hollywoodenses a los cines argentinos, el estreno de una producci\u00f3n de la India, y <strong>adem\u00e1s premiada<\/strong>, como es el caso de <strong>La luz que imaginamos<\/strong>, debe ser recibida con entusiasmo, y conviene no dejarla pasar por alto.<\/p>\n<p>Tres son los personajes centrales de la primera pel\u00edcula india en ganar el Gran Premio del Jurado en el <strong><a href=\"https:\/\/www.clarin.com\/tema\/festival-de-cannes.html\" target=\"_blank\" title=\"Festival de Cannes\" alt=\"Festival de Cannes\" rel=\"nofollow noopener\">Festival de Cannes<\/a><\/strong> (fue en la edici\u00f3n de 2024).<\/p>\n<p>Quiz\u00e1 la que m\u00e1s protagonismo tenga sea Prabha (Kani Kusruti), que es una enfermera que trabaja en un hospital de <strong>Mumbai<\/strong>. Ella est\u00e1 en el consultorio ginecol\u00f3gico y tambi\u00e9n entrena a las compa\u00f1eras que reci\u00e9n llegan. Su esposo -un matrimonio arreglado- no est\u00e1 con ella, sino en Alemania, por cuestiones laborales desde hace un tiempo. El no le atiende las llamadas, pero no por ello Prabha se deja convencer de los coqueteos de un m\u00e9dico que, como ella, lleg\u00f3 a Mumbai desde el interior del pa\u00eds.<\/p>\n<p>Quien no deja de besar apasionadamente a su novio es la m\u00e1s joven Anu (Divya Prabha), aunque deba llevarlo a lugares casi ocultos, debido a que \u00e9l es de origen musulm\u00e1n, y esa relaci\u00f3n no es para nada bien vista, m\u00e1s si se sabe que los padres de ella le est\u00e1n buscando marido. Anu no gana lo suficiente como para pagar la renta, y acude a su compa\u00f1era, Prabha, para que la ayude<\/p>\n<p>La tercera mujer, Parvaty (Chhaya Kadam), trabaja en el sector de la cocina y no tiene problemas de amor, sino de otro tipo. Es que est\u00e1n a punto de desalojarla, porque, viuda, su marido no le dej\u00f3 en vida los papeles que demuestren que el hogar f\u00edsico en el que habita es suyo.<\/p>\n<p>\u201cSomos iguales, vos y yo\u201d, le dice Parvaty a Prabha. \u201cEstamos mejor solas\u201d.<\/p>\n<p>Solas, pero acompa\u00f1adas. <strong>La luz que imaginamos<\/strong>, primer largometraje de ficci\u00f3n de la realizadora Payal Kapadia tras un documental, irradia poes\u00eda por donde se la mire. Si bien su mirada es femenina m\u00e1s que feminista, no ahorra dardos al gobierno actual en su pa\u00eds, aunque la suya no sea una pel\u00edcula estrictamente pol\u00edtica.<\/p>\n<p>La sororidad es la base en la que se asienta el relato. Podemos no conocer mucho el funcionamiento de la sociedad india, pero hay situaciones en las que la empat\u00eda con los personajes no es dif\u00edcil de sostener. Kapadia puede desconcertar y apartarse de su manera de narra sutil -como los mensajes de texto en la pantalla, o una situaci\u00f3n semi fant\u00e1stica aproxim\u00e1ndose al desenlace, que puede llevar a cierta confusi\u00f3n-, pero est\u00e1 a la vista que estamos en presencia de una realizadora de la que vamos a seguir hablando de aqu\u00ed a un futuro inmediato.<\/p>\n<p><strong>\u201cLa luz que imaginamos\u201d<\/strong><\/p>\n<p>Drama. India, 2024.<strong> T\u00edtulo original:<\/strong> \u201cAll We Imagine as Light\u201d. 118\u2019, SAM 13.<strong> De: <\/strong>Payal Kapadia. <strong>Con: <\/strong>Kani Kusruti, Divya Prabha, Chhaya Kadam, Hridhu Haroon.<strong> Salas:<\/strong> Cinemark Palermo, Cin\u00e9polis Recoleta, Showcase Belgrano y Norcenter, Lorca, Cacodelphia.<\/p>\n","protected":false},"excerpt":{"rendered":"Si cada vez llegan menos pel\u00edculas que no sean hollywoodenses a los cines argentinos, el estreno de una&hellip;\n","protected":false},"author":2,"featured_media":126975,"comment_status":"","ping_status":"","sticky":false,"template":"","format":"standard","meta":{"footnotes":""},"categories":[169],"tags":[177,146,147,25,24,176,175,23],"class_list":{"0":"post-126974","1":"post","2":"type-post","3":"status-publish","4":"format-standard","5":"has-post-thumbnail","7":"category-cine","8":"tag-cine","9":"tag-entertainment","10":"tag-entretenimiento","11":"tag-es","12":"tag-espana","13":"tag-film","14":"tag-movies","15":"tag-spain"},"share_on_mastodon":{"url":"","error":""},"_links":{"self":[{"href":"https:\/\/www.europesays.com\/es\/wp-json\/wp\/v2\/posts\/126974","targetHints":{"allow":["GET"]}}],"collection":[{"href":"https:\/\/www.europesays.com\/es\/wp-json\/wp\/v2\/posts"}],"about":[{"href":"https:\/\/www.europesays.com\/es\/wp-json\/wp\/v2\/types\/post"}],"author":[{"embeddable":true,"href":"https:\/\/www.europesays.com\/es\/wp-json\/wp\/v2\/users\/2"}],"replies":[{"embeddable":true,"href":"https:\/\/www.europesays.com\/es\/wp-json\/wp\/v2\/comments?post=126974"}],"version-history":[{"count":0,"href":"https:\/\/www.europesays.com\/es\/wp-json\/wp\/v2\/posts\/126974\/revisions"}],"wp:featuredmedia":[{"embeddable":true,"href":"https:\/\/www.europesays.com\/es\/wp-json\/wp\/v2\/media\/126975"}],"wp:attachment":[{"href":"https:\/\/www.europesays.com\/es\/wp-json\/wp\/v2\/media?parent=126974"}],"wp:term":[{"taxonomy":"category","embeddable":true,"href":"https:\/\/www.europesays.com\/es\/wp-json\/wp\/v2\/categories?post=126974"},{"taxonomy":"post_tag","embeddable":true,"href":"https:\/\/www.europesays.com\/es\/wp-json\/wp\/v2\/tags?post=126974"}],"curies":[{"name":"wp","href":"https:\/\/api.w.org\/{rel}","templated":true}]}}