{"id":126976,"date":"2025-09-20T08:09:09","date_gmt":"2025-09-20T08:09:09","guid":{"rendered":"https:\/\/www.europesays.com\/es\/126976\/"},"modified":"2025-09-20T08:09:09","modified_gmt":"2025-09-20T08:09:09","slug":"a-nadie-le-extranaria-que-moha-attaoui-ganara-el-oro-en-los-800m-deportes","status":"publish","type":"post","link":"https:\/\/www.europesays.com\/es\/126976\/","title":{"rendered":"A nadie le extra\u00f1ar\u00eda que Moha Attaoui ganara el oro en los 800m | Deportes"},"content":{"rendered":"<p class=\"\">\u201cA nadie le extra\u00f1ar\u00eda que Moha Attaoui ganara el 800. Eso da una medida de lo que es\u201d, dice Jorge Gonz\u00e1lez Amo. El sabio espa\u00f1ol del atletismo en general, del mediofondo en particular, y del 1.500m en particular\u00edsimo, ha encontrado la f\u00f3rmula exacta para hablar de <a href=\"https:\/\/elpais.com\/deportes\/2025-09-18\/moha-attaoui-en-estado-de-gracia-llega-a-la-final-de-800m-despues-de-derrotar-al-gran-wanyonyi.html\" target=\"_self\" rel=\"nofollow noopener\" title=\"https:\/\/elpais.com\/deportes\/2025-09-18\/moha-attaoui-en-estado-de-gracia-llega-a-la-final-de-800m-despues-de-derrotar-al-gran-wanyonyi.html\">la posici\u00f3n que el mediofondista c\u00e1ntabro ocupa en el mundo<\/a> y de las posibilidades del atleta que levanta m\u00e1s ilusi\u00f3n en el aficionado desde los tiempos de Ferm\u00edn Cacho y Reyes Est\u00e9vez, que eran de 1.500m. Expectaci\u00f3n de viejos tiempos. Attaoui es del 800m, una prueba para sibaritas del atletismo que recuerdan a Peter Snell, Sebastian Coe, Joaquim Cruz o a David Rusdisha, \u00fanico que en la historia ha entrado en el terreno de los 100 segundos pelados (1m 40s) y acoge generosa tanto a atletas de resistencia con cambio at\u00f3mico como a velocistas musculosos con resistencia. <\/p>\n<p class=\"\">\u201cLa carrera ser\u00e1 rapid\u00edsima, como la de los Juegos de Par\u00eds que gan\u00f3 Wanyonyi con la tercera marca de la historia [1m 41,18s], porque, despu\u00e9s de lo que se vio en semifinales, si se va a una carrera a 1m 43s, saben todos que est\u00e1n muertos, que Attaoui les destroza con su cambio a 250m. En la semifinal contra los mejores del mundo parec\u00eda que corriera en el campeonato de Espa\u00f1a, haciendo lo que quer\u00eda. Y en una carrera at\u00f3mica, de 1m 41s, si no gana, que a\u00fan podr\u00eda, al menos batir\u00e1 seguro su r\u00e9cord de Espa\u00f1a [1m 42,04s] y entrar\u00e1 en los territorios del 1m 41s, el planeta m\u00e1s exclusivo\u201d, comenta Gonz\u00e1lez Amo sobre la final de este s\u00e1bado (15.22, Teledeporte).<\/p>\n<p class=\"\">Es el nuevo mundo de la prueba de las dos vueltas a la pista nacido tras<a href=\"https:\/\/elpais.com\/deportes\/2025-06-12\/mohamed-attaoui-brilla-en-una-diamond-league-en-las-que-karsten-warholm-bate-el-record-mundial-de-300m-vallas.html\" target=\"_self\" rel=\"nofollow noopener\" title=\"https:\/\/elpais.com\/deportes\/2025-06-12\/mohamed-attaoui-brilla-en-una-diamond-league-en-las-que-karsten-warholm-bate-el-record-mundial-de-300m-vallas.html\"> la revoluci\u00f3n de Emmanuel Wanyonyi<\/a>, de 21 a\u00f1os. En los dos \u00faltimos a\u00f1os, los que lleva liderando la prueba el ni\u00f1o de la calle de Nairobi convertido en campe\u00f3n ol\u00edmpico, siguiendo su estela en las reuniones de la Diamond League, 13 atletas han bajado de 1m 42,5s, y ocupan un puesto entre los 25 mejores de la historia. \u201cLa forma en que Wanyonyi encara la prueba, un front runner a toda velocidad que arrastra y marca el ritmo a todos detr\u00e1s como si fuera una liebre, hace que se alcancen esos tiempos y arrastra a los dem\u00e1s a ellos\u201d, explicaba hace poco Max Burgin, finalista brit\u00e1nico del grupo de sub 1m 42,50s al que Attaoui respeta porque vio c\u00f3mo le superaba en la final de la Diamond League en Z\u00farich. <\/p>\n<p class=\"\">\u201cEn nuestra prueba, la forma en que Wanyonyi suele abordar los campeonatos hace que las carreras sean bastante similares en ambos casos. Pero, claro, es obvio que Wanyonyi puede cansarse de correr as\u00ed, y si lo hace el mundo ser\u00e1 diferente, porque en nuestro nivel no hay otro que quiera correr siempre en cabeza. Volver\u00edamos a las carreras t\u00e1cticas y ca\u00f3ticas\u201d, afirma Burgin.<\/p>\n<p class=\"\">Y, entonces, despu\u00e9s de pasar los 400m en 51s, Attaoui, a cola, salivar\u00eda esperando su momento insuperable. Aunque es capaz, dada su gran capacidad aer\u00f3bica, de correr en 1m 43s tirando \u00e9l solo, a los 23 a\u00f1os ya explota perfectamente su capacidad de mantener su gran cambio de dinamita los \u00faltimos 300 metros, corriendo atr\u00e1s, a cola, tranquilo, un estilo definido y perfeccionado en colaboraci\u00f3n con su entrenador, Thomas Dreissigacker, el joven y sabio alem\u00e1n formado en la Universidad de Leipzig, cuna de la ciencia del deporte de la RDA. \u201cNo estoy seguro de si tiene sentido correr m\u00e1s cerca de Wanyonyi, porque no necesitamos la primera vuelta superr\u00e1pida. Es mejor para Moha no empezar demasiado r\u00e1pido\u201d, explica Dreissigacker. \u201cPero s\u00ed, ese es el estilo de carrera de Moha y para llegar con fuerza a los \u00faltimos 300 metros\u201d. <\/p>\n<p class=\"\">Vuela una gran duda en v\u00edsperas de la final de Tokio. \u00bfCorrer\u00e1 Wanyonyi como en la semifinal, uno m\u00e1s en el grupo esperando el final para cambiar? \u00bfVolver\u00e1 a su ser original? \u00bfPondr\u00e1 a todos en fila o eso ser\u00e1 un megamix de alt\u00edsimo nivel, con seis de la final ol\u00edmpica de Par\u00eds en la que Attaoui fue quinto, incluidos los tres del podio, Wanyonyi, el argelino insidioso Sedjati y el campe\u00f3n de 2023, el armario canadiense Arop?<\/p>\n<p class=\"\">Coincidiendo tanto en el an\u00e1lisis como en el pron\u00f3stico de Gonz\u00e1lez Amo, Dreissigacker se decanta por el regreso a la velocidad. \u201cLa final ser\u00e1 una carrera interesante\u201d, dice. \u201cCuando analicemos bien las tres semifinales, trazaremos el plan\u201d, previene Dreissigacker. \u201cEsperamos una carrera r\u00e1pida. \u00bfMedallas? No hablamos de medallas. Hacemos la misma preparaci\u00f3n de siempre. Hay otros siete oponentes fuertes. El a\u00f1o pasado roz\u00f3 el 1,42, con lo que lo normal ser\u00e1 que baje a 1,41. Si eso vale para ganar medalla, perfecto. Veremos qu\u00e9 pasa\u201d.<\/p>\n<p class=\"\"><a href=\"\" rel=\"\" title=\"\">El atletismo espa\u00f1ol<\/a> tiene campeones mundiales en pruebas de asfalto, como marat\u00f3n o marcha, y en concursos, el oro de Niurka Montalvo en longitud, pero no en pruebas de pista pese a contar en su hist\u00f3rico con una presencia constante y brillante en finales de 1.500m desde los tiempos de Jos\u00e9 Manuel Abascal y Jos\u00e9 Luis Gonz\u00e1lez. El vac\u00edo lo puede ocupar un chaval con aires de ni\u00f1o a\u00fan, menudito para lo que se estila en la prueba (1,70m de altura, 57 kilos), que lleg\u00f3 de Marruecos a Espa\u00f1a en brazos de sus padres a los seis a\u00f1os, y en Torrelavega empez\u00f3 a correr, entrenado por Ra\u00fal Guti\u00e9rrez. Con sus ahorros se pagaba concentraciones y material hasta que hace dos a\u00f1os, tras debutar a los 21 en el Mundial de Budapest, firm\u00f3 un contrato profesional con el potente club suizo de las zapatillas On. Vive como un monje todo el a\u00f1o. Varios meses de primavera y verano en un apartamento de trabajadores de la nieve en Saint Moritz, semanas en Sud\u00e1frica y en Castell\u00f3n. Respirando atletismo. So\u00f1ando. Y llevando consigo la ilusi\u00f3n de los aficionados conquistados por su talento y armon\u00eda.<\/p>\n","protected":false},"excerpt":{"rendered":"\u201cA nadie le extra\u00f1ar\u00eda que Moha Attaoui ganara el 800. Eso da una medida de lo que es\u201d,&hellip;\n","protected":false},"author":2,"featured_media":126977,"comment_status":"","ping_status":"","sticky":false,"template":"","format":"standard","meta":{"footnotes":""},"categories":[93],"tags":[41165,11485,168,927,25,24,4759,16124,23,167,13536],"class_list":{"0":"post-126976","1":"post","2":"type-post","3":"status-publish","4":"format-standard","5":"has-post-thumbnail","7":"category-deportes","8":"tag-800-metros-lisos","9":"tag-atletismo","10":"tag-deportes","11":"tag-deportistas","12":"tag-es","13":"tag-espana","14":"tag-paris","15":"tag-paris-2024","16":"tag-spain","17":"tag-sports","18":"tag-tokio"},"share_on_mastodon":{"url":"","error":""},"_links":{"self":[{"href":"https:\/\/www.europesays.com\/es\/wp-json\/wp\/v2\/posts\/126976","targetHints":{"allow":["GET"]}}],"collection":[{"href":"https:\/\/www.europesays.com\/es\/wp-json\/wp\/v2\/posts"}],"about":[{"href":"https:\/\/www.europesays.com\/es\/wp-json\/wp\/v2\/types\/post"}],"author":[{"embeddable":true,"href":"https:\/\/www.europesays.com\/es\/wp-json\/wp\/v2\/users\/2"}],"replies":[{"embeddable":true,"href":"https:\/\/www.europesays.com\/es\/wp-json\/wp\/v2\/comments?post=126976"}],"version-history":[{"count":0,"href":"https:\/\/www.europesays.com\/es\/wp-json\/wp\/v2\/posts\/126976\/revisions"}],"wp:featuredmedia":[{"embeddable":true,"href":"https:\/\/www.europesays.com\/es\/wp-json\/wp\/v2\/media\/126977"}],"wp:attachment":[{"href":"https:\/\/www.europesays.com\/es\/wp-json\/wp\/v2\/media?parent=126976"}],"wp:term":[{"taxonomy":"category","embeddable":true,"href":"https:\/\/www.europesays.com\/es\/wp-json\/wp\/v2\/categories?post=126976"},{"taxonomy":"post_tag","embeddable":true,"href":"https:\/\/www.europesays.com\/es\/wp-json\/wp\/v2\/tags?post=126976"}],"curies":[{"name":"wp","href":"https:\/\/api.w.org\/{rel}","templated":true}]}}