{"id":126990,"date":"2025-09-20T08:18:08","date_gmt":"2025-09-20T08:18:08","guid":{"rendered":"https:\/\/www.europesays.com\/es\/126990\/"},"modified":"2025-09-20T08:18:08","modified_gmt":"2025-09-20T08:18:08","slug":"la-reaparicion-de-tomas-gonzalez-se-salda-con-tres-orejas-en-navalmorales","status":"publish","type":"post","link":"https:\/\/www.europesays.com\/es\/126990\/","title":{"rendered":"La reaparici\u00f3n de Tom\u00e1s Gonz\u00e1lez se salda con tres orejas en Navalmorales"},"content":{"rendered":"\n<p>Tan solo dos compromisos se ha perdido el novillero turolense Tom\u00e1s Gonz\u00e1lez en su segundo par\u00f3n a causa de la cornada de Marchamalo. Tras realizar, estando hospitalizado, las pertinentes pruebas, el turolense se perdi\u00f3 los compromisos de Peralta y La Torre de Esteban Hambr\u00e1n, el jueves y s\u00e1bado pasado respectivamente.<\/p>\n<p>El lunes, en Los Navalmorales, quince de septiembre, Toledo, el alcorisano cort\u00f3 tres orejas ante una novillada con mucho volumen, y que sirvi\u00f3 en general .Gonz\u00e1lez, mucho m\u00e1s recuperado de su percance, cort\u00f3 una oreja a su primero, una res que se quedaba corta en las embestidas, pero con el que pudo pulsear algunos buenos naturales. Tumb\u00f3 al animal de una buena estocada. A su segundo lo recibi\u00f3 con un buen toreo de capote. Arranc\u00f3 de hinojos la faena con la muleta en los medios, pasando a elaborar una faena con calado en los tendidos que llev\u00f3 al aragon\u00e9s a cortar dos orejas. Se lidiaban reses de la ganader\u00eda portuguesa de Joao D\u00edas Coutinho en una tarde en la que Kevin Alcolado cort\u00f3 dos orejas y oreja a sus respectivos rivales, y Cristian Gonz\u00e1lez salud\u00f3 una ovaci\u00f3n y pase\u00f3 una oreja.<\/p>\n<p> Oreja en Yunquera de Henares <\/p>\n<p>Volvi\u00f3 a anudarse el a\u00f1adido el turolense el jueves dieciocho, en Yunquera de Henares, ante un encierro de La Glorieta. El turolense, ante el primero de su lote, despleg\u00f3 su toreo cl\u00e1sico y vertical, conectando con los tendidos para cortar una oreja, teniendo una petici\u00f3n alta para recibir la segunda. Su segundo fue otra historia. Un novillo muy complicado puso en apuros a la cuadrilla, volteando a dos de sus rehileteros. No perdi\u00f3 Gonz\u00e1lez el aplomo, estando firme y torero con una res impracticable. El compromiso de Gonz\u00e1lez le vali\u00f3 el reconocimiento de p\u00fablico, que hizo al turolense dar una vuelta al ruedo. Cid de Mar\u00eda se llev\u00f3 ovaci\u00f3n en su primero y dos orejas y Cristian Gonz\u00e1lez, dio la vuelta al ruedo en su primero y una oreja al segundo.<\/p>\n<p>El siguiente compromiso, ayer en Riaza, Segovia, donde se lidiaban animales de Raso del Portillo, no hab\u00eda finalizado al cierre de la edici\u00f3n. El lunes, en Mejorada del Campo, Madrid, se enfrentar\u00e1 a los animales de Lagunajanda, y el s\u00e1bado veintisiete, en la guadalajare\u00f1a localidad de Azuqueca de Henares lidiar\u00e1 reses de El Cubo, finalizando as\u00ed su completo septiembre.<\/p>\n","protected":false},"excerpt":{"rendered":"Tan solo dos compromisos se ha perdido el novillero turolense Tom\u00e1s Gonz\u00e1lez en su segundo par\u00f3n a causa&hellip;\n","protected":false},"author":2,"featured_media":126991,"comment_status":"","ping_status":"","sticky":false,"template":"","format":"standard","meta":{"footnotes":""},"categories":[277],"tags":[373,168,25,24,23,167,374],"class_list":{"0":"post-126990","1":"post","2":"type-post","3":"status-publish","4":"format-standard","5":"has-post-thumbnail","7":"category-toreo","8":"tag-bullfighting","9":"tag-deportes","10":"tag-es","11":"tag-espana","12":"tag-spain","13":"tag-sports","14":"tag-toreo"},"share_on_mastodon":{"url":"","error":""},"_links":{"self":[{"href":"https:\/\/www.europesays.com\/es\/wp-json\/wp\/v2\/posts\/126990","targetHints":{"allow":["GET"]}}],"collection":[{"href":"https:\/\/www.europesays.com\/es\/wp-json\/wp\/v2\/posts"}],"about":[{"href":"https:\/\/www.europesays.com\/es\/wp-json\/wp\/v2\/types\/post"}],"author":[{"embeddable":true,"href":"https:\/\/www.europesays.com\/es\/wp-json\/wp\/v2\/users\/2"}],"replies":[{"embeddable":true,"href":"https:\/\/www.europesays.com\/es\/wp-json\/wp\/v2\/comments?post=126990"}],"version-history":[{"count":0,"href":"https:\/\/www.europesays.com\/es\/wp-json\/wp\/v2\/posts\/126990\/revisions"}],"wp:featuredmedia":[{"embeddable":true,"href":"https:\/\/www.europesays.com\/es\/wp-json\/wp\/v2\/media\/126991"}],"wp:attachment":[{"href":"https:\/\/www.europesays.com\/es\/wp-json\/wp\/v2\/media?parent=126990"}],"wp:term":[{"taxonomy":"category","embeddable":true,"href":"https:\/\/www.europesays.com\/es\/wp-json\/wp\/v2\/categories?post=126990"},{"taxonomy":"post_tag","embeddable":true,"href":"https:\/\/www.europesays.com\/es\/wp-json\/wp\/v2\/tags?post=126990"}],"curies":[{"name":"wp","href":"https:\/\/api.w.org\/{rel}","templated":true}]}}