{"id":126999,"date":"2025-09-20T08:24:11","date_gmt":"2025-09-20T08:24:11","guid":{"rendered":"https:\/\/www.europesays.com\/es\/126999\/"},"modified":"2025-09-20T08:24:11","modified_gmt":"2025-09-20T08:24:11","slug":"donde-comer-en-a-coruna-segun-el-jugador-del-basquet-coruna-didac-cuevas","status":"publish","type":"post","link":"https:\/\/www.europesays.com\/es\/126999\/","title":{"rendered":"D\u00f3nde comer en A Coru\u00f1a, seg\u00fan el jugador del B\u00e1squet Coru\u00f1a D\u00eddac Cuevas"},"content":{"rendered":"<p class=\"paragraph\" id=\"paragraph_1\">Acaba de llegar a A Coru\u00f1a, pero no ha tardado en dejarse conquistar por su vida gastron\u00f3mica. Entre entrenamientos y partidos del B\u00e1squet Coru\u00f1a, <strong>D\u00eddac Cuevas ya ha encontrado tiempo para explorar algunos rincones de la ciudad<\/strong> y descubrir locales que merece la pena recomendar.<\/p>\n<p><img loading=\"lazy\" decoding=\"async\" alt=\"Fernando Romay y los jugadores del Leyma Coru\u00f1a celebran el inicio de temporada en Marineda City\" height=\"180\" src=\"https:\/\/www.europesays.com\/es\/wp-content\/uploads\/2025\/09\/1003743931627_258822824_320x180.jpg\" width=\"320\" data-lazy-status=\"processed\" data-lazy-info=\"remove loading item 1\"\/><\/p>\n<p class=\"paragraph\" id=\"paragraph_2\">Desde cafeter\u00edas ideales para empezar el d\u00eda con buen pie, hasta bares para el aperitivo y restaurantes donde disfrutar de una buena comida, el jugador del Leyma Coru\u00f1a comparte<strong> sus primeras paradas favoritas<\/strong> en esta aventura culinaria.<\/p>\n<p class=\"paragraph\" id=\"paragraph_3\"><strong>Nacido en Barcelona,<\/strong> D\u00eddac dio sus primeros pasos en el SESE antes de formarse en la cantera del Joventut. Tras pasar por equipos como Clavijo, Prat o Melilla, regres\u00f3 a su ciudad en 2020 para jugar con el Bar\u00e7a B.<\/p>\n<p class=\"paragraph\" id=\"paragraph_4\">En 2021 se uni\u00f3 al Tizona Burgos, con el que logr\u00f3 el ascenso a Primera FEB, y su buen rendimiento le abri\u00f3 las puertas del Casademont Zaragoza en la Liga Endesa, donde tambi\u00e9n disput\u00f3 partidos de la FIBA Europe Cup. La pasada temporada jug\u00f3 cedido en San Pablo Burgos, conquistando la Copa Espa\u00f1a FEB y el t\u00edtulo de Primera FEB, con medias de 6,5 puntos, 3 rebotes y 3,1 asistencias por encuentro.<\/p>\n<p class=\"paragraph\" id=\"paragraph_5\">Ahora ha aterrizado en A Coru\u00f1a para jugar en el B\u00e1squet. \u00ab<strong>Todav\u00eda soy un reci\u00e9n llegado a la ciudad,<\/strong> y de lo poco que he podido probar, recomiendo lo siguiente\u00bb, nos cuenta D\u00eddac, quien nos lanza sus propuesta para desayunar, tomar el aperitivo y comer. <\/p>\n<p>D\u00f3nde desayunar<\/p>\n<p><img decoding=\"async\" alt=\"Miss Maruja en A Coru\u00f1a\" data-imgm=\"true\" height=\"180\" loading=\"lazy\"  src=\"https:\/\/www.europesays.com\/es\/wp-content\/uploads\/2025\/09\/741436812_246131645_1024x576.jpg\"  width=\"320\"\/><\/p>\n<ul class=\"content__summary-list content__summary-list--bullets\">\n<li class=\"summary-list__item\"><strong>Miss Maruja:<\/strong> <a data-url=\"\/maps\/place\/\/data=!4m2!3m1!1s0xd2e7c793c103fb9:0xdaf7fb2b8f61d336?sa=X&amp;ved=2ahUKEwjhhYf_9OSPAxXLU0EAHXUBHTMQ4kB6BAgIEAA\" href=\"https:\/\/www.google.com\/maps\/place\/\/data=!4m2!3m1!1s0xd2e7c793c103fb9:0xdaf7fb2b8f61d336?sa=X&amp;ved=1t:8290&amp;ictx=111\" ping=\"\/url?sa=t&amp;source=web&amp;rct=j&amp;opi=89978449&amp;url=\/maps\/place\/\/data%3D!4m2!3m1!1s0xd2e7c793c103fb9:0xdaf7fb2b8f61d336%3Fsa%3DX%26ved%3D1t:8290%26ictx%3D111&amp;ved=2ahUKEwjhhYf_9OSPAxXLU0EAHXUBHTMQ4kB6BAhAEAM&amp;sqi=2\" rel=\"nofollow noopener\" tabindex=\"0\" target=\"_blank\">R. Zalaeta, 4, 15002 A Coru\u00f1a<\/a><\/li>\n<\/ul>\n<p class=\"paragraph\" id=\"paragraph_6\">Para empezar el d\u00eda, el jugador del B\u00e1squet Coru\u00f1a se queda con Miss Maruja: <strong>\u00abLos desayunos y los brunch son un s\u00ed rotundo\u00bb.<\/strong> De entre sus propuestas, destaca la cheesecake de nocilla: \u00abest\u00e1 de cine\u00bb. Adem\u00e1s de por su sabor, destaca tambi\u00e9n su ubicaci\u00f3n. Y es, asegura, es \u00abmuy buen sitio para luego bajar a dar un paseo por la playa\u00bb. <\/p>\n<p>D\u00f3nde tomar el aperitivo<\/p>\n<p><img decoding=\"async\" alt=\"paseo maritimo coru\u00f1a\" data-imgm=\"true\" height=\"180\" loading=\"lazy\"  src=\"https:\/\/www.europesays.com\/es\/wp-content\/uploads\/2025\/09\/824428572_244476625_1024x576.jpg\"  width=\"320\"\/><\/p>\n<p>                                                            paseo maritimo coru\u00f1a<\/p>\n<p>                    Shutterstock<\/p>\n<p class=\"paragraph\" id=\"paragraph_7\">A la hora del aperitivo, D\u00eddac Cuevas no ha querido decantarse por ning\u00fan lugar en particular, sino que nos propone acercarnos a cualquiera de<strong> los<\/strong><strong> locales que hay por el paseo mar\u00edtimo<\/strong> y las playas. Son perfectos, dice \u00abpara desconectar un poco y disfrutar de las vistas al mar\u00bb. <\/p>\n<p>D\u00f3nde comer<\/p>\n<p><img decoding=\"async\" alt=\"Interior de la Taberna da Galera\" data-imgm=\"true\" height=\"180\" loading=\"lazy\"  src=\"https:\/\/www.europesays.com\/es\/wp-content\/uploads\/2025\/09\/gastrogalicia_400473165_245827050_1024x576.jpg\"  width=\"320\"\/><\/p>\n<p>                                                            Interior de la Taberna da Galera<\/p>\n<ul class=\"content__summary-list content__summary-list--bullets\">\n<li class=\"summary-list__item\"><strong>Taberna A Galera: <\/strong><a data-url=\"\/maps\/place\/\/data=!4m2!3m1!1s0xd2e7c7e93c0d273:0x34d8f5a9c9b742c2?sa=X&amp;ved=2ahUKEwj35PHB9eSPAxUTe6QEHVGXGbwQ4kB6BAgJEAA\" href=\"https:\/\/www.google.com\/maps\/place\/\/data=!4m2!3m1!1s0xd2e7c7e93c0d273:0x34d8f5a9c9b742c2?sa=X&amp;ved=1t:8290&amp;ictx=111\" ping=\"\/url?sa=t&amp;source=web&amp;rct=j&amp;opi=89978449&amp;url=\/maps\/place\/\/data%3D!4m2!3m1!1s0xd2e7c7e93c0d273:0x34d8f5a9c9b742c2%3Fsa%3DX%26ved%3D1t:8290%26ictx%3D111&amp;ved=2ahUKEwj35PHB9eSPAxUTe6QEHVGXGbwQ4kB6BAhGEAM\" rel=\"nofollow noopener\" tabindex=\"0\" target=\"_blank\">R\u00faa Galera, 32, BA\u00ba 2, 15003 A Coru\u00f1a<\/a><\/li>\n<\/ul>\n<p class=\"paragraph\" id=\"paragraph_8\">Y para comer, a este jugador le ha conquistado<strong> el cachopo de Taberna A Galera<\/strong>. Es lo que m\u00e1s le gusta, nos confiesa. Pero adem\u00e1s, a\u00f1ade. \u00abtiene buenos productos de cercan\u00eda\u00bb y \u00abuna carta muy variada\u00bb. Adem\u00e1s, dice, es un local muy c\u00e9ntrico.<\/p>\n","protected":false},"excerpt":{"rendered":"Acaba de llegar a A Coru\u00f1a, pero no ha tardado en dejarse conquistar por su vida gastron\u00f3mica. Entre&hellip;\n","protected":false},"author":2,"featured_media":127000,"comment_status":"","ping_status":"","sticky":false,"template":"","format":"standard","meta":{"footnotes":""},"categories":[269],"tags":[5843,299,298,6689,168,41166,25,24,41167,23,167],"class_list":{"0":"post-126999","1":"post","2":"type-post","3":"status-publish","4":"format-standard","5":"has-post-thumbnail","7":"category-baloncesto","8":"tag-a-coruna","9":"tag-baloncesto","10":"tag-basketball","11":"tag-comarca-de-a-coruna","12":"tag-deportes","13":"tag-donde-comer-en-a-coruna-segun","14":"tag-es","15":"tag-espana","16":"tag-gastrocoruna","17":"tag-spain","18":"tag-sports"},"share_on_mastodon":{"url":"","error":""},"_links":{"self":[{"href":"https:\/\/www.europesays.com\/es\/wp-json\/wp\/v2\/posts\/126999","targetHints":{"allow":["GET"]}}],"collection":[{"href":"https:\/\/www.europesays.com\/es\/wp-json\/wp\/v2\/posts"}],"about":[{"href":"https:\/\/www.europesays.com\/es\/wp-json\/wp\/v2\/types\/post"}],"author":[{"embeddable":true,"href":"https:\/\/www.europesays.com\/es\/wp-json\/wp\/v2\/users\/2"}],"replies":[{"embeddable":true,"href":"https:\/\/www.europesays.com\/es\/wp-json\/wp\/v2\/comments?post=126999"}],"version-history":[{"count":0,"href":"https:\/\/www.europesays.com\/es\/wp-json\/wp\/v2\/posts\/126999\/revisions"}],"wp:featuredmedia":[{"embeddable":true,"href":"https:\/\/www.europesays.com\/es\/wp-json\/wp\/v2\/media\/127000"}],"wp:attachment":[{"href":"https:\/\/www.europesays.com\/es\/wp-json\/wp\/v2\/media?parent=126999"}],"wp:term":[{"taxonomy":"category","embeddable":true,"href":"https:\/\/www.europesays.com\/es\/wp-json\/wp\/v2\/categories?post=126999"},{"taxonomy":"post_tag","embeddable":true,"href":"https:\/\/www.europesays.com\/es\/wp-json\/wp\/v2\/tags?post=126999"}],"curies":[{"name":"wp","href":"https:\/\/api.w.org\/{rel}","templated":true}]}}