{"id":127001,"date":"2025-09-20T08:25:19","date_gmt":"2025-09-20T08:25:19","guid":{"rendered":"https:\/\/www.europesays.com\/es\/127001\/"},"modified":"2025-09-20T08:25:19","modified_gmt":"2025-09-20T08:25:19","slug":"50-futbolistas-que-han-jugado-en-el-real-madrid-y-espanyol","status":"publish","type":"post","link":"https:\/\/www.europesays.com\/es\/127001\/","title":{"rendered":"50 futbolistas que han jugado en el Real Madrid y Espanyol"},"content":{"rendered":"<p>50 futbolistas que han jugado en el Real Madrid y Espanyol &#8211; AS.com<a class=\"a_k\" href=\"https:\/\/as.com\/futbol\/\" data-tb-external-data=\"\" data-taboola-external=\"\" rel=\"nofollow noopener\" target=\"_blank\">LaLiga EA Sports<\/a>A lo largo de la historia ha existido un fluido intercambio de futbolistas entre el Espanyol y el Real Madrid. Destacamos 50 jugadores de esa larga lista que han jugado en Primera Divisi\u00f3n.  <img decoding=\"async\" src=\"https:\/\/www.europesays.com\/es\/wp-content\/uploads\/2025\/09\/X5P5ILYAI5D2PFFZFZQ73GPAJI.jpg\" alt=\"WEMBLEY STADIUM, LONDON, UNITED KINGDOM - 2024\/06\/01: Joselu (Jose Luis Mato Sanmartin) of Real Madrid CF kisses the trophy during the award ceremony following the UEFA Champions League final football match between Borussia Dortmund and Real Madrid CF. Real Madrid CF won 2-0 over Borussia Dortmund. (Photo by Nicol\u00c3\u00b2 Campo\/LightRocket via Getty Images)\" height=\"9\" width=\"16\"   loading=\"eager\"\/>Nicol\u00c3\u00b2 Campo Actualizado a 20 de septiembre de 2025 00:18 CEST<img decoding=\"async\" src=\"https:\/\/www.europesays.com\/es\/wp-content\/uploads\/2025\/09\/XWTZBBMS35JAPF5DUPIC5ED2IE.jpg\" alt=\"En 1916 con 15 a\u00f1os fich\u00f3 por el Espanyol hasta 1919, a\u00f1os despu\u00e9s regresar\u00eda de nuevo al Espanyol de 1922 a 1930 a\u00f1o en el que fichar\u00eda por el Real Madrid y donde disput\u00f3 seis temporadas.\" class=\"event__photostory\" height=\"1055\" width=\"1350\"   loading=\"lazy\"\/>ZamoraEn 1916 con 15 a\u00f1os fich\u00f3 por el Espanyol hasta 1919, a\u00f1os despu\u00e9s regresar\u00eda de nuevo al Espanyol de 1922 a 1930 a\u00f1o en el que fichar\u00eda por el Real Madrid y donde disput\u00f3 seis temporadas.<img decoding=\"async\" src=\"https:\/\/www.europesays.com\/es\/wp-content\/uploads\/2025\/09\/6W2JM5UC4RPDXGIIUUCLAFDNNM.jpg\" alt=\"Con 17 a\u00f1os comenz\u00f3 a jugar en el Espanyol, donde desarroll\u00f3 pr\u00e1cticamente toda su carrera desde 1928 a 1940 y con el Real Madrid jug\u00f3 la temporada 40\/41.\" class=\"event__photostory\" height=\"1882\" width=\"1350\"   loading=\"lazy\"\/>PratCon 17 a\u00f1os comenz\u00f3 a jugar en el Espanyol, donde desarroll\u00f3 pr\u00e1cticamente toda su carrera desde 1928 a 1940 y con el Real Madrid jug\u00f3 la temporada 40\/41.<img decoding=\"async\" src=\"https:\/\/www.europesays.com\/es\/wp-content\/uploads\/2025\/09\/TXDKDJPZLVKG5EDOULYJRSRREU.jpg\" alt=\"Jug\u00f3 con el Real Madrid la temporada 28\/29 y con el Espanyol la temporada 30\/31.\" class=\"event__photostory\" height=\"1690\" width=\"1350\"   loading=\"lazy\"\/>Cabo PuigJug\u00f3 con el Real Madrid la temporada 28\/29 y con el Espanyol la temporada 30\/31.<img decoding=\"async\" src=\"https:\/\/www.europesays.com\/es\/wp-content\/uploads\/2025\/09\/XOLEN3WL5FK3JF3GGPGUDRTBJE.jpg\" alt=\"Jug\u00f3 con el Espanyol la temporada 39\/40 y con el Real Madrid tres temporadas desde 1940 a 1943.\" class=\"event__photostory\" height=\"2036\" width=\"1350\"   loading=\"lazy\"\/>OlivaresJug\u00f3 con el Espanyol la temporada 39\/40 y con el Real Madrid tres temporadas desde 1940 a 1943.<img decoding=\"async\" src=\"https:\/\/www.europesays.com\/es\/wp-content\/uploads\/2025\/09\/2NW4JJJXNZOCBDSWCN5R4453IA.jpg\" alt=\"Defendi\u00f3 los colores del Espanyol cinco temporadas en dos etapas de 1939 a 1942 y de 1943 a 1945. La temporada 42\/43 jug\u00f3 con el Real Madrid.\" class=\"event__photostory\" height=\"1957\" width=\"1350\"   loading=\"lazy\"\/>RoviraDefendi\u00f3 los colores del Espanyol cinco temporadas en dos etapas de 1939 a 1942 y de 1943 a 1945. La temporada 42\/43 jug\u00f3 con el Real Madrid.Noticias relacionadas<a href=\"https:\/\/as.com\/futbol\/fotorrelato\/cuando-los-patrocinadores-eran-tan-miticos-como-los-clubes-clone-f\/\" class=\"s_m_w\" title=\"JVC - Bergkamp, Buitoni - Maradona, Marbella - Jes\u00fas Gil... los patrocinadores en las camisetas de f\u00fatbol es algo normalizado a d\u00eda de hoy, pero algunos de ellos han traspasado la frontera del simple acuerdo econ\u00f3mico. En este fotorrelato repasamos algunos de los m\u00e1s m\u00edticos del f\u00fatbol.  \" data-tb-link=\"\" rel=\"nofollow noopener\" target=\"_blank\"><img decoding=\"async\" src=\"https:\/\/www.europesays.com\/es\/wp-content\/uploads\/2025\/09\/M3DBVPJYIZAHJJ3Z4II6D2KDYE.jpg\" alt=\"Cuando los patrocinadores eran tan m\u00edticos como los clubes\" class=\"\" height=\"1\" width=\"1\"   loading=\"lazy\" data-tb-thumbnail=\"\"\/><\/a><a href=\"https:\/\/as.com\/futbol\/fotorrelato\/mastantuono-se-une-a-la-lista-de-los-mas-jovenes-en-debutar-en-champions-con-el-real-madrid-f\/\" class=\"s_m_w\" title=\"El argentino, con 18 a\u00f1os y 32 d\u00edas, ha entrado en la lista de los futbolistas m\u00e1s j\u00f3venes en debutar con el Real Madrid. En ella hay ilustres como Ra\u00fal, Iker Casillas o Vinicius.\" data-tb-link=\"\" rel=\"nofollow noopener\" target=\"_blank\"><img decoding=\"async\" src=\"https:\/\/www.europesays.com\/es\/wp-content\/uploads\/2025\/09\/UA6VGYGRYJD2LFC7Q3N26XDSJI.JPG\" alt=\"Mastantuono se une a la lista de los m\u00e1s j\u00f3venes en debutar en Champions con el Real Madrid\" class=\"\" height=\"1\" width=\"1\"   loading=\"lazy\" data-tb-thumbnail=\"\"\/><\/a><img decoding=\"async\" src=\"https:\/\/www.europesays.com\/es\/wp-content\/uploads\/2025\/09\/UTPM4SZ4JJKAPDQWIH57D4B6AQ.jpg\" alt=\"Jug\u00f3 con el Espanyol de 1942 hasta 1948 y con el Real Madrid dos temporadas 48\/49 y 49\/50.\" class=\"event__photostory\" height=\"1690\" width=\"1350\"   loading=\"lazy\"\/>MariscalJug\u00f3 con el Espanyol de 1942 hasta 1948 y con el Real Madrid dos temporadas 48\/49 y 49\/50.<img decoding=\"async\" src=\"https:\/\/www.europesays.com\/es\/wp-content\/uploads\/2025\/09\/3IFAESWUFFP6FPN7KXXQX76ZTY.jpg\" alt=\"Jug\u00f3 con el Espanyol dos temporadas 44\/45 y 45\/46. Con el Real Madrid jug\u00f3 la temporada 46\/47.\" class=\"event__photostory\" height=\"1690\" width=\"1350\"   loading=\"lazy\"\/>FerrusJug\u00f3 con el Espanyol dos temporadas 44\/45 y 45\/46. Con el Real Madrid jug\u00f3 la temporada 46\/47.<img decoding=\"async\" src=\"https:\/\/www.europesays.com\/es\/wp-content\/uploads\/2025\/09\/QM7QMC5B4BPMNHEHJJ3CM4WCEA.jpg\" alt=\"Jug\u00f3 con el Real Madrid desde 1950 hasta 1957. Con el Espanyol jug\u00f3 una \u00fanica temporada la 49\/50.\" class=\"event__photostory\" height=\"2001\" width=\"1350\"   loading=\"lazy\"\/>OlivaJug\u00f3 con el Real Madrid desde 1950 hasta 1957. Con el Espanyol jug\u00f3 una \u00fanica temporada la 49\/50.<img decoding=\"async\" src=\"https:\/\/www.europesays.com\/es\/wp-content\/uploads\/2025\/09\/OYY66PO6RVNRLJRNUGZZ7Q5QDI.jpg\" alt=\"Jug\u00f3 con el Real Madrid las temporadas 48\/49 y 49\/50. Con el Espanyol jug\u00f3 las temporadas 50\/51 y 51\/52.\" class=\"event__photostory\" height=\"1690\" width=\"1350\"   loading=\"lazy\"\/>SotoJug\u00f3 con el Real Madrid las temporadas 48\/49 y 49\/50. Con el Espanyol jug\u00f3 las temporadas 50\/51 y 51\/52.<img decoding=\"async\" src=\"https:\/\/www.europesays.com\/es\/wp-content\/uploads\/2025\/09\/DDB3U6R3RVNCNKUDIHSAH5ZU4E.jpg\" alt=\"Jug\u00f3 dos temporadas con el Real Madrid 48\/49, 49\/50 y con el Espanyol desde 1950 a 1957\" class=\"event__photostory\" height=\"1690\" width=\"1350\"   loading=\"lazy\"\/>MarcetJug\u00f3 dos temporadas con el Real Madrid 48\/49, 49\/50 y con el Espanyol desde 1950 a 1957<img decoding=\"async\" src=\"https:\/\/www.europesays.com\/es\/wp-content\/uploads\/2025\/09\/BOAD7LZVJBP6ZL4ROQZIZVYZH4.jpg\" alt=\"En 1953 ficha por el Real Madrid donde jug\u00f3 11 temporadas que le valieron para ser considerado como uno de sus m\u00edticos jugadores. Termin\u00f3 sus a\u00f1os como jugador en el Espanyol 64\/65 y 65\/66\" class=\"event__photostory\" height=\"1772\" width=\"1350\"   loading=\"lazy\"\/>Di St\u00e9fanoEn 1953 ficha por el Real Madrid donde jug\u00f3 11 temporadas que le valieron para ser considerado como uno de sus m\u00edticos jugadores. Termin\u00f3 sus a\u00f1os como jugador en el Espanyol 64\/65 y 65\/66<img decoding=\"async\" src=\"https:\/\/www.europesays.com\/es\/wp-content\/uploads\/2025\/09\/HBIQ5DSA7NJKFFCIWLW6RY45NI.jpg\" alt=\"Jug\u00f3 dos temporadas en el Real Madrid 61\/62, 62\/63 y otras dos temporadas en el Espanyol 63\/64 y 64\/65\" class=\"event__photostory\" height=\"1821\" width=\"1350\"   loading=\"lazy\"\/>TejadaJug\u00f3 dos temporadas en el Real Madrid 61\/62, 62\/63 y otras dos temporadas en el Espanyol 63\/64 y 64\/65<img decoding=\"async\" src=\"https:\/\/www.europesays.com\/es\/wp-content\/uploads\/2025\/09\/WW6FR5M35JK2PM6V56WW4AMZN4.jpg\" alt=\"Jug\u00f3 con el Real Madrid desde 1954 hasta el 1961. Con el Espanyol jug\u00f3 la temporada 61\/62.\" class=\"event__photostory\" height=\"1690\" width=\"1350\"   loading=\"lazy\"\/>RialJug\u00f3 con el Real Madrid desde 1954 hasta el 1961. Con el Espanyol jug\u00f3 la temporada 61\/62.<img decoding=\"async\" src=\"https:\/\/www.europesays.com\/es\/wp-content\/uploads\/2025\/09\/PRNALJFXJROUXKK7NILGQBJN2Q.jpg\" alt=\"Defendi\u00f3 los colores del Espanyol cinco temporadas de 1955 a 1960. Fich\u00f3 por el Real Madrid en 1960 donde estuvo hasta 1964.\" class=\"event__photostory\" height=\"874\" width=\"1350\"   loading=\"lazy\"\/>VicenteDIARIO ASDefendi\u00f3 los colores del Espanyol cinco temporadas de 1955 a 1960. Fich\u00f3 por el Real Madrid en 1960 donde estuvo hasta 1964.<img decoding=\"async\" src=\"https:\/\/www.europesays.com\/es\/wp-content\/uploads\/2025\/09\/EX3GYVJMZ5O6ZOUERAQ7DTKWHU.jpg\" alt=\"Jug\u00f3 con el Real Madrid durante dos temporadas 62\/63, 63\/64, y con el Espanyol la temporada 1970\/71.\" class=\"event__photostory\" height=\"1988\" width=\"1350\"   loading=\"lazy\"\/>YankoDIARIO ASJug\u00f3 con el Real Madrid durante dos temporadas 62\/63, 63\/64, y con el Espanyol la temporada 1970\/71.<img decoding=\"async\" src=\"https:\/\/www.europesays.com\/es\/wp-content\/uploads\/2025\/09\/EHHZDNR2HJPABAJCCIXDCCMUUQ.jpg\" alt=\"Jug\u00f3 dos temporadas con el Espanyol 1961\/62 y 63\/64. Con el Real Madrid jug\u00f3 una \u00fanica temporada la 64\/65\" class=\"event__photostory\" height=\"2083\" width=\"1350\"   loading=\"lazy\"\/>Santos BedoyaJug\u00f3 dos temporadas con el Espanyol 1961\/62 y 63\/64. Con el Real Madrid jug\u00f3 una \u00fanica temporada la 64\/65<img decoding=\"async\" src=\"https:\/\/www.europesays.com\/es\/wp-content\/uploads\/2025\/09\/HRISSPQ2ANOP3KFSHBIQLISDLU.jpg\" alt=\"Jug\u00f3 con el Real Madrid de 1964 a 1972 y con el Espanyol seis temporadas desde 1972 a 1978.\" class=\"event__photostory\" height=\"1900\" width=\"1350\"   loading=\"lazy\"\/>De FelipeJug\u00f3 con el Real Madrid de 1964 a 1972 y con el Espanyol seis temporadas desde 1972 a 1978.<img decoding=\"async\" src=\"https:\/\/www.europesays.com\/es\/wp-content\/uploads\/2025\/09\/W7KKIDCVCBJCLJLQOSF5BGKB4Y.jpg\" alt=\"Jug\u00f3 dos temporadas con el Real Madrid 67\/68 y 69\/70. Con el Espanyol jug\u00f3 otras dos temporadas 72\/73 y 73\/74.\" class=\"event__photostory\" height=\"1830\" width=\"1350\"   loading=\"lazy\"\/>De DiegoJug\u00f3 dos temporadas con el Real Madrid 67\/68 y 69\/70. Con el Espanyol jug\u00f3 otras dos temporadas 72\/73 y 73\/74.<img decoding=\"async\" src=\"https:\/\/www.europesays.com\/es\/wp-content\/uploads\/2025\/09\/WLGCY2MNXZJQTGU3QSBRMKZ3HQ.jpg\" alt=\"Jug\u00f3 con el Real Madrid las temporadas 69\/70 y 70\/71. Fich\u00f3 por el Espanyol en 1971 donde permaneci\u00f3 hasta 1976.\" class=\"event__photostory\" height=\"1884\" width=\"1350\"   loading=\"lazy\"\/>BorjaJug\u00f3 con el Real Madrid las temporadas 69\/70 y 70\/71. Fich\u00f3 por el Espanyol en 1971 donde permaneci\u00f3 hasta 1976.<img decoding=\"async\" src=\"https:\/\/www.europesays.com\/es\/wp-content\/uploads\/2025\/09\/AUAJOLNH6NO3ZMCZ67B7XL4C4Y.jpg\" alt=\"Jug\u00f3 cuatro temporadas en el Real Madrid de 1970 a 1974. Con el Espanyol jug\u00f3 nueve temporadas desde 1974 a 1983.\" class=\"event__photostory\" height=\"1690\" width=\"1350\"   loading=\"lazy\"\/>Mara\u00f1\u00f3nJug\u00f3 cuatro temporadas en el Real Madrid de 1970 a 1974. Con el Espanyol jug\u00f3 nueve temporadas desde 1974 a 1983.<img decoding=\"async\" src=\"https:\/\/www.europesays.com\/es\/wp-content\/uploads\/2025\/09\/XWVCPXIA6FKL5M6I2YSZVHXZQI.jpg\" alt=\"Defendi\u00f3 la camiseta del Real Madrid durante tres temporadas de 1971 a 1974. En 1975 fich\u00f3 por el Espanyol donde permaneci\u00f3 8 temporadas hasta 1983.\" class=\"event__photostory\" height=\"1399\" width=\"1350\"   loading=\"lazy\"\/>VerdugoDefendi\u00f3 la camiseta del Real Madrid durante tres temporadas de 1971 a 1974. En 1975 fich\u00f3 por el Espanyol donde permaneci\u00f3 8 temporadas hasta 1983.<img decoding=\"async\" src=\"https:\/\/www.europesays.com\/es\/wp-content\/uploads\/2025\/09\/XETXNXYV5ZMCVDYOUXYRJTTYEU.jpg\" alt=\"Jug\u00f3 cinco temporadas en el Espanyol en dos periodos de 1971 a 1974 y de 1980 a 1982. Con el Real Madrid jug\u00f3 seis temporadas de 1974 a 1980.\" class=\"event__photostory\" height=\"1920\" width=\"1350\"   loading=\"lazy\"\/>Roberto Mart\u00ednezJug\u00f3 cinco temporadas en el Espanyol en dos periodos de 1971 a 1974 y de 1980 a 1982. Con el Real Madrid jug\u00f3 seis temporadas de 1974 a 1980.<img decoding=\"async\" src=\"https:\/\/www.europesays.com\/es\/wp-content\/uploads\/2025\/09\/JFJPQKVUF5NFPLTUQGH33ACYSI.jpg\" alt=\"Jug\u00f3 dos temporadas en el Real Madrid 86\/87 y 87\/88. Con el Espanyol jug\u00f3 desde 1990 a 1993.\" class=\"event__photostory\" height=\"1936\" width=\"1350\"   loading=\"lazy\"\/>MinoJug\u00f3 dos temporadas en el Real Madrid 86\/87 y 87\/88. Con el Espanyol jug\u00f3 desde 1990 a 1993.<img decoding=\"async\" src=\"https:\/\/www.europesays.com\/es\/wp-content\/uploads\/2025\/09\/SC2XK3GFZ5NBJPJOL4JQF7CDZQ.jpg\" alt=\"Jug\u00f3 dos temporadas con el Real Madrid 81\/82 y 85\/86. Con el Espanyol jug\u00f3 tres temporadas desde 1986 a 1989.\" class=\"event__photostory\" height=\"1881\" width=\"1350\"   loading=\"lazy\"\/>FrancisJug\u00f3 dos temporadas con el Real Madrid 81\/82 y 85\/86. Con el Espanyol jug\u00f3 tres temporadas desde 1986 a 1989.<img decoding=\"async\" src=\"https:\/\/www.europesays.com\/es\/wp-content\/uploads\/2025\/09\/5POOU7HAYJORLOMTB4SOB37PJU.jpg\" alt=\"Defendi\u00f3 los colores del Espanyol desde 1983 a 1988. Jug\u00f3 con el Real Madrid la temporada 95\/96.\" class=\"event__photostory\" height=\"1230\" width=\"1350\"   loading=\"lazy\"\/>SolerDefendi\u00f3 los colores del Espanyol desde 1983 a 1988. Jug\u00f3 con el Real Madrid la temporada 95\/96.<img decoding=\"async\" src=\"https:\/\/www.europesays.com\/es\/wp-content\/uploads\/2025\/09\/2NL3VRHOZRKWHKZCLNQUIQTE7I.jpg\" alt=\"Jug\u00f3 con el Real Madrid dos temporadas 84\/85 y 87\/88. Con el Espanyol jug\u00f3 la temporada 88\/89.\" class=\"event__photostory\" height=\"1690\" width=\"1350\"   loading=\"lazy\"\/>Mandi\u00e1Jug\u00f3 con el Real Madrid dos temporadas 84\/85 y 87\/88. Con el Espanyol jug\u00f3 la temporada 88\/89.<img decoding=\"async\" src=\"https:\/\/www.europesays.com\/es\/wp-content\/uploads\/2025\/09\/COSCSOOP2FLNNIZJC4UF5VVEBM.jpg\" alt=\"Jug\u00f3 con el Real Madrid la temporada 84\/85, y posteriormente desde 1988 a 1991. Con el Espanyol solo jug\u00f3 la temporada 87\/88.\" class=\"event__photostory\" height=\"949\" width=\"1350\"   loading=\"lazy\"\/>LosadaJug\u00f3 con el Real Madrid la temporada 84\/85, y posteriormente desde 1988 a 1991. Con el Espanyol solo jug\u00f3 la temporada 87\/88.<img decoding=\"async\" src=\"https:\/\/www.europesays.com\/es\/wp-content\/uploads\/2025\/09\/ZBLD4H5RFVN5XO4Z4H22TFZHVQ.jpg\" alt=\"Jug\u00f3 con el Real Madrid, cuatro temporadas de 1992 a 1995 y la temporada 95\/96. Con el Espanyol jug\u00f3 de 1996 al 2001.\" class=\"event__photostory\" height=\"2163\" width=\"1350\"   loading=\"lazy\"\/>NandoJug\u00f3 con el Real Madrid, cuatro temporadas de 1992 a 1995 y la temporada 95\/96. Con el Espanyol jug\u00f3 de 1996 al 2001.<img decoding=\"async\" src=\"https:\/\/www.europesays.com\/es\/wp-content\/uploads\/2025\/09\/WM3X32R4A5IS7CMMCJMFZAH5VI.jpg\" alt=\"Jug\u00f3 con el Real Madrid desde 1987 a 1992 y con el Espanyol jug\u00f3 la temporada 96\/97.\" class=\"event__photostory\" height=\"1925\" width=\"1350\"   loading=\"lazy\"\/>AldanaJug\u00f3 con el Real Madrid desde 1987 a 1992 y con el Espanyol jug\u00f3 la temporada 96\/97.<img decoding=\"async\" src=\"https:\/\/www.europesays.com\/es\/wp-content\/uploads\/2025\/09\/PDJMTPQ7HFOHHDRGJERILRBBCM.jpg\" alt=\"Jug\u00f3 con el Real Madrid dos temporadas 87\/88 y 90\/91. Con el Espanyol jug\u00f3 la temporada 88\/89.\" class=\"event__photostory\" height=\"1690\" width=\"1350\"   loading=\"lazy\"\/>Arag\u00f3nJug\u00f3 con el Real Madrid dos temporadas 87\/88 y 90\/91. Con el Espanyol jug\u00f3 la temporada 88\/89.<img decoding=\"async\" src=\"https:\/\/www.europesays.com\/es\/wp-content\/uploads\/2025\/09\/EZOPEDZP6ZKQ7BT5N6DLJRKY2M.jpg\" alt=\"Jug\u00f3 en el Real Madrid entre 1994 y 1999 y en el Espanyol entre 2004 y 2005.\" class=\"event__photostory\" height=\"1055\" width=\"1350\"   loading=\"lazy\"\/>AmaviscaFOTO: DESMOND BOYLAN \/ REUTERSJug\u00f3 en el Real Madrid entre 1994 y 1999 y en el Espanyol entre 2004 y 2005.<img decoding=\"async\" src=\"https:\/\/www.europesays.com\/es\/wp-content\/uploads\/2025\/09\/LZMVU6GLQNJ33CH6FCNH7ELKJY.jpg\" alt=\"Fue canterano del Real Madrid entre 1990 y 1993 y milit\u00f3 en el Espanyol desde 1993 hasta 1998.\" class=\"event__photostory\" height=\"1211\" width=\"1350\"   loading=\"lazy\"\/>Torres MestreFue canterano del Real Madrid entre 1990 y 1993 y milit\u00f3 en el Espanyol desde 1993 hasta 1998.<img decoding=\"async\" src=\"https:\/\/www.europesays.com\/es\/wp-content\/uploads\/2025\/09\/FA3AQQPFYVJR7KXIFYUZGXDBKQ.jpg\" alt=\"El argentino lleg\u00f3 a Espa\u00f1a para jugar en el Real Madrid en una primera etapa entre 1991 y 1993 y en una segunda entre 1995 y 1996. En el Espanyol estuvo desde 1997 y 1999.\" class=\"event__photostory\" height=\"1490\" width=\"1350\"   loading=\"lazy\"\/>EsnaiderFOTO: MACARIO MU\u00c3\u0091OZ \/ DIARIO ASEl argentino lleg\u00f3 a Espa\u00f1a para jugar en el Real Madrid en una primera etapa entre 1991 y 1993 y en una segunda entre 1995 y 1996. En el Espanyol estuvo desde 1997 y 1999.<img decoding=\"async\" src=\"https:\/\/www.europesays.com\/es\/wp-content\/uploads\/2025\/09\/36553JOXEJLNXAMU77ZS6VJPGU.jpg\" alt=\"Comenz\u00f3 en el juvenil del Real Madrid en 1988 y en 1992 debut\u00f3 con el Real Madrid en primera donde jug\u00f3 hasta 1994. En 1995 ficha por el Espanyol donde permanece hasta 1997. \" class=\"event__photostory\" height=\"1849\" width=\"1350\"   loading=\"lazy\"\/>TorilComenz\u00f3 en el juvenil del Real Madrid en 1988 y en 1992 debut\u00f3 con el Real Madrid en primera donde jug\u00f3 hasta 1994. En 1995 ficha por el Espanyol donde permanece hasta 1997. <img decoding=\"async\" src=\"https:\/\/www.europesays.com\/es\/wp-content\/uploads\/2025\/09\/DIBG7GCT25N6FCOFTZ35IVLKSM.jpg\" alt=\"Fue canterano del Real Madrid, para terminar su relaci\u00f3n con el club blanco en 1997. En el Espanyol milit\u00f3 entre 2004 y 2005.\" class=\"event__photostory\" height=\"1176\" width=\"1350\"   loading=\"lazy\"\/>Dani Garc\u00ed\u00adaFOTO: Carlos Mira \/ DIARIO ASFue canterano del Real Madrid, para terminar su relaci\u00f3n con el club blanco en 1997. En el Espanyol milit\u00f3 entre 2004 y 2005.<img decoding=\"async\" src=\"https:\/\/www.europesays.com\/es\/wp-content\/uploads\/2025\/09\/ODBN4OX62NKXHEWN4TACTPPV44.jpg\" alt=\"Jug\u00f3 entre 1998 y 1999 en el Espanyol y ese mismo a\u00f1o fich\u00f3 por el Real Madrid, donde estuvo hasta 2007.\" class=\"event__photostory\" height=\"1564\" width=\"1350\"   loading=\"lazy\"\/>Iv\u00e1n HelgueraJug\u00f3 entre 1998 y 1999 en el Espanyol y ese mismo a\u00f1o fich\u00f3 por el Real Madrid, donde estuvo hasta 2007.<img decoding=\"async\" src=\"https:\/\/www.europesays.com\/es\/wp-content\/uploads\/2025\/09\/24WK2AUXINKFZEMPYXQSVQYKQ4.jpg\" alt=\"El sevillano estuvo en el Real Madrid entre 2006 y 2007. Jug\u00f3 en el Espanyol la temporada 2016-2017.\" class=\"event__photostory\" height=\"899\" width=\"1350\"   loading=\"lazy\"\/>ReyesFOTO: JESUS AGUILERA \/ DIARIO ASEl sevillano estuvo en el Real Madrid entre 2006 y 2007. Jug\u00f3 en el Espanyol la temporada 2016-2017.<img decoding=\"async\" src=\"https:\/\/www.europesays.com\/es\/wp-content\/uploads\/2025\/09\/K6RDHTJMLBMMNFAUTNKRXW5TRU.jpg\" alt=\"Fue canterano del Real Madrid y jug\u00f3 cedido en dos etapas diferentes en el Espanyol, en el a\u00f1o 2000 y entre 2001 y 2002.\" class=\"event__photostory\" height=\"1277\" width=\"1350\"   loading=\"lazy\"\/>AganzoFOTO: ANDREA COMAS \/ REUTERSFue canterano del Real Madrid y jug\u00f3 cedido en dos etapas diferentes en el Espanyol, en el a\u00f1o 2000 y entre 2001 y 2002.<img decoding=\"async\" src=\"https:\/\/www.europesays.com\/es\/wp-content\/uploads\/2025\/09\/37YVXCW36NP27NSUPVXANVGW5E.jpg\" alt=\"Fue canterano del Real Madrid y estuvo en el club blanco desde 2000 hasta 2002. Jug\u00f3 en el Espanyol entre 2007 y 2009.\" class=\"event__photostory\" height=\"968\" width=\"1350\"   loading=\"lazy\"\/>ValdoFOTO: RODOLFO MOLINA \/ DIARIO ASFue canterano del Real Madrid y estuvo en el club blanco desde 2000 hasta 2002. Jug\u00f3 en el Espanyol entre 2007 y 2009.<img decoding=\"async\" src=\"https:\/\/www.europesays.com\/es\/wp-content\/uploads\/2025\/09\/DSLZU6JORNPYXL32OGJEEY2GRI.jpg\" alt=\"Estuvo en el Real Madrid entre 1999 y 2004 y en el Espanyol desde 2004 hasta 2005.\" class=\"event__photostory\" height=\"1566\" width=\"1350\"   loading=\"lazy\"\/>Mi\u00f1ambresFOTO: JESUS AGUILERA \/ DIARIO ASEstuvo en el Real Madrid entre 1999 y 2004 y en el Espanyol desde 2004 hasta 2005.<img decoding=\"async\" src=\"https:\/\/www.europesays.com\/es\/wp-content\/uploads\/2025\/09\/ROQ7NR74QNO2PJZITI4EL6FYDI.jpg\" alt=\"El alicantino estuvo en el Real Madrid desde 2002 hasta 2005. Ese mismo a\u00f1o fich\u00f3 por el Espanyol donde jug\u00f3 hasta el a\u00f1o siguiente. el 2006.\" class=\"event__photostory\" height=\"1025\" width=\"1350\"   loading=\"lazy\"\/>JuanfranFOTO: CARLOS MIRA \/ DIARIO ASEl alicantino estuvo en el Real Madrid desde 2002 hasta 2005. Ese mismo a\u00f1o fich\u00f3 por el Espanyol donde jug\u00f3 hasta el a\u00f1o siguiente. el 2006.<img decoding=\"async\" src=\"https:\/\/www.europesays.com\/es\/wp-content\/uploads\/2025\/09\/GGPOKEHV25J3DIDQPN5PBKK5Q4.jpg\" alt=\"Estuvo en el Real Madrid entre 2006\u00a15 y 2006 y en el Espanyol desde 2016 hasta 2018.\" class=\"event__photostory\" height=\"1440\" width=\"1350\"   loading=\"lazy\"\/>JuradoDIARIO ASEstuvo en el Real Madrid entre 2006\u00a15 y 2006 y en el Espanyol desde 2016 hasta 2018.<img decoding=\"async\" src=\"https:\/\/www.europesays.com\/es\/wp-content\/uploads\/2025\/09\/JZDMGJXGNJK7RNZIBC5RP62YB4.jpg\" alt=\"Milit\u00f3 en varias etapas en el Real Madrid, la \u00falitma hasta 2014. Es el actual portero titular del Espanyol, donde lleg\u00f3 en 2016.\" class=\"event__photostory\" height=\"1064\" width=\"1350\"   loading=\"lazy\"\/>Diego L\u00f3pezFOTO: GORKA LEIZA \/ DIARIO ASMilit\u00f3 en varias etapas en el Real Madrid, la \u00falitma hasta 2014. Es el actual portero titular del Espanyol, donde lleg\u00f3 en 2016.<img decoding=\"async\" src=\"https:\/\/www.europesays.com\/es\/wp-content\/uploads\/2025\/09\/BX6OFIORCFLZNCO37AENAJLAHA.jpg\" alt=\"Canterano madridista, la \u00faltma vez que visti\u00f3 la camiseta blanca fue en 2012. Entre 2017 y 2020 jug\u00f3 en el Espanyol.\" class=\"event__photostory\" height=\"899\" width=\"1350\"   loading=\"lazy\"\/>GraneroFOTO: Rodolfo Molina \/ DIARIO ASCanterano madridista, la \u00faltma vez que visti\u00f3 la camiseta blanca fue en 2012. Entre 2017 y 2020 jug\u00f3 en el Espanyol.<img decoding=\"async\" src=\"https:\/\/www.europesays.com\/es\/wp-content\/uploads\/2025\/09\/YFI7ET5CF5NKLORQFIEB2NBJFY.jpg\" alt=\"Se incorpor\u00f3 a las categor\u00edas inferiores del Real Madrid, en edad cadete, y donde permaneci\u00f3 durante cinco temporadas hasta llegar al Castilla. En 2007 ficha por el filial del Espanyol y en 2008  debuta con el primer equipo.&#10;\" class=\"event__photostory\" height=\"1864\" width=\"1350\"   loading=\"lazy\"\/>Kiko CasillaFOTO: CHEMA DIAZ \/ DIARIO ASSe incorpor\u00f3 a las categor\u00edas inferiores del Real Madrid, en edad cadete, y donde permaneci\u00f3 durante cinco temporadas hasta llegar al Castilla. En 2007 ficha por el filial del Espanyol y en 2008  debuta con el primer equipo.<br \/>\n<img decoding=\"async\" src=\"https:\/\/www.europesays.com\/es\/wp-content\/uploads\/2025\/09\/AKT22KNGL5NGLD7VVQ775VQC2M.jpg\" alt=\"Fue canterano madridista, y jug\u00f3 entre 2006 y 2008 y entre 2011 y 2013 en el club blanco. En el Espanyol jug\u00f3 desde 2008 hasta 2011.\" class=\"event__photostory\" height=\"1265\" width=\"1350\"   loading=\"lazy\"\/>Callej\u00f3nFOTO: CARLOS MIRA \/ DIARIO ASFue canterano madridista, y jug\u00f3 entre 2006 y 2008 y entre 2011 y 2013 en el club blanco. En el Espanyol jug\u00f3 desde 2008 hasta 2011.<img decoding=\"async\" src=\"https:\/\/www.europesays.com\/es\/wp-content\/uploads\/2025\/09\/PRP3VTERV5KX7N7RBVVAGRHIKA.jpg\" alt=\"Jug\u00f3 en el Real Madrid entre 2010 y 2013. Ese a\u00f1o lleg\u00f3 a la plantilla del Espanyol, donde estuvo hasta 2015.\" class=\"event__photostory\" height=\"1486\" width=\"1350\"   loading=\"lazy\"\/>\u00c1lex Fern\u00e1ndezFOTO: CARLOS MIRA \/ DIARIO ASJug\u00f3 en el Real Madrid entre 2010 y 2013. Ese a\u00f1o lleg\u00f3 a la plantilla del Espanyol, donde estuvo hasta 2015.<img decoding=\"async\" src=\"https:\/\/www.europesays.com\/es\/wp-content\/uploads\/2025\/09\/UBLBA3YOGZNGVK6Z4OBTPIAV4I.jpg\" alt=\"El canterano madridista es actual jugador de la plantilla del club blanco, pero milit\u00f3 en el Espanyol la temporada 2014-2015.\" class=\"event__photostory\" height=\"2315\" width=\"1350\"   loading=\"lazy\"\/>Lucas V\u00e1zquezFOTO: JESUS RUBIO \/ DIARIO ASEl canterano madridista es actual jugador de la plantilla del club blanco, pero milit\u00f3 en el Espanyol la temporada 2014-2015.<img decoding=\"async\" src=\"https:\/\/www.europesays.com\/es\/wp-content\/uploads\/2025\/09\/KUUYCHNJJFNSLPEV6FDSQNUMAE.jpg\" alt=\"Estuvo entre 2015 y 2016 en el Espanyol y ese mismo a\u00f1o se fue al Real Madrid donde jug\u00f3 hasta el a\u00f1o 2023.\" class=\"event__photostory\" height=\"1688\" width=\"1350\"   loading=\"lazy\"\/>Marco AsensioFOTO: Gonzalo Arroyo Moreno \/ Getty ImagesEstuvo entre 2015 y 2016 en el Espanyol y ese mismo a\u00f1o se fue al Real Madrid donde jug\u00f3 hasta el a\u00f1o 2023.<img decoding=\"async\" src=\"https:\/\/www.europesays.com\/es\/wp-content\/uploads\/2025\/09\/EAZXOSAEWBFRXO5I5X7QRRX3LU.jpg\" alt=\"Defendi\u00f3 la camiseta del Real Madrid y su filial durante dos temporadas desde 2010 hasta 2012. En el Espanyol estuvo la temporada 2022-23 anotando 16 goles en 4 partidos, y pese a sus buenas cifras goleadores, el Espanyol acab\u00f3 descendiendo esa temporada. Posteriormente volvi\u00f3 al Real Madrid donde estuvo una exitosa temporada, la 2023-24.\" class=\"event__photostory\" height=\"3333\" width=\"5000\"   loading=\"lazy\"\/>JoseluFOTO: Nicol\u00f2 Campo \/ LightRocket via Getty ImagesDefendi\u00f3 la camiseta del Real Madrid y su filial durante dos temporadas desde 2010 hasta 2012. En el Espanyol estuvo la temporada 2022-23 anotando 16 goles en 4 partidos, y pese a sus buenas cifras goleadores, el Espanyol acab\u00f3 descendiendo esa temporada. Posteriormente volvi\u00f3 al Real Madrid donde estuvo una exitosa temporada, la 2023-24.Etiquetado en:Productos recomendados<\/p>\n","protected":false},"excerpt":{"rendered":"50 futbolistas que han jugado en el Real Madrid y Espanyol &#8211; AS.comLaLiga EA SportsA lo largo de&hellip;\n","protected":false},"author":2,"featured_media":127002,"comment_status":"","ping_status":"","sticky":false,"template":"","format":"standard","meta":{"footnotes":""},"categories":[268],"tags":[168,25,24,280,282,281,23,167],"class_list":{"0":"post-127001","1":"post","2":"type-post","3":"status-publish","4":"format-standard","5":"has-post-thumbnail","7":"category-futbol","8":"tag-deportes","9":"tag-es","10":"tag-espana","11":"tag-football","12":"tag-futbol","13":"tag-soccer","14":"tag-spain","15":"tag-sports"},"share_on_mastodon":{"url":"","error":""},"_links":{"self":[{"href":"https:\/\/www.europesays.com\/es\/wp-json\/wp\/v2\/posts\/127001","targetHints":{"allow":["GET"]}}],"collection":[{"href":"https:\/\/www.europesays.com\/es\/wp-json\/wp\/v2\/posts"}],"about":[{"href":"https:\/\/www.europesays.com\/es\/wp-json\/wp\/v2\/types\/post"}],"author":[{"embeddable":true,"href":"https:\/\/www.europesays.com\/es\/wp-json\/wp\/v2\/users\/2"}],"replies":[{"embeddable":true,"href":"https:\/\/www.europesays.com\/es\/wp-json\/wp\/v2\/comments?post=127001"}],"version-history":[{"count":0,"href":"https:\/\/www.europesays.com\/es\/wp-json\/wp\/v2\/posts\/127001\/revisions"}],"wp:featuredmedia":[{"embeddable":true,"href":"https:\/\/www.europesays.com\/es\/wp-json\/wp\/v2\/media\/127002"}],"wp:attachment":[{"href":"https:\/\/www.europesays.com\/es\/wp-json\/wp\/v2\/media?parent=127001"}],"wp:term":[{"taxonomy":"category","embeddable":true,"href":"https:\/\/www.europesays.com\/es\/wp-json\/wp\/v2\/categories?post=127001"},{"taxonomy":"post_tag","embeddable":true,"href":"https:\/\/www.europesays.com\/es\/wp-json\/wp\/v2\/tags?post=127001"}],"curies":[{"name":"wp","href":"https:\/\/api.w.org\/{rel}","templated":true}]}}