{"id":127009,"date":"2025-09-20T08:29:08","date_gmt":"2025-09-20T08:29:08","guid":{"rendered":"https:\/\/www.europesays.com\/es\/127009\/"},"modified":"2025-09-20T08:29:08","modified_gmt":"2025-09-20T08:29:08","slug":"the-morning-show-el-periodismo-ha-muerto-larga-vida-al-periodismo-television","status":"publish","type":"post","link":"https:\/\/www.europesays.com\/es\/127009\/","title":{"rendered":"\u2018The Morning Show\u2019: El periodismo ha muerto, larga vida al periodismo | Televisi\u00f3n"},"content":{"rendered":"<p class=\"\"><a href=\"https:\/\/elpais.com\/television\/2023-10-04\/the-morning-show-o-la-supervivencia-del-periodismo-autoinmune.html\" target=\"_self\" rel=\"nofollow noopener\" title=\"https:\/\/elpais.com\/television\/2023-10-04\/the-morning-show-o-la-supervivencia-del-periodismo-autoinmune.html\">El mundo no est\u00e1 dando a The Morning Show<\/a> (Apple TV+) la importancia que merece. No existe otra serie en este momento \u2014y es un momento que dura a\u00f1os, <a href=\"https:\/\/elpais.com\/television\/2025-08-31\/poquita-fe-pubertat-y-otras-series-recomendadas-para-septiembre.html\" target=\"_self\" rel=\"nofollow noopener\" title=\"https:\/\/elpais.com\/television\/2025-08-31\/poquita-fe-pubertat-y-otras-series-recomendadas-para-septiembre.html\">estamos hablando de su cuarta temporada<\/a>\u2014 que refleje la crisis del periodismo y la transformaci\u00f3n de aquello que entendemos por conciencia colectiva. Nadie est\u00e1 dejando tan claro, y de forma tan did\u00e1ctica y hasta experiencial \u2014el espectador es un integrante m\u00e1s de la cadena, entiende como nunca en qu\u00e9 consiste tener las manos atadas\u2014, que la idea de una \u00fanica verdad ha muerto. Con ella tambi\u00e9n lo ha hecho cualquier posibilidad de credibilidad en unos medios tan dependientes de los reajustes de deuda que cualquier riesgo de no contentar a alguien \u2014tomando partido, es decir, haciendo aut\u00e9ntico periodismo\u2014 es inasumible. \u00bfQue a\u00fan no se han atrevido a verla? H\u00e1ganse un favor y no pierdan el tiempo. Est\u00e1 radiografiando el mundo como si fuese, ella misma, el \u00fanico peri\u00f3dico que est\u00e1 contando la verdad, o la parte m\u00e1s lamentable de ella. <\/p>\n<p>M\u00e1s informaci\u00f3n<\/p>\n<p class=\"\">Este es el invento de Jennifer Aniston y Reese Witherspoon, <a href=\"https:\/\/elpais.com\/television\/2021-09-12\/reese-witherspoon-y-jennifer-aniston-cancelan-la-cultura-de-la-cancelacion-en-the-morning-show.html\" target=\"_self\" rel=\"nofollow noopener\" title=\"https:\/\/elpais.com\/television\/2021-09-12\/reese-witherspoon-y-jennifer-aniston-cancelan-la-cultura-de-la-cancelacion-en-the-morning-show.html\">que protagonizan la serie porque primero la impulsaron como productoras<\/a>, en una suerte de movimiento similar al que sus personajes hacen en pantalla, siendo su cometido el de mostrar de qu\u00e9 forma el periodismo puede convertirse en la \u00fanica salida a cualquier injusticia, siempre que se practique. Despu\u00e9s lo edific\u00f3 Kerry Ehrin, guionista, por cierto, <a href=\"https:\/\/elpais.com\/television\/2024-12-22\/vuelve-luz-de-luna-el-motivo-por-el-que-muchas-de-las-series-clasicas-favoritas-no-estan-en-plataformas.html\" target=\"_self\" rel=\"nofollow noopener\" title=\"https:\/\/elpais.com\/television\/2024-12-22\/vuelve-luz-de-luna-el-motivo-por-el-que-muchas-de-las-series-clasicas-favoritas-no-estan-en-plataformas.html\">de Luz de luna<\/a>. Y ello enmascara en su propia condici\u00f3n de elemento superfluo \u2014un programa matinal que, como dice el personaje de Witherspoon esta temporada, \u201cse dedica a hablar de recetas\u201d\u2014 una inigualable capacidad de denuncia. En Estados Unidos hay una guerra ideol\u00f3gica en marcha, y <a href=\"https:\/\/elpais.com\/internacional\/2025-09-17\/abc-suspende-indefinidamente-el-programa-de-jimmy-kimmel-por-un-comentario-del-comico-sobre-charlie-kirk.html\" target=\"_self\" rel=\"nofollow noopener\" title=\"https:\/\/elpais.com\/internacional\/2025-09-17\/abc-suspende-indefinidamente-el-programa-de-jimmy-kimmel-por-un-comentario-del-comico-sobre-charlie-kirk.html\">la suspensi\u00f3n del programa de Jimmy Kimmel esta semana<\/a> \u2014por <a href=\"https:\/\/elpais.com\/television\/2025-09-18\/que-dijo-jimmy-kimmel-sobre-charlie-kirk-estas-son-las-palabras-que-han-provocado-su-despedido.html\" target=\"_self\" rel=\"nofollow noopener\" title=\"https:\/\/elpais.com\/television\/2025-09-18\/que-dijo-jimmy-kimmel-sobre-charlie-kirk-estas-son-las-palabras-que-han-provocado-su-despedido.html\">un comentario que la Casa Blanca<\/a> ha considerado \u201cinadecuado\u201d\u2014 es una buena muestra de ello, y tambi\u00e9n lo es la querella <a href=\"https:\/\/elpais.com\/internacional\/2025-09-16\/trump-anuncia-una-demanda-de-15000-millones-de-dolares-contra-the-new-york-times-por-difamacion.html\" target=\"_self\" rel=\"nofollow noopener\" title=\"https:\/\/elpais.com\/internacional\/2025-09-16\/trump-anuncia-una-demanda-de-15000-millones-de-dolares-contra-the-new-york-times-por-difamacion.html\">por difamaci\u00f3n del presidente Trump contra The New York Times<\/a>. Les pide 15.000 millones de d\u00f3lares.<\/p>\n<p><img decoding=\"auto\" class=\"_re lazyload a_m-h\" height=\"276\"  width=\"414\"  src=\"https:\/\/www.europesays.com\/es\/wp-content\/uploads\/2025\/09\/SV7JP462PVGF5ICLLNRFNOZWKY.jpg\" loading=\"lazy\"\/>Jennifer Aniston, en la cuarta temporada de &#8216;The Morning Show&#8217;.Apple TV+<\/p>\n<p class=\"\">El acierto, una y otra vez, <a href=\"https:\/\/elpais.com\/television\/2021-09-21\/a-the-morning-show-le-conviene-el-apocalipsis.html\" target=\"_self\" rel=\"nofollow noopener\" title=\"https:\/\/elpais.com\/television\/2021-09-21\/a-the-morning-show-le-conviene-el-apocalipsis.html\">de The Morning Show<\/a> es que se desarrolla en un presente alternativo que contiene el mundo de hoy, pero no exactamente. Es decir, es 2024, van a celebrarse en Par\u00eds los Juegos Ol\u00edmpicos; lo que da pie, y esto es francamente interesante, para hablar de una cobertura global a trav\u00e9s de una inteligencia artificial (IA) que permite a Alex Levy (Aniston) cubrir el evento en todos los idiomas. Tambi\u00e9n hay unas elecciones en camino. Pero lo que ocurre no es pasado, est\u00e1 ligado a un presente que en aquel momento era futuro \u2014nadie se plante\u00f3 cubrir los Juegos Ol\u00edmpicos con IA\u2014. <\/p>\n<p class=\"\">Al situarse en esa realidad alternativa, el mensaje es a\u00fan m\u00e1s potente. Porque vemos el pasado intervenido por el presente, y se hace m\u00e1s evidente de qu\u00e9 manera el periodismo podr\u00eda haber cambiado las cosas, y no lo hizo. A la vez, evaden cualquier posibilidad de ataque pol\u00edtico como los que estamos viendo estos d\u00edas. Quien controle los medios, controlar\u00e1 el mundo, dec\u00edan, y sigue siendo cierto.<\/p>\n<p><img decoding=\"auto\" class=\"_re lazyload a_m-h\" height=\"276\"  width=\"414\"  src=\"https:\/\/www.europesays.com\/es\/wp-content\/uploads\/2025\/09\/HA3BLHMDIVEU5HLLSIUMYLWF34.jpg\" loading=\"lazy\"\/>Boyd Holbrook, en la cuarta temporada de &#8216;The Morning Show&#8217;.Apple TV+<\/p>\n<p class=\"\">El problema hoy es que los medios son infinitos. Y la verdad muta a cada segundo. De eso tambi\u00e9n se ocupa The Morning Show, que, al pertenecer el programa en cuesti\u00f3n a un conglomerado informativo y de medios, la \u00fanica manera de sobrevivir en un mundo que est\u00e1 dejando atr\u00e1s cualquier tipo de canal tradicional es la de convivir con las contradicciones de tener en plantilla a la vez a alguien que \u2014a riesgo <a href=\"https:\/\/elpais.com\/television\/2025-09-18\/de-ben-stiller-a-los-sindicatos-hollywood-alza-la-voz-contra-el-despido-de-jimmy-kimmel-la-verdadera-cultura-de-la-cancelacion.html\" target=\"_self\" rel=\"nofollow noopener\" title=\"https:\/\/elpais.com\/television\/2025-09-18\/de-ben-stiller-a-los-sindicatos-hollywood-alza-la-voz-contra-el-despido-de-jimmy-kimmel-la-verdadera-cultura-de-la-cancelacion.html\">de acabar como Jimmy Kimmel<\/a>\u2014 da la cara por una deportista iran\u00ed que busca asilo en directo, y tambi\u00e9n a un podcaster mis\u00f3gino, hom\u00f3fobo y racista que insiste a diario en que Bill Gates cre\u00f3 el \u00e9bola y que la Tierra es plana. <\/p>\n<p>M\u00e1s informaci\u00f3n<\/p>\n<p class=\"\">\u00bfC\u00f3mo pretender la credibilidad cuando se ha vendido el alma al diablo? Con la acci\u00f3n personal. Lo que The Morning Show demuestra, otra vez, intachable, ajustad\u00edsima y brillantemente, es que puede que el periodismo haya muerto, pero los periodistas no. Y puede que sea complicado hacerse o\u00edr, como les dice Bradley Jackson (Whiterspoon) a sus alumnos \u201cen un mundo de teor\u00edas de la conspiraci\u00f3n y en el que los algoritmos solo nos muestran lo que queremos ver\u201d, pero no imposible.<\/p>\n<p><img decoding=\"auto\" class=\"_re lazyload a_m-h\" height=\"276\"  width=\"414\"  src=\"https:\/\/www.europesays.com\/es\/wp-content\/uploads\/2025\/09\/KOBQQMMLU5EWROOOWNU3IADLNY.jpg\" loading=\"lazy\"\/>Jeremy Irons, en la cuarta temporada de &#8216;The Morning Show&#8217;.Apple TV+<\/p>\n","protected":false},"excerpt":{"rendered":"El mundo no est\u00e1 dando a The Morning Show (Apple TV+) la importancia que merece. No existe otra&hellip;\n","protected":false},"author":2,"featured_media":127010,"comment_status":"","ping_status":"","sticky":false,"template":"","format":"standard","meta":{"footnotes":""},"categories":[171],"tags":[12178,17104,146,147,25,24,136,20187,20754,1925,2151,29551,6586,8189,23,807,214],"class_list":{"0":"post-127009","1":"post","2":"type-post","3":"status-publish","4":"format-standard","5":"has-post-thumbnail","7":"category-tv","8":"tag-apple-tv","9":"tag-critica-television","10":"tag-entertainment","11":"tag-entretenimiento","12":"tag-es","13":"tag-espana","14":"tag-inteligencia-artificial","15":"tag-jennifer-aniston","16":"tag-jimmy-kimmel","17":"tag-opinion","18":"tag-periodismo","19":"tag-reese-witherspoon","20":"tag-series-drama","21":"tag-series-television","22":"tag-spain","23":"tag-television","24":"tag-tv"},"share_on_mastodon":{"url":"","error":""},"_links":{"self":[{"href":"https:\/\/www.europesays.com\/es\/wp-json\/wp\/v2\/posts\/127009","targetHints":{"allow":["GET"]}}],"collection":[{"href":"https:\/\/www.europesays.com\/es\/wp-json\/wp\/v2\/posts"}],"about":[{"href":"https:\/\/www.europesays.com\/es\/wp-json\/wp\/v2\/types\/post"}],"author":[{"embeddable":true,"href":"https:\/\/www.europesays.com\/es\/wp-json\/wp\/v2\/users\/2"}],"replies":[{"embeddable":true,"href":"https:\/\/www.europesays.com\/es\/wp-json\/wp\/v2\/comments?post=127009"}],"version-history":[{"count":0,"href":"https:\/\/www.europesays.com\/es\/wp-json\/wp\/v2\/posts\/127009\/revisions"}],"wp:featuredmedia":[{"embeddable":true,"href":"https:\/\/www.europesays.com\/es\/wp-json\/wp\/v2\/media\/127010"}],"wp:attachment":[{"href":"https:\/\/www.europesays.com\/es\/wp-json\/wp\/v2\/media?parent=127009"}],"wp:term":[{"taxonomy":"category","embeddable":true,"href":"https:\/\/www.europesays.com\/es\/wp-json\/wp\/v2\/categories?post=127009"},{"taxonomy":"post_tag","embeddable":true,"href":"https:\/\/www.europesays.com\/es\/wp-json\/wp\/v2\/tags?post=127009"}],"curies":[{"name":"wp","href":"https:\/\/api.w.org\/{rel}","templated":true}]}}