{"id":127011,"date":"2025-09-20T08:30:19","date_gmt":"2025-09-20T08:30:19","guid":{"rendered":"https:\/\/www.europesays.com\/es\/127011\/"},"modified":"2025-09-20T08:30:19","modified_gmt":"2025-09-20T08:30:19","slug":"asi-es-isadora-figueroa-la-hija-de-chayanne-que-ha-sido-nominada-a-un-grammy-latino","status":"publish","type":"post","link":"https:\/\/www.europesays.com\/es\/127011\/","title":{"rendered":"As\u00ed es Isadora Figueroa, la hija de Chayanne que ha sido nominada a un Grammy Latino"},"content":{"rendered":"<p>Es tiempo de celebraci\u00f3n para <strong>Chayanne<\/strong> y los suyos. El cantante puertorrique\u00f1o no puede ocultar la emoci\u00f3n tras conocerse que su hija <strong>Isadora Figueroa<\/strong> ha sido nominada al <strong>Grammy Latino<\/strong> en la categor\u00eda de <strong>Mejor Artista Nuevo<\/strong>. La <strong>Academia Latina de la Grabaci\u00f3n<\/strong> anunci\u00f3 hace unas horas la lista de candidatos y, poco despu\u00e9s, la joven comparti\u00f3 sus sentimientos con sus seguidores.<\/p>\n<p><img fetchpriority=\"high\" decoding=\"async\" width=\"615\" height=\"1024\" src=\"https:\/\/theobjective.com\/wp-content\/uploads\/2025\/09\/isadora-chayanne.avif\" alt=\"Isadora y Chayanne\" class=\"wp-image-3725498\"  \/>Isadora y Chayanne<\/p>\n<p>\u00abIntento poner en palabras lo que siento\u2026 pero<strong> todav\u00eda no me lo creo<\/strong>\u2026 y cada vez que lo pienso, se me aguan los ojos. C\u00f3mo le explico a la nenita de 6 a\u00f1os que escrib\u00eda canciones en su cuartoque hoy est\u00e1 nominada a un Latin Grammy. (\u2026) He so\u00f1ado toda mi vida con hacer m\u00fasica y dar amor\u2026 y hoy ese sue\u00f1o se est\u00e1 cumpliendo. Gracias Dios, gracias m\u00fasica, gracias familia, gracias a cada persona que he conocido en este camino y gracias a ustedes por sentir conmigo cada canci\u00f3n, por creer en m\u00ed, y por amar conmigo\u00bb, expres\u00f3<strong> la artista<\/strong>,<strong> de 24 a\u00f1os<\/strong>. \u00abY felicidades a todos los dem\u00e1s nominados. Los admiro much\u00edsimo y gracias por hacer la m\u00fasica que me inspira cada d\u00eda\u00bb, a\u00f1adi\u00f3. Entre los nombres que compiten en la misma categor\u00eda figuran los espa\u00f1oles <strong>Aitana, Dani Mart\u00edn, Alejandro Sanz, Leiva<\/strong> y <strong>Judeline<\/strong>.<\/p>\n<blockquote class=\"instagram-media\" data-instgrm-captioned=\"\" data-instgrm-permalink=\"https:\/\/www.instagram.com\/reel\/DOuDVbrjRKc\/?utm_source=ig_embed&amp;utm_campaign=loading\" data-instgrm-version=\"14\" style=\" background:#FFF; border:0; border-radius:3px; box-shadow:0 0 1px 0 rgba(0,0,0,0.5),0 1px 10px 0 rgba(0,0,0,0.15); margin: 1px; max-width:540px; min-width:326px; padding:0; width:99.375%; width:-webkit-calc(100% - 2px); width:calc(100% - 2px);\"\/>\n<p>Isadora, la hija menor de Chayanne y Marilisa Maronesse<\/p>\n<p>El orgullo se ha hecho extensivo a toda la familia. Isadora es la hija menor de <strong>Chayanne<\/strong> y <strong>Marilisa Maronesse<\/strong>, y hermana de <strong>Lorenzo Figueroa<\/strong>. Con ella, el int\u00e9rprete de Torero comparti\u00f3 momentos inolvidables, como el c\u00e9lebre vals de sus 15 a\u00f1os, y ahora ha querido dedicarle unas palabras muy especiales: \u00abMi ni\u00f1a bonita, me siento orgulloso por tu nominaci\u00f3n al Grammy, es algo que se gana con esfuerzo y dedicaci\u00f3n y eso es lo que veo en ti todos los d\u00edas, se hace camino al andar, \u00a1sigue adelante!\u00bb. El mensaje lo acompa\u00f1\u00f3 con una imagen entra\u00f1able de ambos cuando ella era una ni\u00f1a.<\/p>\n<blockquote class=\"instagram-media\" data-instgrm-permalink=\"https:\/\/www.instagram.com\/reel\/DOuoy9XDk9O\/?utm_source=ig_embed&amp;utm_campaign=loading\" data-instgrm-version=\"14\" style=\" background:#FFF; border:0; border-radius:3px; box-shadow:0 0 1px 0 rgba(0,0,0,0.5),0 1px 10px 0 rgba(0,0,0,0.15); margin: 1px; max-width:540px; min-width:326px; padding:0; width:99.375%; width:-webkit-calc(100% - 2px); width:calc(100% - 2px);\"\/>\n<p>El entusiasmo lleg\u00f3 tambi\u00e9n desde la rama m\u00e1s medi\u00e1tica de la familia. <strong>Lele Pons<\/strong>, prima de Isadora, escribi\u00f3 en redes: \u00abMi beb\u00e9, hermana, mi persona favorita est\u00e1 nominada para los Latin Grammys. \u00a1Tan orgullosa de ti, Isa! Te amamos\u00bb.<\/p>\n<p>Una carrera en ascenso<\/p>\n<p>Isadora Figueroa inici\u00f3 su camino musical en diciembre de 2022 con el sencillo <strong>HBD<\/strong>, al que siguieron temas como <strong>Dime Qu\u00e9 Hago<\/strong> y <strong>Ag\u00fcita Con Sal<\/strong>, adem\u00e1s de participar en proyectos junto a artistas de primera l\u00ednea, como su aparici\u00f3n en el videoclip Soltera de <strong>Shakira<\/strong>. La joven, graduada con honores en <strong>Composici\u00f3n Musical<\/strong> por la <strong>Escuela de M\u00fasica Frost<\/strong> de la Universidad de Miami, busca hacerse un nombre propio en la industria, con el apoyo cercano de su padre, pero siempre construyendo una identidad art\u00edstica independiente.<\/p>\n<p>Para Chayanne, este momento es motivo de orgullo personal y profesional. \u00abLo de ser padre ha sido una bendici\u00f3n. <strong>Tengo dos hijos maravillosos<\/strong>. Isadora est\u00e1 en la m\u00fasica y haciendo sus canciones, componiendo, que de eso se gradu\u00f3\u00bb, declar\u00f3 en una entrevista con Despierta Am\u00e9rica. Mientras tanto, <strong>Lorenzo<\/strong>, el hijo mayor, se abre paso en el mundo de la moda como <strong>modelo y dise\u00f1ador<\/strong>, con su firma Stamos Bien, que ya ha desfilado en la <strong>Semana de la Moda de Nueva York<\/strong>.<\/p>\n<p>                                                    <script async src=\"\/\/www.instagram.com\/embed.js\"><\/script><\/p>\n","protected":false},"excerpt":{"rendered":"Es tiempo de celebraci\u00f3n para Chayanne y los suyos. El cantante puertorrique\u00f1o no puede ocultar la emoci\u00f3n tras&hellip;\n","protected":false},"author":2,"featured_media":127012,"comment_status":"","ping_status":"","sticky":false,"template":"","format":"standard","meta":{"footnotes":""},"categories":[170],"tags":[3061,255,146,147,25,24,17834,563,184,185,23],"class_list":{"0":"post-127011","1":"post","2":"type-post","3":"status-publish","4":"format-standard","5":"has-post-thumbnail","7":"category-musica","8":"tag-cantantes","9":"tag-celebrities","10":"tag-entertainment","11":"tag-entretenimiento","12":"tag-es","13":"tag-espana","14":"tag-grammy-latinos","15":"tag-hijos","16":"tag-music","17":"tag-musica","18":"tag-spain"},"share_on_mastodon":{"url":"","error":""},"_links":{"self":[{"href":"https:\/\/www.europesays.com\/es\/wp-json\/wp\/v2\/posts\/127011","targetHints":{"allow":["GET"]}}],"collection":[{"href":"https:\/\/www.europesays.com\/es\/wp-json\/wp\/v2\/posts"}],"about":[{"href":"https:\/\/www.europesays.com\/es\/wp-json\/wp\/v2\/types\/post"}],"author":[{"embeddable":true,"href":"https:\/\/www.europesays.com\/es\/wp-json\/wp\/v2\/users\/2"}],"replies":[{"embeddable":true,"href":"https:\/\/www.europesays.com\/es\/wp-json\/wp\/v2\/comments?post=127011"}],"version-history":[{"count":0,"href":"https:\/\/www.europesays.com\/es\/wp-json\/wp\/v2\/posts\/127011\/revisions"}],"wp:featuredmedia":[{"embeddable":true,"href":"https:\/\/www.europesays.com\/es\/wp-json\/wp\/v2\/media\/127012"}],"wp:attachment":[{"href":"https:\/\/www.europesays.com\/es\/wp-json\/wp\/v2\/media?parent=127011"}],"wp:term":[{"taxonomy":"category","embeddable":true,"href":"https:\/\/www.europesays.com\/es\/wp-json\/wp\/v2\/categories?post=127011"},{"taxonomy":"post_tag","embeddable":true,"href":"https:\/\/www.europesays.com\/es\/wp-json\/wp\/v2\/tags?post=127011"}],"curies":[{"name":"wp","href":"https:\/\/api.w.org\/{rel}","templated":true}]}}