{"id":127027,"date":"2025-09-20T08:40:30","date_gmt":"2025-09-20T08:40:30","guid":{"rendered":"https:\/\/www.europesays.com\/es\/127027\/"},"modified":"2025-09-20T08:40:30","modified_gmt":"2025-09-20T08:40:30","slug":"asi-cayo-uno-de-los-principales-narcotraficantes-de-toda-espana","status":"publish","type":"post","link":"https:\/\/www.europesays.com\/es\/127027\/","title":{"rendered":"as\u00ed cay\u00f3 uno de los principales narcotraficantes de toda Espa\u00f1a"},"content":{"rendered":"<p class=\"paragraph\" id=\"paragraph_1\">Hace ya tiempo que la Polic\u00eda Nacional, la Guardia Civil y otras polic\u00edas europeas le colocaron a Jos\u00e9 A.C., <a href=\"https:\/\/www.elespanol.com\/malaga\/20250503\/tentaculos-costa-sol-mafia-secuestro-mujer-hijo-narco-canario\/1003743740366_0.html?utm_cmp_rs=linksinline\" rel=\"nofollow noopener\" target=\"_blank\">alias El Buque, la vitola de \u00ab<strong>objetivo de alto valor\u00bb.<\/strong><\/a> Para muchos especialistas en la materia, era el rey de la coca\u00edna en las Islas Canarias, por el volumen de los negocios que manten\u00eda desde su archipi\u00e9lago natal.<\/p>\n<p class=\"paragraph\" id=\"paragraph_2\">Sin embargo, el que era l\u00edder de una de las redes de narcotr\u00e1fico m\u00e1s activas de Espa\u00f1a <strong>acaba de ser arrestado<\/strong> en una operaci\u00f3n conjunta en la que han sido detenidas un total de 17 personas, culminando con la desarticulaci\u00f3n de toda la estructura de su organizaci\u00f3n criminal.<\/p>\n<p class=\"paragraph\" id=\"paragraph_3\">La detenci\u00f3n de El Buque culmina una investigaci\u00f3n de m\u00e1s de un a\u00f1o de duraci\u00f3n que ha permitido la detenci\u00f3n de todos sus miembros por los delitos de tr\u00e1fico de drogas y pertenencia a organizaci\u00f3n criminal.<\/p>\n<p class=\"paragraph\" id=\"paragraph_4\">La red desmantelada estaba especializada en la introducci\u00f3n de <strong>grandes cantidades de coca\u00edna en territorio espa\u00f1ol a trav\u00e9s de distintas embarcaciones.<\/strong> Para ello, este grupo ten\u00eda fuertes v\u00ednculos a nivel internacional, con presencia sobre todo en la zona sur de Gran Canaria, y empleaba m\u00e9todos sofisticados para ocultar la droga, con alijos de varias toneladas en cada operaci\u00f3n.<\/p>\n<p class=\"paragraph\" data-mrf-recirculation=\"links-parrafos\" id=\"paragraph_5\">La conocida como <strong>Ruta del Atl\u00e1ntico<\/strong> de la coca\u00edna llega desde Sudam\u00e9rica y el Caribe hasta las <strong>islas Canarias<\/strong>. A trav\u00e9s de ella, <a cmp-ltrk=\"links-parrafos\" cmp-ltrk-idx=\"0\" data-mrf-link=\"https:\/\/www.elespanol.com\/mundo\/america\/20231113\/cartel-soles-conseguido-maduro-narcotrafico-financie-regimen-venezuela\/808169495_0.html\" href=\"https:\/\/www.elespanol.com\/mundo\/america\/20231113\/cartel-soles-conseguido-maduro-narcotrafico-financie-regimen-venezuela\/808169495_0.html?utm_cmp_rs=linksinline\" mrfobservableid=\"834ed429-208d-4436-895d-73b2d4d1a773\" rel=\"nofollow noopener\" target=\"_blank\">los narcotraficantes<\/a> transportan los alijos, fundamentalmente de coca\u00edna, para darle <a cmp-ltrk=\"links-parrafos\" cmp-ltrk-idx=\"1\" data-mrf-link=\"https:\/\/www.elespanol.com\/porfolio\/20231209\/balizas-ilegales-arresto-inocentes-irregularidades-acabaron-ocon-sur-cuerpo-guardia-civil-controlar-narco\/815418862_0.html\" href=\"https:\/\/www.elespanol.com\/porfolio\/20231209\/balizas-ilegales-arresto-inocentes-irregularidades-acabaron-ocon-sur-cuerpo-guardia-civil-controlar-narco\/815418862_0.html?utm_cmp_rs=linksinline\" mrfobservableid=\"b9b4d44d-c56b-442e-9ad6-c706cac82f22\" rel=\"nofollow noopener\" target=\"_blank\">entrada en el mercado europeo<\/a> desde hace d\u00e9cadas. Esas islas, son, seg\u00fan los especialistas policiales, la<strong> \u00abplataforma log\u00edstica\u00bb<\/strong> del narco que quiere meter decenas de toneladas en Europa.<\/p>\n<p class=\"paragraph\" data-mrf-recirculation=\"links-parrafos\" id=\"paragraph_6\">Como resultado de la explotaci\u00f3n de esta operaci\u00f3n se han intervenido alrededor de 100 kg de coca\u00edna y otros 100 de hach\u00eds, tras dos persecuciones por parte de las fuerzas policiales en alta mar. Tambi\u00e9n se han intervenido 24 embarcaciones que la red de El Buque empleaba para introducir las sustancias estupefacientes.<\/p>\n<p class=\"paragraph\" data-mrf-recirculation=\"links-parrafos\" id=\"paragraph_7\">Se han practicado hasta el momento 17 detenciones en Las Palmas de Gran Canaria, en La Gomera y Fuerteventura. Cuantiosas sumas de dinero y 14 inmuebles han quedado a disposici\u00f3n de la Audiencia Nacional y un total de 38 veh\u00edculos han sido intervenidos, as\u00ed como numeroso material inform\u00e1tico y documental para su posterior an\u00e1lisis.<\/p>\n<p class=\"paragraph\" id=\"paragraph_8\">La operaci\u00f3n ha corrido a cargo de la Polic\u00eda Nacional y de la Guardia Civil. La investigaci\u00f3n ha sido realizada por el Juzgado Central de Instrucci\u00f3n n.\u00ba 6 de la Audiencia Nacional y ha contado con el impulso de la Fiscal\u00eda Especial Antidroga.<\/p>\n<p><img loading=\"lazy\" decoding=\"async\" alt=\"Imagen de la vivienda de Jos\u00e9 A.C., donde un grupo de sicarios extranjeros secuestr\u00f3 a su mujer y a su hijo de 19 a\u00f1os.\" height=\"180\" src=\"https:\/\/www.europesays.com\/es\/wp-content\/uploads\/2025\/09\/931167297_253901692_320x180.jpg\" width=\"320\" data-lazy-status=\"processed\" data-lazy-info=\"remove loading item 1\"\/><\/p>\n<p class=\"paragraph\" id=\"paragraph_9\">Por otro lado, la operaci\u00f3n ha contado con el apoyo de la NCA (National Crime Agency de Reino Unido), la DEA (Drug Enforcement Administration de Estados Unidos), EUROPOL, el MAOC-N (Centro de An\u00e1lisis y Operaciones Mar\u00edtimas en materia de Narcotr\u00e1fico) y el CITCO (Centro de Inteligencia contra el Terrorismo y el Crimen Organizado) del Ministerio del Interior.<\/p>\n<p class=\"paragraph\" id=\"paragraph_10\">Todas estas instituciones han sido fundamentales para seguir los movimientos transnacionales de la organizaci\u00f3n e interceptar sus comunicaciones en fases cr\u00edticas de la investigaci\u00f3n.<\/p>\n<p>Secuestro<\/p>\n<p class=\"paragraph\" id=\"paragraph_11\">El pasado 12 de abril, seg\u00fan revelaron los medios locales, dos individuos de una banda de narcos rival asaltaron armados la casa del capo, y secuestraron a su mujer y a su hijo de 19 a\u00f1os. Los metieron en un coche a punta de pistola y se los llevaron de all\u00ed, exigiendo luego un rescate.<\/p>\n<p><img decoding=\"async\" alt=\"Foto de archivo de la urbanizaci\u00f3n donde se produjo el secuestro.\" data-imgm=\"true\" height=\"180\" loading=\"lazy\"  src=\"https:\/\/www.europesays.com\/es\/wp-content\/uploads\/2025\/09\/1003743740516_255268070_1024x576.jpg\"  width=\"320\"\/><\/p>\n<p>                                                            Foto de archivo de la urbanizaci\u00f3n donde se produjo el secuestro.<\/p>\n<p>                    EFE \/ Angel Medina<\/p>\n<p class=\"paragraph\" data-mrf-recirculation=\"links-parrafos\" id=\"paragraph_12\">Era de madrugada cuando los sicarios accedieron a<strong> su villa<\/strong> en el Salobre, una urbanizaci\u00f3n de lujo con campo de golf situada en el municipio de San Bartolom\u00e9 de Tirajana en el sur de la isla de Gran Canaria. La mujer y el hijo del narco canario fueron trasladados hasta un piso franco, desde el que enviaron un mensaje amenazante al padre y marido de las v\u00edctimas.<\/p>\n<p class=\"paragraph\" id=\"paragraph_13\">Seg\u00fan las primeras informaciones que trascendieron en los medios locales, aquel suceso guardaba relaci\u00f3n con el robo de un cargamento de 500 kilos de coca\u00edna de un alijo de 2 toneladas de droga de uno de los almacenes ocultos que la banda rival ten\u00eda en Gran Canaria. Este hecho habr\u00eda motivado el secuestro de su familia como medida de presi\u00f3n para poder recuperar la partida de estupefacientes.<\/p>\n<p class=\"paragraph\" data-mrf-recirculation=\"links-parrafos\" id=\"paragraph_14\">Jos\u00e9 puso en conocimiento de la Polic\u00eda Nacional estos hechos porque consider\u00f3 que <strong>la organizaci\u00f3n criminal que hab\u00eda cometido el secuestro iba en serio y pod\u00edan ejecutar a su familia<\/strong>. La noticia trascendi\u00f3 medi\u00e1ticamente a todos los medios nacionales, algo que influy\u00f3 bastante para que la presi\u00f3n policial provocara que en unas 48 horas sus parientes <strong>fueran liberados y ah\u00ed empez\u00f3 la omert\u00e1 de todos.<\/strong> <\/p>\n<p class=\"paragraph\" data-mrf-recirculation=\"links-parrafos\" id=\"paragraph_15\">Una vez estaban a salvo, ninguno de los miembros de la familia colabor\u00f3 para resolver el entuerto. D\u00edas despu\u00e9s, la Unidad de Drogas y Crimen Organizado (UDYCO) de la Polic\u00eda Nacional detendr\u00eda a cinco personas <strong>por el secuestro, tres en las Islas Canarias y dos en M\u00e1laga, <\/strong>en el coraz\u00f3n de la Costa del Sol, el refugio de los grandes narcos del continente.<\/p>\n","protected":false},"excerpt":{"rendered":"Hace ya tiempo que la Polic\u00eda Nacional, la Guardia Civil y otras polic\u00edas europeas le colocaron a Jos\u00e9&hellip;\n","protected":false},"author":2,"featured_media":127028,"comment_status":"","ping_status":"","sticky":false,"template":"","format":"standard","meta":{"footnotes":""},"categories":[5],"tags":[17,18,794,25,24,13,14,41174,1160,11,11741,19,20,14340,7337,9,10,15,16,11739,23,12,11740,21,22],"class_list":{"0":"post-127027","1":"post","2":"type-post","3":"status-publish","4":"format-standard","5":"has-post-thumbnail","7":"category-titulares","8":"tag-breaking-news","9":"tag-breakingnews","10":"tag-drogas","11":"tag-es","12":"tag-espana","13":"tag-featured-news","14":"tag-featurednews","15":"tag-fiscalia-antidroga","16":"tag-guardia-civil","17":"tag-headlines","18":"tag-islas-canarias","19":"tag-latest-news","20":"tag-latestnews","21":"tag-ministerio-del-interior","22":"tag-narcotrafico","23":"tag-news","24":"tag-noticias","25":"tag-noticias-destacadas","26":"tag-noticiasdestacadas","27":"tag-policia-nacional","28":"tag-spain","29":"tag-titulares","30":"tag-trafico-de-drogas","31":"tag-ultimas-noticias","32":"tag-ultimasnoticias"},"share_on_mastodon":{"url":"","error":""},"_links":{"self":[{"href":"https:\/\/www.europesays.com\/es\/wp-json\/wp\/v2\/posts\/127027","targetHints":{"allow":["GET"]}}],"collection":[{"href":"https:\/\/www.europesays.com\/es\/wp-json\/wp\/v2\/posts"}],"about":[{"href":"https:\/\/www.europesays.com\/es\/wp-json\/wp\/v2\/types\/post"}],"author":[{"embeddable":true,"href":"https:\/\/www.europesays.com\/es\/wp-json\/wp\/v2\/users\/2"}],"replies":[{"embeddable":true,"href":"https:\/\/www.europesays.com\/es\/wp-json\/wp\/v2\/comments?post=127027"}],"version-history":[{"count":0,"href":"https:\/\/www.europesays.com\/es\/wp-json\/wp\/v2\/posts\/127027\/revisions"}],"wp:featuredmedia":[{"embeddable":true,"href":"https:\/\/www.europesays.com\/es\/wp-json\/wp\/v2\/media\/127028"}],"wp:attachment":[{"href":"https:\/\/www.europesays.com\/es\/wp-json\/wp\/v2\/media?parent=127027"}],"wp:term":[{"taxonomy":"category","embeddable":true,"href":"https:\/\/www.europesays.com\/es\/wp-json\/wp\/v2\/categories?post=127027"},{"taxonomy":"post_tag","embeddable":true,"href":"https:\/\/www.europesays.com\/es\/wp-json\/wp\/v2\/tags?post=127027"}],"curies":[{"name":"wp","href":"https:\/\/api.w.org\/{rel}","templated":true}]}}