{"id":127031,"date":"2025-09-20T08:42:08","date_gmt":"2025-09-20T08:42:08","guid":{"rendered":"https:\/\/www.europesays.com\/es\/127031\/"},"modified":"2025-09-20T08:42:08","modified_gmt":"2025-09-20T08:42:08","slug":"ojala-siga-el-idilio-con-nimes-que-no-pare-la-racha","status":"publish","type":"post","link":"https:\/\/www.europesays.com\/es\/127031\/","title":{"rendered":"\u201cOjal\u00e1 siga el idilio con Nimes, que no pare la racha\u201d"},"content":{"rendered":"<p><strong>Daniel Luque<\/strong> tiene en Francia un idilio continuo, all\u00ed encontr\u00f3 refugio cuando las cosas no ven\u00edan de cara y all\u00ed arranc\u00f3 la remontada que le ha consolidado en los sitios privilegiados del escalaf\u00f3n. Ahora regresa a Nimes tras el triunfo de junio: <strong>\u201cNimes es una de mis plazas, y muy especial, por muchos motivos. All\u00ed tuve la suerte de tomar la alternativa y le tengo un cari\u00f1o muy grande; adem\u00e1s, he logrado abrir hasta ocho puertas de los C\u00f3nsules. Tener ese palmar\u00e9s en una de las plazas m\u00e1s importantes de Francia, y con el cari\u00f1o que siempre me brinda una afici\u00f3n tan exigente, es todo un privilegio\u00bb. <\/strong><\/p>\n<p>Luque se anuncia en un cartel de altos vuelos, junto a Perera y El Rafi el pr\u00f3ximo 21 de septiembre, y ante toros de La Quinta: <strong>\u00abRegreso a la Vendimia en un cartel muy rematado con una figura consagrada como Perera y con El Rafi, que se lo ha ganado en el ruedo, y tengo la suerte de lidiar toros de La Quinta, una ganader\u00eda que siempre recordar\u00e9 por todo lo conseguido juntos. Le tengo especial ilusi\u00f3n a esa tarde con esa ganader\u00eda clave en mi carrera en Francia y ojal\u00e1 que triunfe, como en la gesta que hice el a\u00f1o pasado con seis toros de ese hierro. Fue una tarde muy dura por el hurac\u00e1n que hac\u00eda, pero al final la corrida embisti\u00f3 y pude redondear una gran tarde de triunfo\u00bb. <\/strong><\/p>\n<p><strong>\u00abEn Nimes siempre me he sentido mucho como torero y he tenido esa suerte de cara logrando muchos triunfos. Por ejemplo, una corrida de Valdefresno que cort\u00e9 un rabo, la tarde de mi alternativa, el mano a mano con Emilio de Justo de 2024 del a\u00f1o de la reaparici\u00f3n al d\u00eda siguiente de Arles que cort\u00e9 cinco orejas, otra matinal de Garcigrande que cort\u00e9 cuatro orejas, o el gran triunfo del \u00faltimo Pentecost\u00e9s con la de Victoriano del R\u00edo, una corrida exigente en la que el p\u00fablico se divirti\u00f3 y abr\u00ed la Puerta de los C\u00f3nsules. No podr\u00eda quedarme con una sola tarde, sino con la importancia de mantener ese idilio y ojal\u00e1 siga y que no pare la racha porque aparte de esa regularidad, es clave la conexi\u00f3n que siempre he logrado con el p\u00fablico y tengo esa suerte de ser un torero consentido en Francia\u00bb<\/strong>, afirma el torero de Gerena.<\/p>\n<p>Luque afronta un final de temporada importante, pero dentro de un a\u00f1o muy complicado para \u00e9l: <strong>\u00abEste a\u00f1o no ha sido f\u00e1cil en lo personal por lo que conllev\u00f3 el principio y a causa de la desaparici\u00f3n de mi padre, que ha sido muy importante en mi vida. Pero poco a poco tengo mi cabeza m\u00e1s centrada y en casi todas las tardes he logrado triunfos. Me queda una temporada bonita y espero estar al cien por cien hasta el final, con las ilusiones a tope\u201d.<\/strong><\/p>\n","protected":false},"excerpt":{"rendered":"Daniel Luque tiene en Francia un idilio continuo, all\u00ed encontr\u00f3 refugio cuando las cosas no ven\u00edan de cara&hellip;\n","protected":false},"author":2,"featured_media":127032,"comment_status":"","ping_status":"","sticky":false,"template":"","format":"standard","meta":{"footnotes":""},"categories":[277],"tags":[45,373,8115,168,25,24,39434,9544,23,167,374],"class_list":{"0":"post-127031","1":"post","2":"type-post","3":"status-publish","4":"format-standard","5":"has-post-thumbnail","7":"category-toreo","8":"tag-45","9":"tag-bullfighting","10":"tag-daniel-luque","11":"tag-deportes","12":"tag-es","13":"tag-espana","14":"tag-feria-de-la-vendimia","15":"tag-nimes","16":"tag-spain","17":"tag-sports","18":"tag-toreo"},"share_on_mastodon":{"url":"","error":""},"_links":{"self":[{"href":"https:\/\/www.europesays.com\/es\/wp-json\/wp\/v2\/posts\/127031","targetHints":{"allow":["GET"]}}],"collection":[{"href":"https:\/\/www.europesays.com\/es\/wp-json\/wp\/v2\/posts"}],"about":[{"href":"https:\/\/www.europesays.com\/es\/wp-json\/wp\/v2\/types\/post"}],"author":[{"embeddable":true,"href":"https:\/\/www.europesays.com\/es\/wp-json\/wp\/v2\/users\/2"}],"replies":[{"embeddable":true,"href":"https:\/\/www.europesays.com\/es\/wp-json\/wp\/v2\/comments?post=127031"}],"version-history":[{"count":0,"href":"https:\/\/www.europesays.com\/es\/wp-json\/wp\/v2\/posts\/127031\/revisions"}],"wp:featuredmedia":[{"embeddable":true,"href":"https:\/\/www.europesays.com\/es\/wp-json\/wp\/v2\/media\/127032"}],"wp:attachment":[{"href":"https:\/\/www.europesays.com\/es\/wp-json\/wp\/v2\/media?parent=127031"}],"wp:term":[{"taxonomy":"category","embeddable":true,"href":"https:\/\/www.europesays.com\/es\/wp-json\/wp\/v2\/categories?post=127031"},{"taxonomy":"post_tag","embeddable":true,"href":"https:\/\/www.europesays.com\/es\/wp-json\/wp\/v2\/tags?post=127031"}],"curies":[{"name":"wp","href":"https:\/\/api.w.org\/{rel}","templated":true}]}}