{"id":127037,"date":"2025-09-20T08:46:12","date_gmt":"2025-09-20T08:46:12","guid":{"rendered":"https:\/\/www.europesays.com\/es\/127037\/"},"modified":"2025-09-20T08:46:12","modified_gmt":"2025-09-20T08:46:12","slug":"el-ganador-de-la-vuelta-jonas-vingegaard-comprensivo-con-las-protestas-por-palestina-es-algo-que-entiendo","status":"publish","type":"post","link":"https:\/\/www.europesays.com\/es\/127037\/","title":{"rendered":"El ganador de La Vuelta, Jonas Vingegaard, comprensivo con las protestas por Palestina: \u00abEs algo que entiendo\u00bb"},"content":{"rendered":"<p class=\"ft-text\">El reciente vencedor de <strong>La Vuelta a Espa\u00f1a<\/strong>, <strong>Jonas Vingegaard<\/strong>, fue uno de los principales perjudicados por las <strong>protestas pro Palestina<\/strong> que se fueron sucediendo a lo largo de la competici\u00f3n.<\/p>\n<p class=\"ft-text\">Las declaraciones a favor y en contra de las diferentes manifestaciones ejemplificaron a la perfecci\u00f3n el momento de <strong>divisi\u00f3n <\/strong>que vive Espa\u00f1a en la actualidad y convirtieron lo sucedido en un <strong>tema de Estado<\/strong>.<\/p>\n<p class=\"ft-text\">Desde la una parte de la representaci\u00f3n de la ciudadan\u00eda se ped\u00eda que se parara la competici\u00f3n alegando a la <strong>seguridad de los ciclistas y los manifestantes<\/strong>, mientras que la propia Vuelta y algunos sectores de la pol\u00edtica y la sociedad, como <a class=\"ft-link ft-link--decoration\" href=\"https:\/\/www.sport.es\/es\/noticias\/actualidad\/santi-canizares-estalla-altercados-vuelta-espana-gobierno-121581481\" target=\"_blank\" rel=\"nofollow noopener\">algunos deportistas<\/a>, apoyaban el derecho a celebrar una competici\u00f3n deportiva sin que nadie impidiera su desarrollo normal.<\/p>\n<p class=\"ft-text\">La problem\u00e1tica lleg\u00f3 hasta la ceremonia de <strong>entrega de medallas<\/strong>, que se tuvo que hacer desde el <strong>parking <\/strong>de un hotel de la ciudad de Madrid, sin el lucimiento habitual de otras ediciones.<\/p>\n<p><img decoding=\"async\" src=\"https:\/\/www.europesays.com\/es\/wp-content\/uploads\/2025\/09\/ce3e621c-44ed-460e-99e5-53084f6a88e5_alta-libre-aspect-ratio_default_0.jpg\" width=\"1200\" height=\"800\" alt=\"Varios ciclistas pasan por una zona con protestas propalestinas durante la 20\u00aa etapa de la Vuelta Ciclista a Espa\u00f1a, a 13 de septiembre de 2025, en Navacerrada, Madrid (Espa\u00f1a). Las protestas contra el equipo Israel Premier Tech en la Vuelta a Espa\u00f1a han\" class=\"ft-helper-img-rd\" loading=\"lazy\" hasdataaida=\"true\"\/><\/p>\n<p class=\"ft-helper-fontColor-quaternary ft-helper-fontSize-body-S ft-helper-spacer-t-xxs\">Varios ciclistas pasan por una zona con protestas propalestinas durante la 20\u00aa etapa de la Vuelta Ciclista a Espa\u00f1a, a 13 de septiembre de 2025, en Navacerrada, Madrid (Espa\u00f1a). Las protestas contra el equipo Israel Premier Tech en la Vuelta a Espa\u00f1a han  \/ Rafael Bastante &#8211; Europa Press<\/p>\n<p class=\"ft-text\">El ganador de la corona de este 2025, Vingegaard aseguraba que se hab\u00eda tratado de \u00ab<strong>la carrera m\u00e1s extra\u00f1a de su vida<\/strong>\u00bb debidas las condiciones y la inseguridad de no saber si la siguiente prueba se correr\u00eda, si se har\u00eda de forma completa o si tendr\u00eda que cambiar el recorrido a \u00faltima hora para salvaguardar la prueba.<\/p>\n<p class=\"ft-text\">Por su parte, la presidenta de la Comunidad de Madrid, <strong>Isabel D\u00edaz Ayuso<\/strong>, una de las contrarias a las manifestaciones, anunciaba hace unas fechas que entregar\u00eda el m\u00e1ximo honor civil, la <strong>Medalla de Oro de la Comunidad de Madrid<\/strong> al dan\u00e9s, \u00abporque este ciclista internacional <strong>no merece ser recibido sobre cajas de hielo por culpa de lo que ustedes provocaron<\/strong>\u00ab, comentaba en referencia a la postura del Gobierno en todo el embrollo.<\/p>\n<p><img decoding=\"async\" src=\"https:\/\/www.europesays.com\/es\/wp-content\/uploads\/2025\/09\/ea0677fa-9ed8-4877-a94c-48626771dda8_alta-libre-aspect-ratio_default_0.jpg\" width=\"1200\" height=\"675\" alt=\"La Comunidad de Madrid premiar\u00e1 a Jonas Vingegaard y a La Vuelta tras las protestas\" class=\"ft-helper-img-rd\" loading=\"lazy\" hasdataaida=\"true\"\/><\/p>\n<p class=\"ft-helper-fontColor-quaternary ft-helper-fontSize-body-S ft-helper-spacer-t-xxs\">La Comunidad de Madrid premiar\u00e1 a Jonas Vingegaard y a La Vuelta tras las protestas  \/ \u00b7<\/p>\n<p class=\"ft-text\">No obstante, la opini\u00f3n del corredor del equipo Visma es <strong>algo m\u00e1s comprensiva<\/strong> con la gente que alzaba la voz en contra del genocidio que est\u00e1 ocurriendo en Gaza por parte de Israel: \u00abPor supuesto que es una pena que no hayamos podido correr como quer\u00edamos, pero <strong>creo que todos tenemos derecho a protestar<\/strong>\u00ab, indicaba en una entrevista en el diario AS.<\/p>\n<p class=\"ft-text\">La elecci\u00f3n de la Vuelta como altavoz para las protestas es comprensible para el ciclista: \u00abLa gente que se manifiesta lo hace a favor de Gaza y los que protestan tienen sus razones. <strong>Buscan una mayor visibilidad y es algo que entiendo<\/strong>\u00ab, apuntaba.<\/p>\n<p class=\"ft-text\">As\u00ed, parece que el principal protagonista de la competici\u00f3n da m\u00e1s sentido a las reclamaciones de la gente de Espa\u00f1a que parte de la clase pol\u00edtica del pa\u00eds, intentando encontrar el <strong>punto medio <\/strong>entre un bando y otro.<\/p>\n","protected":false},"excerpt":{"rendered":"El reciente vencedor de La Vuelta a Espa\u00f1a, Jonas Vingegaard, fue uno de los principales perjudicados por las&hellip;\n","protected":false},"author":2,"featured_media":127038,"comment_status":"","ping_status":"","sticky":false,"template":"","format":"standard","meta":{"footnotes":""},"categories":[273],"tags":[313,32036,312,168,25,24,5138,324,7789,76,23,167,325,1357],"class_list":{"0":"post-127037","1":"post","2":"type-post","3":"status-publish","4":"format-standard","5":"has-post-thumbnail","7":"category-ciclismo","8":"tag-ciclismo","9":"tag-comprensivo","10":"tag-cycling","11":"tag-deportes","12":"tag-es","13":"tag-espana","14":"tag-ganador","15":"tag-jonas","16":"tag-la-vuelta","17":"tag-palestina","18":"tag-spain","19":"tag-sports","20":"tag-vingegaard","21":"tag-vuelta"},"share_on_mastodon":{"url":"","error":""},"_links":{"self":[{"href":"https:\/\/www.europesays.com\/es\/wp-json\/wp\/v2\/posts\/127037","targetHints":{"allow":["GET"]}}],"collection":[{"href":"https:\/\/www.europesays.com\/es\/wp-json\/wp\/v2\/posts"}],"about":[{"href":"https:\/\/www.europesays.com\/es\/wp-json\/wp\/v2\/types\/post"}],"author":[{"embeddable":true,"href":"https:\/\/www.europesays.com\/es\/wp-json\/wp\/v2\/users\/2"}],"replies":[{"embeddable":true,"href":"https:\/\/www.europesays.com\/es\/wp-json\/wp\/v2\/comments?post=127037"}],"version-history":[{"count":0,"href":"https:\/\/www.europesays.com\/es\/wp-json\/wp\/v2\/posts\/127037\/revisions"}],"wp:featuredmedia":[{"embeddable":true,"href":"https:\/\/www.europesays.com\/es\/wp-json\/wp\/v2\/media\/127038"}],"wp:attachment":[{"href":"https:\/\/www.europesays.com\/es\/wp-json\/wp\/v2\/media?parent=127037"}],"wp:term":[{"taxonomy":"category","embeddable":true,"href":"https:\/\/www.europesays.com\/es\/wp-json\/wp\/v2\/categories?post=127037"},{"taxonomy":"post_tag","embeddable":true,"href":"https:\/\/www.europesays.com\/es\/wp-json\/wp\/v2\/tags?post=127037"}],"curies":[{"name":"wp","href":"https:\/\/api.w.org\/{rel}","templated":true}]}}