{"id":127039,"date":"2025-09-20T08:47:10","date_gmt":"2025-09-20T08:47:10","guid":{"rendered":"https:\/\/www.europesays.com\/es\/127039\/"},"modified":"2025-09-20T08:47:10","modified_gmt":"2025-09-20T08:47:10","slug":"a-verstappen-le-cuesta-entender-la-locura-de-alonso","status":"publish","type":"post","link":"https:\/\/www.europesays.com\/es\/127039\/","title":{"rendered":"A Verstappen le cuesta entender la \u201clocura\u201d de Alonso"},"content":{"rendered":"<p class=\"Paragraph-module-scss-module__YTaiWG__paragraph\">Podr\u00eda decirse que <strong>Max Verstappen<\/strong> y <strong>Fernando Alonso<\/strong> tienen muchas cosas en com\u00fan. Ambos <a class=\"Button-module-scss-module__pf66aq__link Button-module-scss-module__pf66aq__link--content NewsContent-module-scss-module__6_SHrq__news-content__link\" href=\"https:\/\/www.motor.es\/formula-1\/fernando-alonso-fan-verstappen-pone-uniforme-red-bull-corre-regresa-casa-202396616.html\" rel=\"nofollow noopener\" target=\"_blank\">aman la parte deportiva de la F\u00f3rmula 1<\/a>, pero a los dos les cuesta lidiar con todo lo que la rodea. Adem\u00e1s, en su tiempo libre siempre buscan el modo de pilotar y competir con un volante en las manos y, como rivales de los grandes pilotos brit\u00e1nicos, han tenido a la prensa m\u00e1s dominante de la F1 en su contra.<\/p>\n<p class=\"Paragraph-module-scss-module__YTaiWG__paragraph\">Todas estas cosas les unen bastante y han hecho que se profesen simpat\u00eda mutua. Y el hecho de ser competidores feroces y especialmente talentosos ha fortalecido el respeto que tienen el uno por el otro.<\/p>\n<p class=\"Paragraph-module-scss-module__YTaiWG__paragraph Paragraph-module-scss-module__YTaiWG__paragraph--highlighted\">\u00abTambi\u00e9n hay muchos pilotos que nunca han ganado en la F\u00f3rmula 1, pero quiz\u00e1s podr\u00edan o deber\u00edan haber ganado\u00bb<\/p>\n<p>20 a\u00f1os del primer t\u00edtulo<\/p>\n<p class=\"Paragraph-module-scss-module__YTaiWG__paragraph\">Lo anterior hace que, cada vez que hablan el uno del otro, sean generosos en el halago. Y esta vez ha sido Max Verstappen quien no ha escatimado al hac\u00e9rsele notar que este mes se cumplen 20 a\u00f1os del primer t\u00edtulo mundial de Fernando Alonso en la <strong>F\u00f3rmula 1<\/strong> (25 de septiembre de 2005 en Brasil).<\/p>\n<p class=\"Paragraph-module-scss-module__YTaiWG__paragraph\"><strong>\u00abSigue pilotando en la F\u00f3rmula 1, es una locura\u00bb<\/strong>, <a class=\"Button-module-scss-module__pf66aq__link Button-module-scss-module__pf66aq__link--content NewsContent-module-scss-module__6_SHrq__news-content__link\" href=\"https:\/\/www.speedweek.com\/formel1\/news\/241161\/Max-Verstappen-ueber-Alonso-Ziemlich-verrueckt.html\" rel=\"noopener nofollow\" target=\"_blank\">responde<\/a> Max Verstappen al respecto. \u00abMe llevo muy bien con Fernando. Lo admiro mucho, por ejemplo, por c\u00f3mo es como persona, como piloto de carreras, c\u00f3mo todav\u00eda est\u00e1 tan motivado para competir en la F\u00f3rmula 1 a su edad\u00bb.<\/p>\n<p class=\"Paragraph-module-scss-module__YTaiWG__paragraph\">\u00abPero tambi\u00e9n por lo que hizo antes, en las carreras de resistencia, incluso disput\u00f3 el Dakar, \u00a1todo es una locura!\u00bb, reitera el neerland\u00e9s. <strong>\u00abEsto simplemente demuestra que tambi\u00e9n le apasionan las carreras<\/strong>. No importa si es un coche de F\u00f3rmula 1 o no\u00bb.<\/p>\n<p class=\"Paragraph-module-scss-module__YTaiWG__paragraph\">Max Verstappen est\u00e1 siguiendo los mismos pasos, ya que recientemente compiti\u00f3 en el Nordschleife como preparaci\u00f3n para su futura participaci\u00f3n en las 24 Horas de N\u00fcrburgring. Y no se detendr\u00e1 ah\u00ed, ya que planea imitar a Alonso y competir en Le Mans pr\u00f3ximamente.<\/p>\n<p class=\"Paragraph-module-scss-module__YTaiWG__paragraph\"><strong>\u00abLe Mans, s\u00ed, pero no me interesa la Triple Corona\u00bb<\/strong>, puntualiza, seguramente intimidado por la peligrosidad de los \u00f3valos estadounidenses. \u00abDisfruto viendo las carreras de IndyCar, pero no tengo por qu\u00e9 hacerlas yo mismo\u00bb, expresa.<\/p>\n<p>Alonso sigue siendo uno de los mejores<\/p>\n<p class=\"Paragraph-module-scss-module__YTaiWG__paragraph\">La trayectoria profesional de <strong>Fernando Alonso<\/strong> en la F\u00f3rmula 1 no tiene parang\u00f3n en cuanto a longevidad, y no en vano es el piloto que m\u00e1s grandes premios ha disputado en la historia: 417 y subiendo. Pero, a pesar de su talento, compromiso y dedicaci\u00f3n, sus logros no est\u00e1n a la altura de muchos otros pilotos.<\/p>\n<p class=\"Paragraph-module-scss-module__YTaiWG__paragraph\"><strong>\u00abEl hecho de que no gane en F\u00f3rmula 1 desde hace tiempo, algo as\u00ed puede pasar\u00bb<\/strong>, lamenta Verstappen. \u00abTambi\u00e9n hay muchos pilotos que nunca han ganado en la F\u00f3rmula 1, pero quiz\u00e1s podr\u00edan o deber\u00edan haber ganado. Desafortunadamente, eso es parte de ello. No siempre tienes oportunidades\u00bb.<\/p>\n<p><img figcaption=\"Fernando Alonso y Max Verstappen, dos de los pilotos m\u00e1s en forma de la parrilla de la F\u00f3rmula 1\" alt=\"\" loading=\"lazy\" width=\"1280\" height=\"720\" decoding=\"async\" data-nimg=\"1\" class=\"Image-module-scss-module__gObqBW__img\" style=\"color:transparent\"   src=\"https:\/\/www.europesays.com\/es\/wp-content\/uploads\/2025\/09\/verstappen-cuesta-entender-locura-alonso-2025110166-1758297523_2.jpg\"\/>Fernando Alonso y Max Verstappen, dos de los pilotos m\u00e1s en forma de la parrilla de la F\u00f3rmula 1<\/p>\n<p class=\"Paragraph-module-scss-module__YTaiWG__paragraph\">\u00abPor supuesto que tuvo algunos buenos a\u00f1os ganando el Mundial y se pod\u00eda ver su verdadero talento\u00bb, prosigue el piloto de Red Bull. \u00abPero <strong>eso no significa que ya no sea r\u00e1pido o que haya perdido el ritmo<\/strong>. Es solamente que el coche no le deja ganar. Aun as\u00ed, es muy agradable que siga ah\u00ed. Tengo mucho respeto por lo que hace\u00bb.<\/p>\n<p class=\"Paragraph-module-scss-module__YTaiWG__paragraph\">Fernando Alonso cumplir\u00e1 en 2026 su 23\u00aa temporada en la F\u00f3rmula 1, puesto que tiene contrato en vigor con <strong>Aston Martin<\/strong>. Sin embargo, el futuro del asturiano a partir de ah\u00ed es confuso y ni siquiera \u00e9l mismo tiene una fecha concreta en mente para abandonar la categor\u00eda reina y dedicarse a otras disciplinas. Pero s\u00ed <a class=\"Button-module-scss-module__pf66aq__link Button-module-scss-module__pf66aq__link--content NewsContent-module-scss-module__6_SHrq__news-content__link\" href=\"https:\/\/www.motor.es\/formula-1\/alonso-establece-condiciones-retirada-2025110145.html\" rel=\"nofollow noopener\" target=\"_blank\">tiene clara una cosa<\/a>: cuando deja la F\u00f3rmula 1, lo har\u00e1 rindiendo a gran nivel para dejar un gran recuerdo.<\/p>\n<p class=\"Paragraph-module-scss-module__YTaiWG__paragraph Source-module-scss-module__Q94Sfa__source\"><strong>Fuente:<\/strong> Speedweek.com<\/p>\n","protected":false},"excerpt":{"rendered":"Podr\u00eda decirse que Max Verstappen y Fernando Alonso tienen muchas cosas en com\u00fan. Ambos aman la parte deportiva&hellip;\n","protected":false},"author":2,"featured_media":127040,"comment_status":"","ping_status":"","sticky":false,"template":"","format":"standard","meta":{"footnotes":""},"categories":[270],"tags":[168,25,24,306,271,272,23,167],"class_list":{"0":"post-127039","1":"post","2":"type-post","3":"status-publish","4":"format-standard","5":"has-post-thumbnail","7":"category-formula-1","8":"tag-deportes","9":"tag-es","10":"tag-espana","11":"tag-f1","12":"tag-formula-1","13":"tag-formula1","14":"tag-spain","15":"tag-sports"},"share_on_mastodon":{"url":"","error":""},"_links":{"self":[{"href":"https:\/\/www.europesays.com\/es\/wp-json\/wp\/v2\/posts\/127039","targetHints":{"allow":["GET"]}}],"collection":[{"href":"https:\/\/www.europesays.com\/es\/wp-json\/wp\/v2\/posts"}],"about":[{"href":"https:\/\/www.europesays.com\/es\/wp-json\/wp\/v2\/types\/post"}],"author":[{"embeddable":true,"href":"https:\/\/www.europesays.com\/es\/wp-json\/wp\/v2\/users\/2"}],"replies":[{"embeddable":true,"href":"https:\/\/www.europesays.com\/es\/wp-json\/wp\/v2\/comments?post=127039"}],"version-history":[{"count":0,"href":"https:\/\/www.europesays.com\/es\/wp-json\/wp\/v2\/posts\/127039\/revisions"}],"wp:featuredmedia":[{"embeddable":true,"href":"https:\/\/www.europesays.com\/es\/wp-json\/wp\/v2\/media\/127040"}],"wp:attachment":[{"href":"https:\/\/www.europesays.com\/es\/wp-json\/wp\/v2\/media?parent=127039"}],"wp:term":[{"taxonomy":"category","embeddable":true,"href":"https:\/\/www.europesays.com\/es\/wp-json\/wp\/v2\/categories?post=127039"},{"taxonomy":"post_tag","embeddable":true,"href":"https:\/\/www.europesays.com\/es\/wp-json\/wp\/v2\/tags?post=127039"}],"curies":[{"name":"wp","href":"https:\/\/api.w.org\/{rel}","templated":true}]}}