{"id":127043,"date":"2025-09-20T08:49:10","date_gmt":"2025-09-20T08:49:10","guid":{"rendered":"https:\/\/www.europesays.com\/es\/127043\/"},"modified":"2025-09-20T08:49:10","modified_gmt":"2025-09-20T08:49:10","slug":"ha-demostrado-personalidad-para-levantarse","status":"publish","type":"post","link":"https:\/\/www.europesays.com\/es\/127043\/","title":{"rendered":"\u201cHa demostrado personalidad para levantarse\u201d"},"content":{"rendered":"<p data-mrf-recirculation=\"Links P\u00e1rrafos\" class=\"ue-c-article__paragraph paragraph\"><strong>Julen Agirrezabala<\/strong> (Renter\u00eda, 2000) lo tuvo claro desde que lo llam\u00f3 el <strong>Valencia <\/strong>en verano y m\u00e1s a\u00fan cuando despu\u00e9s convers\u00f3 con el entrenador <strong>Carlos Corber\u00e1n<\/strong>. Pensaba que hab\u00eda cubierto un ciclo en el <strong>Athletic<\/strong>. <strong>\u201cEra el momento de aprovechar la oportunidad, de salir de mi zona de confort\u201d<\/strong>, explic\u00f3 el d\u00eda que pis\u00f3 Mestalla por primera vez en verano para su presentaci\u00f3n oficial. \u201cEstoy muy agradecido al Athletic, que me ha hecho ser futbolista y crecer tambi\u00e9n como persona. Pero situaci\u00f3n era la que que era\u201d, a\u00f1adi\u00f3. Y era que la presencia de <strong>Unai Sim\u00f3n <\/strong>no le iba a permitir superar el n\u00famero de partidos que disput\u00f3 la temporada pasada, por una <strong>lesi\u00f3n del portero<\/strong> internacional. Pero una cosa es tomar una decisi\u00f3n convencido, como hizo en verano, y otra la<strong> inevitable sensaci\u00f3n de enfrentarte a tu pasado<\/strong>, que tambi\u00e9n puede ser su futuro si el Valencia no ejerce la <strong>opci\u00f3n de compra que hay en el contrato de cesi\u00f3n<\/strong> y tiene que regresar a la disciplina rojiblanca.<\/p>\n<p data-mrf-recirculation=\"Links P\u00e1rrafos\" class=\"ue-c-article__paragraph paragraph\">Agirrezabala sabe lo que es <strong>triunfar en el Athletic.<\/strong> De la mano de <strong>Marcelino<\/strong>, en agosto de 2021 se convirti\u00f3 en el <strong>cuarto portero m\u00e1s joven en debutar<\/strong> en un partido de Liga (<strong>20 a\u00f1os, 7 meses y 21 d\u00edas)<\/strong> en los \u00faltimos 50 a\u00f1os. Lo hac\u00eda por detr\u00e1s de <strong>Iribar, Zubizarreta y Kike Burgos.<\/strong> Esa temporada altern\u00f3 despu\u00e9s el filial en Segunda B, con los partidos de Copa con el primer equipo. Y Mestalla le dio su primer disgusto, con la victoria blanquinegra en la <strong>semifinal de Copa de 2022<\/strong>, la competici\u00f3n, que dos a\u00f1os despu\u00e9s, le dio su mayor alegr\u00eda deportiva. Agirrezabala se proclam\u00f3 <strong>campe\u00f3n de Copa con el Athletic en 2024<\/strong> siendo <strong>decisivo <\/strong>en la final ante el Mallorca con sus paradas durante el partido y en la tanda de penaltis.<\/p>\n<p><img decoding=\"async\" width=\"3000\" height=\"2000\" class=\"ue-c-article__image lazyload\" alt=\"Julen Agirrezabala en un partido de Copa con el Athletic.\" loading=\"lazy\" src=\"https:\/\/www.europesays.com\/es\/wp-content\/uploads\/2025\/09\/68cde245199e6.jpeg\"\/><\/p>\n<p>Julen Agirrezabala en un partido de Copa con el Athletic.Ricardo Larreina \/ UGS<\/p>\n<p data-mrf-recirculation=\"Links P\u00e1rrafos\" class=\"ue-c-article__paragraph paragraph\">Despu\u00e9s de una temporada 2024-25 en la que disput\u00f3 29 partidos, Julen intu\u00eda (o sab\u00eda seguro) que <strong>la porter\u00eda -con la Champions- iba a ser para Unai Sim\u00f3n.<\/strong> El Athletic lo <strong>cedi\u00f3 al Valencia a cambio de una cantidad cercana al mill\u00f3n de euros<\/strong>, que puede aumentar por rendimiento y con unas <strong>penalizaciones en caso de no disputar partido<\/strong>s: \u201cCada club mira por sus intereses. <strong>Yo solo decid\u00ed si quer\u00eda venir o no<\/strong> y no tuve ninguna duda\u201d, se desmarca el portero vasco.<\/p>\n<p data-mrf-recirculation=\"Links P\u00e1rrafos\" class=\"ue-c-article__paragraph paragraph\">Criado en las filas del prol\u00edfico <strong>Antiguoko de Donostia<\/strong>, fich\u00f3 por el <strong>Athletic con 17 a\u00f1os<\/strong> para intentar hacerse hueco en una de las canteras que fabrica m\u00e1s y mejores guardametas para Primera divisi\u00f3n. Y eso que <strong>se puso debajo de una porter\u00eda casi por casualidad<\/strong>. El f\u00fatbol no le llamaba nada la atenci\u00f3n, pero durante unas<strong> vacaciones en Pe\u00f1\u00edscola<\/strong> (Castell\u00f3n) uno de sus primeros \u2013muy futbolero- empez\u00f3 a chutarle un bal\u00f3n en la playa. Y Julen vio que <strong>se le daba bien parar<\/strong>, al menos en la arena. Y de ah\u00ed sigui\u00f3 poni\u00e9ndose de portero, ya de regreso a casa.<\/p>\n<p><img decoding=\"async\" width=\"1920\" height=\"1080\" class=\"ue-c-article__image lazyload\" alt=\"Agirrezabala, en un partido de pretemporada con el Valencia.\" loading=\"lazy\" src=\"https:\/\/www.europesays.com\/es\/wp-content\/uploads\/2025\/09\/68cde27d1dc17.jpeg\"\/><\/p>\n<p>Agirrezabala, en un partido de pretemporada con el Valencia.VALENCIA CF<\/p>\n<p data-mrf-recirculation=\"Links P\u00e1rrafos\" class=\"ue-c-article__paragraph paragraph\">Agirrezabala se enfrenta a su exequipo en <strong>una de las peores semanas de su carrera<\/strong>. El pasado domingo <strong>recibi\u00f3 seis goles en un partido por primera vez en el f\u00fatbol profesional<\/strong>. De hecho, la temporada pasada, en 14 partidos de Liga con el Athletic encaj\u00f3 nueve en total. <strong>En Europa League<\/strong>, el Besiktas le hizo cuatro y el <strong>Manchester United siete, pero en dos partidos (cuatro y tres)<\/strong>. As\u00ed no se puede decir que est\u00e9 en su \u2018prime\u2019, aunque cuenta con todo el respaldo de su entrenador, Carlos Corber\u00e1n: <strong>\u201cEs un portero joven, que ha demostrado personalidad para levantarse en momentos complicados<\/strong> y la responsabilidad de conceder los goles no es del portero de forma exclusiva, sino de todos\u201d, explicaba el t\u00e9cnico en la v\u00edspera del encuentro. De todas maneras, el t\u00e9cnico blanquinegro a\u00edsla de liturgia el partido para que su portero se centre en lo importante. \u201c<strong>Tiene que jugar un partido de f\u00fatbol <\/strong>donde deber\u00e1 estar centrado en su mejor rendimiento\u201d.<\/p>\n","protected":false},"excerpt":{"rendered":"Julen Agirrezabala (Renter\u00eda, 2000) lo tuvo claro desde que lo llam\u00f3 el Valencia en verano y m\u00e1s a\u00fan&hellip;\n","protected":false},"author":2,"featured_media":127044,"comment_status":"","ping_status":"","sticky":false,"template":"","format":"standard","meta":{"footnotes":""},"categories":[268],"tags":[168,25,24,280,282,281,23,167],"class_list":{"0":"post-127043","1":"post","2":"type-post","3":"status-publish","4":"format-standard","5":"has-post-thumbnail","7":"category-futbol","8":"tag-deportes","9":"tag-es","10":"tag-espana","11":"tag-football","12":"tag-futbol","13":"tag-soccer","14":"tag-spain","15":"tag-sports"},"share_on_mastodon":{"url":"","error":""},"_links":{"self":[{"href":"https:\/\/www.europesays.com\/es\/wp-json\/wp\/v2\/posts\/127043","targetHints":{"allow":["GET"]}}],"collection":[{"href":"https:\/\/www.europesays.com\/es\/wp-json\/wp\/v2\/posts"}],"about":[{"href":"https:\/\/www.europesays.com\/es\/wp-json\/wp\/v2\/types\/post"}],"author":[{"embeddable":true,"href":"https:\/\/www.europesays.com\/es\/wp-json\/wp\/v2\/users\/2"}],"replies":[{"embeddable":true,"href":"https:\/\/www.europesays.com\/es\/wp-json\/wp\/v2\/comments?post=127043"}],"version-history":[{"count":0,"href":"https:\/\/www.europesays.com\/es\/wp-json\/wp\/v2\/posts\/127043\/revisions"}],"wp:featuredmedia":[{"embeddable":true,"href":"https:\/\/www.europesays.com\/es\/wp-json\/wp\/v2\/media\/127044"}],"wp:attachment":[{"href":"https:\/\/www.europesays.com\/es\/wp-json\/wp\/v2\/media?parent=127043"}],"wp:term":[{"taxonomy":"category","embeddable":true,"href":"https:\/\/www.europesays.com\/es\/wp-json\/wp\/v2\/categories?post=127043"},{"taxonomy":"post_tag","embeddable":true,"href":"https:\/\/www.europesays.com\/es\/wp-json\/wp\/v2\/tags?post=127043"}],"curies":[{"name":"wp","href":"https:\/\/api.w.org\/{rel}","templated":true}]}}