{"id":127045,"date":"2025-09-20T08:50:08","date_gmt":"2025-09-20T08:50:08","guid":{"rendered":"https:\/\/www.europesays.com\/es\/127045\/"},"modified":"2025-09-20T08:50:08","modified_gmt":"2025-09-20T08:50:08","slug":"ana-maria-aldon-opina-del-papel-de-jose-ortega-cano-como-tutor-de-la-hija-de-michu","status":"publish","type":"post","link":"https:\/\/www.europesays.com\/es\/127045\/","title":{"rendered":"\ufeffAna Mar\u00eda Ald\u00f3n opina del papel de Jos\u00e9 Ortega Cano como tutor de la hija de Michu"},"content":{"rendered":"<p data-journey-content=\"true\" data-node-id=\"3\" class=\"css-6wxqfj emevuu60\"><a href=\"https:\/\/diezminutos.es\/ana-maria-aldon\" target=\"_blank\" data-node-id=\"3.0\" class=\"css-177bzfx emevuu60\" rel=\"nofollow noopener\">Ana Mar\u00eda Ald\u00f3n<\/a> ha reaparecido en el plat\u00f3 de &#8216;De Viernes&#8217;. Despu\u00e9s de unos meses apartada de la televisi\u00f3n, la ex de Jos\u00e9 Ortega Cano ha aparecido en directo para hablar, despu\u00e9s de un duro varapalo familiar, del <a href=\"https:\/\/www.diezminutos.es\/famosos-corazon\/famosos-espanoles\/a66003669\/madre-michu-opina-testamento-ana-maria-aldon-fiesta\/\" target=\"_blank\" data-vars-ga-outbound-link=\"https:\/\/www.diezminutos.es\/famosos-corazon\/famosos-espanoles\/a66003669\/madre-michu-opina-testamento-ana-maria-aldon-fiesta\/\" data-vars-ga-ux-element=\"Hyperlink\" data-vars-ga-call-to-action=\"testamento de Michu\" data-node-id=\"3.2\" class=\"body-link css-177bzfx emevuu60\" rel=\"nofollow noopener\">testamento de Michu<\/a> y la patria potestad de su hija, fruto de su relaci\u00f3n con Jos\u00e9 Fernando. <strong data-node-id=\"3.4\">\u00abEst\u00e1 siendo un a\u00f1o complicado\u00bb, confesaba<\/strong> la dise\u00f1adora quien ha revelado que \u00abme he tomado un tiempo este verano para retomar fuerzas y encauzar mi vida de otra forma\u00bb. <\/p>\n<p data-journey-content=\"true\" data-node-id=\"6\" class=\"css-6wxqfj emevuu60\">La dise\u00f1adora ha revelado que el<strong data-node-id=\"6.1\"> 8 de julio, cuando le lleg\u00f3 la noticia del <a href=\"https:\/\/www.diezminutos.es\/famosos-corazon\/famosos-espanoles\/a65326688\/michu-enfermedad-corazon-fallece-jose-fernando\/\" target=\"_blank\" data-vars-ga-outbound-link=\"https:\/\/www.diezminutos.es\/famosos-corazon\/famosos-espanoles\/a65326688\/michu-enfermedad-corazon-fallece-jose-fernando\/\" data-vars-ga-ux-element=\"Hyperlink\" data-vars-ga-call-to-action=\"fallecimiento \" data-node-id=\"6.1.1\" class=\"body-link css-177bzfx emevuu60\" rel=\"nofollow noopener\">fallecimiento <\/a><\/strong><a href=\"https:\/\/www.diezminutos.es\/famosos-corazon\/famosos-espanoles\/a65326688\/michu-enfermedad-corazon-fallece-jose-fernando\/\" target=\"_blank\" data-vars-ga-outbound-link=\"https:\/\/www.diezminutos.es\/famosos-corazon\/famosos-espanoles\/a65326688\/michu-enfermedad-corazon-fallece-jose-fernando\/\" data-vars-ga-ux-element=\"Hyperlink\" data-vars-ga-call-to-action=\"de Michu,\" data-node-id=\"6.2\" class=\"body-link css-177bzfx emevuu60\" rel=\"nofollow noopener\">de Michu,<\/a> se qued\u00f3 \u00abde piedra\u00bb. \u00abNo me pongo en contacto con nadie. Acababa de perder a mi sobrina y nadie me dio el p\u00e9same\u00bb, se\u00f1alaba. Una separaci\u00f3n con el n\u00facleo Ortega Cano que ha sido llamativa despu\u00e9s de conocer que Michu le cedi\u00f3 a ella, y a su ex, Jos\u00e9 Ortega Cano, la potestad de su hija.<\/p>\n<p><img draggable=\"true\" alt=\"ana maria aldon de viernes\" title=\"ana maria aldon de viernes\" loading=\"lazy\" width=\"2502\" height=\"1408\" decoding=\"async\" data-nimg=\"1\" style=\"color:transparent;width:100%;height:auto;\"   src=\"https:\/\/www.europesays.com\/es\/wp-content\/uploads\/2025\/09\/1758358208_971_ana-maria-aldon-68cde523b5676.jpg\" class=\"css-0 e1g79fud0\"\/><\/p>\n<p>Telecinco<\/p>\n<p data-journey-content=\"true\" data-node-id=\"9\" class=\"css-6wxqfj emevuu60\">\u00abRecuerdo perfectamente el momento en el que me lo dijo. <strong data-node-id=\"9.1\">Se puso de frente, me mir\u00f3 y me pregunt\u00f3 &#8216;\u00bfpuedo contar contigo si me pasa algo?&#8217;<\/strong>\u00ab, ha confesado Ana Mar\u00eda. Una decisi\u00f3n que no sorprendi\u00f3 nada a la dise\u00f1adora puesto que \u00absiempre fue muy agradecida conmigo y no le di tanto: solo le di calor, calor humano, atenci\u00f3n y consejo&#8230; Era una persona que se sent\u00eda sola\u00bb. <strong data-node-id=\"9.3\"><br data-node-id=\"9.3.0\"\/><\/strong><\/p>\n<p><strong data-node-id=\"12.0\">Michu conoci\u00f3 la enfermedad de Jos\u00e9 Fernando por Ana Mar\u00eda Ald\u00f3n<\/strong><\/p>\n<p data-journey-content=\"true\" data-node-id=\"14\" class=\"css-6wxqfj emevuu60\">Ana Mar\u00eda ha desvelado que la uni\u00f3n con Michu era tan estrecha que fue ella quien le cont\u00f3 la condici\u00f3n de su novio:<strong data-node-id=\"14.1\"> \u00abella se entera de que era una enfermedad, por mi. Y yo recuerdo esa cara\u00bb.<\/strong> \u00abTodo su af\u00e1n para ella es que su hija estuviese en Madrid, con Jos\u00e9 Fernando. Como la escuchaba tanto, la expliqu\u00e9 que<a href=\"https:\/\/www.diezminutos.es\/famosos-corazon\/famosos-espanoles\/a65348872\/jose-fernando-ortega-preocupa-estado-muerte-michu\/\" target=\"_blank\" data-vars-ga-outbound-link=\"https:\/\/www.diezminutos.es\/famosos-corazon\/famosos-espanoles\/a65348872\/jose-fernando-ortega-preocupa-estado-muerte-michu\/\" data-vars-ga-ux-element=\"Hyperlink\" data-vars-ga-call-to-action=\" hab\u00eda un tema de salud\" data-node-id=\"14.3\" class=\"body-link css-177bzfx emevuu60\" rel=\"nofollow noopener\"> hab\u00eda un tema de salud<\/a> y ella no lo sab\u00eda. Ella pensaba que solo eran adicciones\u00bb, ha desvelado. <\/p>\n<p id=\"ana-mara-opina-del-papel-de-jos-ortega-cano-como-abuelo\" data-journey-content=\"true\" data-node-id=\"16\" class=\"body-h2 css-2k6m0t emevuu60\"><strong data-node-id=\"16.0\">Ana Mar\u00eda opina del papel de Jos\u00e9 Ortega Cano como abuelo<\/strong><\/p>\n<p data-journey-content=\"true\" data-node-id=\"18\" class=\"css-6wxqfj emevuu60\">Sin embargo, a d\u00eda de hoy las \u00faltimas voluntades de Michu no se pueden cumplir al cien por cien puesto que Ana Mar\u00eda y Jos\u00e9 no est\u00e1n juntos. Algo que no ha impedido a la dise\u00f1adora dar un paso al lado y dejar que la peque\u00f1a se cr\u00ede con su familia paterna: \u00abNo me cabe duda que ser\u00e1 un gran abuelo, va a estar muy bien cuidada por toda la familia\u00bb. \u00ab<strong data-node-id=\"18.1\">Estoy segur\u00edsima de que est\u00e1 en muy buenas manos<\/strong>\u00ab, sentenciaba.<\/p>\n<p data-journey-content=\"true\" data-node-id=\"20\" class=\"css-6wxqfj emevuu60\">Incluso, se\u00f1alaba que<strong data-node-id=\"20.1\"> Jos\u00e9 Fernando debe estar encantado <\/strong>de poder estar con su hija. \u00abConoci\u00e9ndolo, s\u00e9 que est\u00e1 muy bien, y que es feliz\u00bb. Algo por lo que se ha alegrado enormemente.<br data-node-id=\"20.3\"\/><\/p>\n<p><img src=\"https:\/\/www.europesays.com\/es\/wp-content\/uploads\/2025\/09\/1758358208_131_323095e3-d675-4360-ad79-c3a735f161a1_1681830139.file\" alt=\"Headshot of Aroa D\u00edaz\" title=\"Headshot of Aroa D\u00edaz\" width=\"100%\" height=\"100%\" decoding=\"async\" loading=\"lazy\" class=\"css-o0wq4v ev8dhu53\"\/><\/p>\n<p>Aroa D\u00edaz es experta en realities, televisi\u00f3n y actualidad en general. No hay momento del d\u00eda en el que no tenga encendida la televisi\u00f3n conociendo los \u00faltimos desvelos de los famosos, disfrutando de los realities como Supervivientes o de los concursos m\u00e1s rocambolescos. Las \u00faltimas novedades de los famosos del coraz\u00f3n son su perdici\u00f3n y la actualidad de las Casas Reales, su gran pasi\u00f3n. \u00a0\u00a0<\/p>\n<p>En sus ratos libres disfruta de las pel\u00edculas y series de moda, y bucea por los cat\u00e1logos de las plataformas de podcast buscando nuevas entrevistas y charlas de famosos.<\/p>\n<p>Adem\u00e1s, no ha parado de formarse en todos los aspectos convirti\u00e9ndose en una periodista 360: locuci\u00f3n, doblaje, grabaci\u00f3n de v\u00eddeo, periodismo m\u00f3vil, producci\u00f3n de podcast y SEO. Actualmente est\u00e1 form\u00e1ndose en el M\u00e1ster universitario de Periodismo y Comunicaci\u00f3n Digital: Datos y Nuevas Narrativas de la UOC.<\/p>\n<p>Graduada en periodismo por la Universidad Rey Juan Carlos, no ha parado de trabajar desde que obtuvo su t\u00edtulo all\u00e1 por el 2013. Despu\u00e9s de un breve impass en Palma de Mallorca, volvi\u00f3 a Legan\u00e9s donde arranc\u00f3 su experiencia con Legan\u00e9s Activo. En este tiempo he pasado por las redacciones de varios medios recayendo finalmente en Hearst Espa\u00f1a (Telenovela, Qu\u00e9 me dices y Diez Minutos). Tambi\u00e9n tiene experiencia en diferentes radios. \u00a0<\/p>\n","protected":false},"excerpt":{"rendered":"Ana Mar\u00eda Ald\u00f3n ha reaparecido en el plat\u00f3 de &#8216;De Viernes&#8217;. Despu\u00e9s de unos meses apartada de la&hellip;\n","protected":false},"author":2,"featured_media":127046,"comment_status":"","ping_status":"","sticky":false,"template":"","format":"standard","meta":{"footnotes":""},"categories":[174],"tags":[255,253,146,147,25,24,256,23],"class_list":{"0":"post-127045","1":"post","2":"type-post","3":"status-publish","4":"format-standard","5":"has-post-thumbnail","7":"category-famosos","8":"tag-celebrities","9":"tag-discover","10":"tag-entertainment","11":"tag-entretenimiento","12":"tag-es","13":"tag-espana","14":"tag-famosos","15":"tag-spain"},"share_on_mastodon":{"url":"","error":""},"_links":{"self":[{"href":"https:\/\/www.europesays.com\/es\/wp-json\/wp\/v2\/posts\/127045","targetHints":{"allow":["GET"]}}],"collection":[{"href":"https:\/\/www.europesays.com\/es\/wp-json\/wp\/v2\/posts"}],"about":[{"href":"https:\/\/www.europesays.com\/es\/wp-json\/wp\/v2\/types\/post"}],"author":[{"embeddable":true,"href":"https:\/\/www.europesays.com\/es\/wp-json\/wp\/v2\/users\/2"}],"replies":[{"embeddable":true,"href":"https:\/\/www.europesays.com\/es\/wp-json\/wp\/v2\/comments?post=127045"}],"version-history":[{"count":0,"href":"https:\/\/www.europesays.com\/es\/wp-json\/wp\/v2\/posts\/127045\/revisions"}],"wp:featuredmedia":[{"embeddable":true,"href":"https:\/\/www.europesays.com\/es\/wp-json\/wp\/v2\/media\/127046"}],"wp:attachment":[{"href":"https:\/\/www.europesays.com\/es\/wp-json\/wp\/v2\/media?parent=127045"}],"wp:term":[{"taxonomy":"category","embeddable":true,"href":"https:\/\/www.europesays.com\/es\/wp-json\/wp\/v2\/categories?post=127045"},{"taxonomy":"post_tag","embeddable":true,"href":"https:\/\/www.europesays.com\/es\/wp-json\/wp\/v2\/tags?post=127045"}],"curies":[{"name":"wp","href":"https:\/\/api.w.org\/{rel}","templated":true}]}}