{"id":127049,"date":"2025-09-20T08:52:33","date_gmt":"2025-09-20T08:52:33","guid":{"rendered":"https:\/\/www.europesays.com\/es\/127049\/"},"modified":"2025-09-20T08:52:33","modified_gmt":"2025-09-20T08:52:33","slug":"los-nueve-libros-de-la-semana-en-babelia-babelia","status":"publish","type":"post","link":"https:\/\/www.europesays.com\/es\/127049\/","title":{"rendered":"Los nueve libros de la semana en \u2018Babelia\u2019 | Babelia"},"content":{"rendered":"<p><img decoding=\"auto\" class=\"_re lazyload a_m-v\" height=\"652\"  width=\"414\"  src=\"https:\/\/www.europesays.com\/es\/wp-content\/uploads\/2025\/09\/7VWZ2P2IPVH2VIHTH6ZVV7PHSY.jpg\" loading=\"lazy\"\/>Comer\u00e1s floresLuc\u00eda Solla SobralLibros del Asteroide, 2025. 248 p\u00e1ginas. 19,95 euros<\/p>\n<p class=\"\">La opera prima de Luc\u00eda Solla Sobral, Comer\u00e1s flores, sabe arrojar luz al dif\u00edcil territorio del maltrato de baja intensidad, ese que llega sin se\u00f1ales de alarma.<\/p>\n<p class=\"\"><a href=\"https:\/\/elpais.com\/babelia\/2025-09-19\/una-joven-en-medio-de-un-tsunami-emocional.html\" target=\"_self\" rel=\"nofollow noopener\" title=\"https:\/\/elpais.com\/babelia\/2025-09-19\/una-joven-en-medio-de-un-tsunami-emocional.html\">Lea la cr\u00edtica completa de Berna Gonz\u00e1lez Harbour. <\/a><\/p>\n<p><img decoding=\"auto\" class=\"_re lazyload a_m-v\" height=\"641\"  width=\"414\"  src=\"https:\/\/www.europesays.com\/es\/wp-content\/uploads\/2025\/09\/AKXOCEHPJBCMXLD6WOMUPAV27Y.jpg\" loading=\"lazy\"\/>Los papeles de Harding Robert Plunket Traducci\u00f3n de Regina L\u00f3pez Mu\u00f1oz. Impedimenta, 2025. 336 p\u00e1ginas. 24,95 euros<\/p>\n<p class=\"\">Con su primera novela, publicada en 1983, el estadounidense Robert Plunket construy\u00f3 una bomba de relojer\u00eda made in Hollywood, una s\u00e1tira delirante sobre una sociedad que se aleja de la realidad llamada Los papeles de Harding.<\/p>\n<p class=\"\"><a href=\"https:\/\/elpais.com\/babelia\/2025-09-17\/un-chiflado-un-presidente-y-sus-cartas-eroticas-el-humor-explosivo-made-in-hollywood-del-maldito-robert-plunket.html\" target=\"_self\" rel=\"nofollow noopener\" title=\"https:\/\/elpais.com\/babelia\/2025-09-17\/un-chiflado-un-presidente-y-sus-cartas-eroticas-el-humor-explosivo-made-in-hollywood-del-maldito-robert-plunket.html\">Lea la cr\u00edtica completa de Laura Fern\u00e1ndez. <\/a><\/p>\n<p><img decoding=\"auto\" class=\"_re lazyload a_m-v\" height=\"621\"  width=\"414\"  src=\"https:\/\/www.europesays.com\/es\/wp-content\/uploads\/2025\/09\/KOHJAI4HBNAKXGIJEWG7DRCLJU.jpg\" loading=\"lazy\"\/>El perro del surCharles Portis Traducci\u00f3n de Javier Lucini. Dirty Works, 2025. 259 p\u00e1ginas. 25,95 euros y dem\u00e1s H5<\/p>\n<p class=\"\">El perro del sur es la segunda e inmensamente disfrutable novela del estadounidense Charles Portis, autor fallecido en 2020 injustamente ignorado. <\/p>\n<p class=\"\"><a href=\"https:\/\/elpais.com\/babelia\/2025-09-16\/el-perro-del-sur-el-road-book-mas-divertido-jamas-escrito.html\" target=\"_self\" rel=\"nofollow noopener\" title=\"https:\/\/elpais.com\/babelia\/2025-09-16\/el-perro-del-sur-el-road-book-mas-divertido-jamas-escrito.html\">Lea la cr\u00edtica completa de Kiko Amat.<\/a><\/p>\n<p><img decoding=\"auto\" class=\"_re lazyload a_m-v\" height=\"658\"  width=\"414\"  src=\"https:\/\/www.europesays.com\/es\/wp-content\/uploads\/2025\/09\/TJKA5FHZGZHL5FGUKQPIIDFARU.jpg\" loading=\"lazy\"\/>El curioso caso de Mary Mallon Anthony BourdainTraducci\u00f3n de \u00cd\u00f1igo Garc\u00eda Ureta. Gatopardo, 2025. 215 p\u00e1ginas, 19,95 euros.<\/p>\n<p class=\"\">El famoso chef Anthony Bourdain escribi\u00f3 la historia de la cocinera irlandesa que a principios del siglo XX infect\u00f3 en Nueva York de tifus a sus comensales.<\/p>\n<p class=\"\"><a href=\"https:\/\/elpais.com\/babelia\/2025-09-18\/el-curioso-caso-de-mary-mallon-misterio-y-escandalo-por-anthony-bourdain.html\" target=\"_self\" rel=\"nofollow noopener\" title=\"https:\/\/elpais.com\/babelia\/2025-09-18\/el-curioso-caso-de-mary-mallon-misterio-y-escandalo-por-anthony-bourdain.html\">Lea la cr\u00edtica completa de Andrea Aguilar. <\/a><\/p>\n<p><img decoding=\"auto\" class=\"_re lazyload a_m-v\" height=\"651\"  width=\"414\"  src=\"https:\/\/www.europesays.com\/es\/wp-content\/uploads\/2025\/09\/O7GBGPBFJFDJLMBM7Y3WY4VOWE.jpg\" loading=\"lazy\"\/>El aniversario Andrea BajaniTraducci\u00f3n de Carlos Gumpert. Anagrama, 2025. 151 p\u00e1ginas, 19,90 euros<\/p>\n<p class=\"\">Andrea Bajani ha ganado el Premio Strega con esta historia sobre la liberaci\u00f3n personal en el punto medio entre la operaci\u00f3n quir\u00fargica y lo humano.<\/p>\n<p class=\"\"><a href=\"https:\/\/elpais.com\/babelia\/2025-09-20\/el-aniversario-cuando-la-ruptura-sentimental-es-con-los-padres.html\" target=\"_self\" rel=\"nofollow noopener\" title=\"https:\/\/elpais.com\/babelia\/2025-09-20\/el-aniversario-cuando-la-ruptura-sentimental-es-con-los-padres.html\">Lea la cr\u00edtica completa de Carlos Zan\u00f3n. <\/a><\/p>\n<p><img decoding=\"auto\" class=\"_re lazyload a_m-v\" height=\"668\"  width=\"414\"  src=\"https:\/\/www.europesays.com\/es\/wp-content\/uploads\/2025\/09\/3XGFN7DMYBFNZKEOKQMBO5MSQA.jpg\" loading=\"lazy\"\/>La islaMe\u0161a Selimovi\u0107Traducci\u00f3n de Miguel Ro\u00e1n. Autom\u00e1tica, 2025. 216 p\u00e1ginas, 20 euros <\/p>\n<p class=\"\">\u2018La isla\u2019, del escritor serbobosnio Me\u0161a Selimovi\u0107, se detiene en los meandros que delimitan el bien y el mal en la mente del hombre moderno.<\/p>\n<p class=\"\"><a href=\"https:\/\/elpais.com\/babelia\/2025-09-20\/dostoievski-en-la-antigua-yugoslavia.html\" target=\"_self\" rel=\"nofollow noopener\" title=\"https:\/\/elpais.com\/babelia\/2025-09-20\/dostoievski-en-la-antigua-yugoslavia.html\">Lea la cr\u00edtica completa de Javier Gonz\u00e1lez-Cotta.<\/a><\/p>\n<p><img decoding=\"auto\" class=\"_re lazyload a_m-v\" height=\"623\"  width=\"414\"  src=\"https:\/\/www.europesays.com\/es\/wp-content\/uploads\/2025\/09\/RNTRATJDCRDBVNNJX6BZ3R2AQY.jpg\" loading=\"lazy\"\/>La sociedad de la desconfianza Victoria Camps Arpa, 2025. 216 p\u00e1ginas, 19,90 euros<\/p>\n<p class=\"\">Victoria Camps plantea un recorrido intelectual ambicioso y comprometido para diagnosticar cu\u00e1l es el estado de la libertad en las sociedades contempor\u00e1neas.<\/p>\n<p class=\"\"><a href=\"https:\/\/elpais.com\/babelia\/2025-09-16\/la-sociedad-de-la-desconfianza-de-victoria-camps-un-diagnostico-incomodo-para-tiempos-liquidos.html\" target=\"_self\" rel=\"nofollow noopener\" title=\"https:\/\/elpais.com\/babelia\/2025-09-16\/la-sociedad-de-la-desconfianza-de-victoria-camps-un-diagnostico-incomodo-para-tiempos-liquidos.html\">Lea la cr\u00edtica completa de M\u00e1riam Mart\u00ednez-Bascu\u00f1\u00e1n.<\/a><\/p>\n<p><img decoding=\"auto\" class=\"_re lazyload a_m-v\" height=\"657\"  width=\"414\"  src=\"https:\/\/www.europesays.com\/es\/wp-content\/uploads\/2025\/09\/RCLDXKEWWBC5PIUXMLOAP2RMG4.jpg\" loading=\"lazy\"\/>El fil\u00f3sofo: Habermas y nosotrosPhilipp FelschTraducci\u00f3n de Mar\u00eda Dolores \u00c1balos. Trotta, 2025. 220 p\u00e1ginas, 20 euros<\/p>\n<p class=\"\">El historiador de la cultura Philipp Felsch muestra el compromiso incansable del fil\u00f3sofo con su \u00e9poca: de la memoria del nazismo a la guerra de Ucrania.<\/p>\n<p class=\"\"><a href=\"https:\/\/elpais.com\/babelia\/2025-09-17\/el-intelectual-por-excelencia-habermas-y-la-pervivencia-de-la-democracia.html\" target=\"_self\" rel=\"nofollow noopener\" title=\"https:\/\/elpais.com\/babelia\/2025-09-17\/el-intelectual-por-excelencia-habermas-y-la-pervivencia-de-la-democracia.html\">Lea la cr\u00edtica completa de Pere Fabra. <\/a><\/p>\n<p><img decoding=\"auto\" class=\"_re lazyload a_m-v\" height=\"698\"  width=\"414\"  src=\"https:\/\/www.europesays.com\/es\/wp-content\/uploads\/2025\/09\/5BTWNHSFL5HW5N2R4OKKETZMGU.jpg\" loading=\"lazy\"\/>Eva. Descubre c\u00f3mo el cuerpo femenino impuls\u00f3 la evoluci\u00f3n humana Cat BohannonTraducci\u00f3n de Aurora Echevarr\u00eda P\u00e9rez. Seix Barral, 2025. 704 p\u00e1ginas, 24,70 euros<\/p>\n<p class=\"\">Cat Bohannon recorre 200 millones de a\u00f1os de historia para analizar el tan ignorado como fundamental papel del cuerpo de la mujer en la evoluci\u00f3n biol\u00f3gica y cultural de la humanidad.<\/p>\n<p class=\"\"><a href=\"https:\/\/elpais.com\/babelia\/2025-09-15\/eva-y-si-el-invento-mas-relevante-para-nuestra-supervivencia-no-fue-el-fuego-sino-la-ginecologia.html\" target=\"_self\" rel=\"nofollow noopener\" title=\"https:\/\/elpais.com\/babelia\/2025-09-15\/eva-y-si-el-invento-mas-relevante-para-nuestra-supervivencia-no-fue-el-fuego-sino-la-ginecologia.html\">Lea la cr\u00edtica completa de Toni Pou. <\/a><\/p>\n","protected":false},"excerpt":{"rendered":"Comer\u00e1s floresLuc\u00eda Solla SobralLibros del Asteroide, 2025. 248 p\u00e1ginas. 19,95 euros La opera prima de Luc\u00eda Solla Sobral,&hellip;\n","protected":false},"author":2,"featured_media":127050,"comment_status":"","ping_status":"","sticky":false,"template":"","format":"standard","meta":{"footnotes":""},"categories":[172],"tags":[224,4026,209,2053,146,147,25,1598,3055,24,1807,225,4027,1645,23],"class_list":{"0":"post-127049","1":"post","2":"type-post","3":"status-publish","4":"format-standard","5":"has-post-thumbnail","7":"category-libros","8":"tag-books","9":"tag-critica-literaria","10":"tag-cultura","11":"tag-ensayo","12":"tag-entertainment","13":"tag-entretenimiento","14":"tag-es","15":"tag-escritores","16":"tag-escritura","17":"tag-espana","18":"tag-lectura","19":"tag-libros","20":"tag-narrativa","21":"tag-novela","22":"tag-spain"},"share_on_mastodon":{"url":"","error":""},"_links":{"self":[{"href":"https:\/\/www.europesays.com\/es\/wp-json\/wp\/v2\/posts\/127049","targetHints":{"allow":["GET"]}}],"collection":[{"href":"https:\/\/www.europesays.com\/es\/wp-json\/wp\/v2\/posts"}],"about":[{"href":"https:\/\/www.europesays.com\/es\/wp-json\/wp\/v2\/types\/post"}],"author":[{"embeddable":true,"href":"https:\/\/www.europesays.com\/es\/wp-json\/wp\/v2\/users\/2"}],"replies":[{"embeddable":true,"href":"https:\/\/www.europesays.com\/es\/wp-json\/wp\/v2\/comments?post=127049"}],"version-history":[{"count":0,"href":"https:\/\/www.europesays.com\/es\/wp-json\/wp\/v2\/posts\/127049\/revisions"}],"wp:featuredmedia":[{"embeddable":true,"href":"https:\/\/www.europesays.com\/es\/wp-json\/wp\/v2\/media\/127050"}],"wp:attachment":[{"href":"https:\/\/www.europesays.com\/es\/wp-json\/wp\/v2\/media?parent=127049"}],"wp:term":[{"taxonomy":"category","embeddable":true,"href":"https:\/\/www.europesays.com\/es\/wp-json\/wp\/v2\/categories?post=127049"},{"taxonomy":"post_tag","embeddable":true,"href":"https:\/\/www.europesays.com\/es\/wp-json\/wp\/v2\/tags?post=127049"}],"curies":[{"name":"wp","href":"https:\/\/api.w.org\/{rel}","templated":true}]}}