{"id":127051,"date":"2025-09-20T08:53:08","date_gmt":"2025-09-20T08:53:08","guid":{"rendered":"https:\/\/www.europesays.com\/es\/127051\/"},"modified":"2025-09-20T08:53:08","modified_gmt":"2025-09-20T08:53:08","slug":"el-milagro-de-adriana-y-rafael","status":"publish","type":"post","link":"https:\/\/www.europesays.com\/es\/127051\/","title":{"rendered":"El milagro de Adriana y Rafael"},"content":{"rendered":"<p data-journey-content=\"true\" data-node-id=\"3\" class=\"css-6wxqfj emevuu60\">Esta semana en &#8216;<a href=\"https:\/\/www.diezminutos.es\/valle-salvaje\/\" target=\"_blank\" data-vars-ga-outbound-link=\"https:\/\/www.diezminutos.es\/valle-salvaje\/\" data-vars-ga-ux-element=\"Hyperlink\" data-vars-ga-call-to-action=\"Valle Salvaje\" data-node-id=\"3.1\" class=\"body-link css-177bzfx emevuu60\" rel=\"nofollow noopener\">Valle Salvaje<\/a>&#8216;, Rafael continu\u00f3 indagando en la misteriosa muerte de Julio y cada pista lo condujo a sospechar de Ana. Su investigaci\u00f3n dio un giro inesperado cuando Francisco, con gesto grave, decidi\u00f3 romper el silencio y <strong data-node-id=\"3.3\">le confes\u00f3 lo que realmente ocurri\u00f3 aquella fat\u00eddica tarde. <\/strong>Mientras tanto, Victoria, movida por el arrepentimiento, intent\u00f3 acercarse a Jos\u00e9 Luis para recuperar la confianza perdida. Sin embargo, <a href=\"https:\/\/www.diezminutos.es\/telenovela\/espanolas\/a66035297\/valle-salvaje-capitulos-249-al-253-resumen-semanal-8-al-12-septiembre-tve-netflix\/\" target=\"_blank\" data-vars-ga-outbound-link=\"https:\/\/www.diezminutos.es\/telenovela\/espanolas\/a66035297\/valle-salvaje-capitulos-249-al-253-resumen-semanal-8-al-12-septiembre-tve-netflix\/\" data-vars-ga-ux-element=\"Hyperlink\" data-vars-ga-call-to-action=\"el duque permanece distante\" data-node-id=\"3.5\" class=\"body-link css-177bzfx emevuu60\" rel=\"nofollow noopener\">el duque permanece distante<\/a>, incapaz de perdonarle que le ocultara la verdad sobre la tr\u00e1gica muerte de Pilara.<\/p>\n<p><img draggable=\"true\" alt=\"valle salvaje\" title=\"Valle Salvaje\" loading=\"lazy\" width=\"2048\" height=\"1365\" decoding=\"async\" data-nimg=\"1\" style=\"color:transparent;width:100%;height:auto;\"   src=\"https:\/\/www.europesays.com\/es\/wp-content\/uploads\/2025\/09\/gx0eo6fwcaajk0w-689af0746dbf4.jpeg\" class=\"css-0 e1g79fud0\"\/><\/p>\n<p>Add RTVE<\/p>\n<p data-journey-content=\"true\" data-node-id=\"7\" class=\"css-6wxqfj emevuu60\">La presi\u00f3n aument\u00f3 sobre Ana. Rafael, decidido a llegar hasta el fondo, la interrog\u00f3 sin descanso en busca de la verdad. <strong data-node-id=\"7.1\">\u00darsula, temerosa de que la doncella confesara m\u00e1s de la cuenta<\/strong>, redobl\u00f3 sus esfuerzos por calmarla y mantenerla en silencio. Por otro lado, la tensi\u00f3n entre Victoria y Matilde estall\u00f3. Harta de sus continuas provocaciones, Matilde estuvo al borde de perder el control y levantarle la mano, pero sab\u00eda bien que ese gesto podr\u00eda marcar su final en el palacio.<\/p>\n<p>Inesperado beso para Pepa en &#8216;Valle Salvaje&#8217;<\/p>\n<p data-journey-content=\"true\" data-node-id=\"10\" class=\"css-6wxqfj emevuu60\">Despu\u00e9s del inesperado beso con Pepa, Mart\u00edn se enfrent\u00f3 a un torbellino de emociones. Confuso, busc\u00f3 a Francisco para aclarar no solo si abandonar\u00eda o no el Valle, sino tambi\u00e9n para abrirle su coraz\u00f3n como nunca antes. Mientras tanto, <strong data-node-id=\"10.1\">Adriana se aferr\u00f3 con fuerza a la esperanza de que su hijo a\u00fan viviera<\/strong> y pidi\u00f3 a Rafael que convocara al galeno. En paralelo, una misteriosa presencia lleg\u00f3 al Valle preguntando por Luisa, desatando nuevas incertidumbres.<\/p>\n<p>La relaci\u00f3n de los duques se complic\u00f3 en &#8216;Valle Salvaje&#8217;<img draggable=\"true\" alt=\"valle salvaje boda jose luis victoria\" title=\"valle salvaje boda jose luis victoria\" loading=\"lazy\" width=\"1920\" height=\"1280\" decoding=\"async\" data-nimg=\"1\" style=\"color:transparent;width:100%;height:auto;\"   src=\"https:\/\/www.europesays.com\/es\/wp-content\/uploads\/2025\/09\/valle-salvaje-boda-2-68944a4d8fa66.jpg\" class=\"css-0 e1g79fud0\"\/><\/p>\n<p>RTVE<\/p>\n<p data-journey-content=\"true\" data-node-id=\"16\" class=\"css-6wxqfj emevuu60\">El amor de Leonardo por B\u00e1rbara se manifest\u00f3 cuando la invit\u00f3 a acompa\u00f1arlo a la fiesta de los barones, con la firme intenci\u00f3n de presentarla ante sus padres como la mujer de su vida. Entretanto, Rafael, cada vez m\u00e1s decidido, estrech\u00f3 el cerco sobre Ana y la acorral\u00f3 con preguntas directas. Deseaba confrontar de una vez a \u00darsula, pero primero necesitaba que la doncella confesara la verdad: <strong data-node-id=\"16.1\">\u00bfdir\u00eda finalmente que Julio no hab\u00eda fallecido de manera natural? <\/strong>La relaci\u00f3n de los duques de Valle Salvaje atraves\u00f3 una profunda crisis. Jos\u00e9 Luis tom\u00f3 una decisi\u00f3n unilateral que Victoria interpret\u00f3 como la mayor traici\u00f3n. En otro rinc\u00f3n del palacio, el tri\u00e1ngulo amoroso formado por Pepa, Mart\u00edn y Francisco se intensific\u00f3. Ambos j\u00f3venes, decididos a conquistar el coraz\u00f3n de Pepa, trazaron sus estrategias por separado, iniciando una nueva batalla sentimental.<\/p>\n<p><img src=\"https:\/\/www.europesays.com\/es\/wp-content\/uploads\/2025\/09\/1758358388_22_43af9b8f-983e-4e74-8e74-9a7479b0966b_1681831601.file\" alt=\"Headshot of Pilar Mart\u00ednez\" title=\"Headshot of Pilar Mart\u00ednez\" width=\"100%\" height=\"100%\" decoding=\"async\" loading=\"lazy\" class=\"css-o0wq4v ev8dhu53\"\/><\/p>\n<p>Pilar Mart\u00ednez es periodista especializada en contenidos de televisi\u00f3n y cultura, se gradu\u00f3 en la carrera en Periodismo en la Facultad de Ciencias de la Informaci\u00f3n (Universidad Complutense de Madrid) en el a\u00f1o 2018. Desde entonces ha pasado por las redacciones de Ecoteuve (El Economista), donde realiz\u00f3 sus primeras pr\u00e1cticas durante el verano del 2016.<\/p>\n<p>Posteriormente, concretamente, en el a\u00f1o 2017 se pas\u00f3 al grupo Hearst Espa\u00f1a, donde comenz\u00f3 su andadura en las revistas de televisi\u00f3n: Supertele, Teleprograma, Telenovela. Ahora colabora con Diez Minutos, en su versi\u00f3n web, donde se encarga de realizar los avances semanales de las ficciones diarias de moda, as\u00ed como entrevistas y art\u00edculos sobre los melodramas o telenovelas que aterrizan en nuestro pa\u00eds y aquellos que est\u00e1n por venir.<\/p>\n<p>Toda una cazadora de exclusivas. A esto, se suma su puesto como redactora jefe de la secci\u00f3n de novela narrativa en la revista Culturamas, medio digital de alto impacto al que lleva unida desde el a\u00f1o 2013. \u00c1vida lectora, cin\u00e9fila y seri\u00e9fila de primer nivel, ha hecho de su vocaci\u00f3n su oficio. \u00a0<\/p>\n","protected":false},"excerpt":{"rendered":"Esta semana en &#8216;Valle Salvaje&#8216;, Rafael continu\u00f3 indagando en la misteriosa muerte de Julio y cada pista lo&hellip;\n","protected":false},"author":2,"featured_media":127052,"comment_status":"","ping_status":"","sticky":false,"template":"","format":"standard","meta":{"footnotes":""},"categories":[171],"tags":[253,146,147,25,24,23,214],"class_list":{"0":"post-127051","1":"post","2":"type-post","3":"status-publish","4":"format-standard","5":"has-post-thumbnail","7":"category-tv","8":"tag-discover","9":"tag-entertainment","10":"tag-entretenimiento","11":"tag-es","12":"tag-espana","13":"tag-spain","14":"tag-tv"},"share_on_mastodon":{"url":"","error":""},"_links":{"self":[{"href":"https:\/\/www.europesays.com\/es\/wp-json\/wp\/v2\/posts\/127051","targetHints":{"allow":["GET"]}}],"collection":[{"href":"https:\/\/www.europesays.com\/es\/wp-json\/wp\/v2\/posts"}],"about":[{"href":"https:\/\/www.europesays.com\/es\/wp-json\/wp\/v2\/types\/post"}],"author":[{"embeddable":true,"href":"https:\/\/www.europesays.com\/es\/wp-json\/wp\/v2\/users\/2"}],"replies":[{"embeddable":true,"href":"https:\/\/www.europesays.com\/es\/wp-json\/wp\/v2\/comments?post=127051"}],"version-history":[{"count":0,"href":"https:\/\/www.europesays.com\/es\/wp-json\/wp\/v2\/posts\/127051\/revisions"}],"wp:featuredmedia":[{"embeddable":true,"href":"https:\/\/www.europesays.com\/es\/wp-json\/wp\/v2\/media\/127052"}],"wp:attachment":[{"href":"https:\/\/www.europesays.com\/es\/wp-json\/wp\/v2\/media?parent=127051"}],"wp:term":[{"taxonomy":"category","embeddable":true,"href":"https:\/\/www.europesays.com\/es\/wp-json\/wp\/v2\/categories?post=127051"},{"taxonomy":"post_tag","embeddable":true,"href":"https:\/\/www.europesays.com\/es\/wp-json\/wp\/v2\/tags?post=127051"}],"curies":[{"name":"wp","href":"https:\/\/api.w.org\/{rel}","templated":true}]}}