{"id":127053,"date":"2025-09-20T08:54:11","date_gmt":"2025-09-20T08:54:11","guid":{"rendered":"https:\/\/www.europesays.com\/es\/127053\/"},"modified":"2025-09-20T08:54:11","modified_gmt":"2025-09-20T08:54:11","slug":"iron-maiden-confirma-primeros-conciertos-del-2026-y-anuncia-presentaciones-en-regiones-que-no-visitaron-este-ano","status":"publish","type":"post","link":"https:\/\/www.europesays.com\/es\/127053\/","title":{"rendered":"Iron Maiden confirma primeros conciertos del 2026 y anuncia presentaciones en regiones que no visitaron este a\u00f1o"},"content":{"rendered":"<p>    <a href=\"https:\/\/rpp.pe\/autor\/fchuquillanqui\" title=\"Fernando Chuquillanqui\" rel=\"nofollow noopener\" target=\"_blank\"><br \/>\n              <img decoding=\"async\" src=\"https:\/\/www.europesays.com\/es\/wp-content\/uploads\/2025\/09\/fchuquillanqui.jpg\" width=\"50\" height=\"50\" alt=\"Fernando Chuquillanqui\" loading=\"lazy\"\/><br \/>\n          <\/a><\/p>\n<p>Tras unas semanas de silencio, <a href=\"https:\/\/rpp.pe\/noticias\/iron-maiden\" rel=\"nofollow noopener\" target=\"_blank\">la legendaria banda metalera<\/a> <strong>Iron Maiden<\/strong> confirm\u00f3 la continuaci\u00f3n de su gira mundial Run For Your Lives, con la que est\u00e1 conmemorando sus <strong>50 a\u00f1os de fundaci\u00f3n.<\/strong><\/p>\n<p>A trav\u00e9s de sus redes sociales oficiales, <a href=\"https:\/\/rpp.pe\/noticias\/iron-maiden\" rel=\"nofollow noopener\" target=\"_blank\">\u2018La Doncella\u2019<\/a> inform\u00f3 sobre sus primeros conciertos del 2026 y anunci\u00f3 que en esta segunda parte del tour se presentar\u00e1\u00a0<strong>en pa\u00edses y regiones que no visitaron este a\u00f1o.<\/strong><\/p>\n<p>Entre los conciertos confirmados figura una presentaci\u00f3n \u201cespecial\u201d en Reino Unido (a\u00fan sin locaci\u00f3n establecida), un recital in\u00e9dito en el Estadio San Siro de Mil\u00e1n y un concierto en La D\u00e9fense Arena de Par\u00eds.<\/p>\n<p>Respecto a su presentaci\u00f3n en la capital francesa, <strong>Iron Maiden<\/strong> adelant\u00f3 que este concierto ser\u00e1 grabado, \u201cpara la posteridad\u201d, lo que deja entrever que el material posiblemente sea editado y publicado en discos y Blu-ray.<\/p>\n<p>\u201cElegimos un estadio cubierto (La D\u00e9fense Arena) para ver lo mejor de la producci\u00f3n y tambi\u00e9n para un gran p\u00fablico, que sabemos que Par\u00eds es y siempre ha sido para nosotros\u201d, refiri\u00f3 <a href=\"https:\/\/rpp.pe\/noticias\/iron-maiden\" rel=\"nofollow noopener\" target=\"_blank\">la banda<\/a>.<\/p>\n<p><strong>Iron Maiden\u00a0<\/strong>estim\u00f3 que tendr\u00e1 un 2026 \u201cmuy ajetreado\u201d con diversas presentaciones alrededor del mundo, por lo que la banda se tomar\u00e1 un merecido descanso\u00a0<strong>durante todo el 2027.<\/strong><\/p>\n<p>\u00bfIron Maiden volver\u00e1 a Per\u00fa?<\/p>\n<p>El anuncio de este jueves no incluye ninguna fecha en Sudam\u00e9rica, pero se da por descontado que <a href=\"https:\/\/rpp.pe\/noticias\/iron-maiden\" rel=\"nofollow noopener\" target=\"_blank\">Iron Maiden<\/a> visitar\u00e1 esta parte del planeta durante su gira Run For Your Lives.<\/p>\n<p>Hasta el momento, se desconoce si \u2018La Doncella\u2019 incluir\u00e1 a <strong>Per\u00fa <\/strong>en su tour mundial. Aunque, de concretarse, significar\u00e1 el retorno de la banda <strong>despu\u00e9s de 15 a\u00f1os<\/strong>.<\/p>\n<p>Como se recuerda, <strong>Iron Maiden <\/strong>se ha presentado dos veces en nuestro pa\u00eds. Su primer concierto en Lima fue en el Estadio Nacional, el 26 de marzo de 2009, como parte de su gira Somewhere Back In Time.<\/p>\n<p>Su segunda y \u00faltima presentaci\u00f3n en Per\u00fa -hasta el momento- fue el 23 de marzo de 2011 en el Estadio de San Marcos, en el marco del tour The Final Frontier.<\/p>\n","protected":false},"excerpt":{"rendered":"Tras unas semanas de silencio, la legendaria banda metalera Iron Maiden confirm\u00f3 la continuaci\u00f3n de su gira mundial&hellip;\n","protected":false},"author":2,"featured_media":127054,"comment_status":"","ping_status":"","sticky":false,"template":"","format":"standard","meta":{"footnotes":""},"categories":[170],"tags":[146,147,25,24,188,477,184,185,23],"class_list":{"0":"post-127053","1":"post","2":"type-post","3":"status-publish","4":"format-standard","5":"has-post-thumbnail","7":"category-musica","8":"tag-entertainment","9":"tag-entretenimiento","10":"tag-es","11":"tag-espana","12":"tag-heavy-metal","13":"tag-iron-maiden","14":"tag-music","15":"tag-musica","16":"tag-spain"},"share_on_mastodon":{"url":"","error":""},"_links":{"self":[{"href":"https:\/\/www.europesays.com\/es\/wp-json\/wp\/v2\/posts\/127053","targetHints":{"allow":["GET"]}}],"collection":[{"href":"https:\/\/www.europesays.com\/es\/wp-json\/wp\/v2\/posts"}],"about":[{"href":"https:\/\/www.europesays.com\/es\/wp-json\/wp\/v2\/types\/post"}],"author":[{"embeddable":true,"href":"https:\/\/www.europesays.com\/es\/wp-json\/wp\/v2\/users\/2"}],"replies":[{"embeddable":true,"href":"https:\/\/www.europesays.com\/es\/wp-json\/wp\/v2\/comments?post=127053"}],"version-history":[{"count":0,"href":"https:\/\/www.europesays.com\/es\/wp-json\/wp\/v2\/posts\/127053\/revisions"}],"wp:featuredmedia":[{"embeddable":true,"href":"https:\/\/www.europesays.com\/es\/wp-json\/wp\/v2\/media\/127054"}],"wp:attachment":[{"href":"https:\/\/www.europesays.com\/es\/wp-json\/wp\/v2\/media?parent=127053"}],"wp:term":[{"taxonomy":"category","embeddable":true,"href":"https:\/\/www.europesays.com\/es\/wp-json\/wp\/v2\/categories?post=127053"},{"taxonomy":"post_tag","embeddable":true,"href":"https:\/\/www.europesays.com\/es\/wp-json\/wp\/v2\/tags?post=127053"}],"curies":[{"name":"wp","href":"https:\/\/api.w.org\/{rel}","templated":true}]}}