{"id":127055,"date":"2025-09-20T08:55:10","date_gmt":"2025-09-20T08:55:10","guid":{"rendered":"https:\/\/www.europesays.com\/es\/127055\/"},"modified":"2025-09-20T08:55:10","modified_gmt":"2025-09-20T08:55:10","slug":"casi-nadie-la-conoce-pero-esta-es-la-pelicula-de-robert-redford-y-jane-fonda-que-tienes-que-ver-en-netflix","status":"publish","type":"post","link":"https:\/\/www.europesays.com\/es\/127055\/","title":{"rendered":"Casi nadie la conoce pero \u00e9sta es la pel\u00edcula de Robert Redford y Jane Fonda que tienes que ver en Netflix"},"content":{"rendered":"<p>El mundo del s\u00e9ptimo arte <a href=\"https:\/\/okdiario.com\/look\/actualidad\/muerte-sus-dos-hijos-dos-mujeres-vida-asi-fue-vida-robert-redford-2380669\" rel=\"nofollow noopener\" target=\"_blank\">sigue de luto<\/a> desde que el pasado 16 de septiembre se conociese <strong>el fallecimiento de Robert Redford<\/strong>. El legendario actor y cineasta abandon\u00f3 el mundo a los 89 a\u00f1os, dejando hu\u00e9rfanos a toda una legi\u00f3n de cin\u00e9filos que por suerte, pueden revivir su talento a trav\u00e9s de <a href=\"https:\/\/okdiario.com\/trailer\/adios-robert-redford-5-peliculas-clave-recordar-eterna-presencia-septimo-arte-15420569\" rel=\"nofollow noopener\" target=\"_blank\">una filmograf\u00eda \u00fanica<\/a> repleta de <strong>grandes cl\u00e1sicos<\/strong>. Pero, entre tanta obra maestra, no debemos pasar por alto una pel\u00edcula no tan conocida de su repertorio que todo fan de Robert Redford deber\u00eda ver al menos, una vez en la vida. Nos referimos c\u00f3mo no, a <strong>Nosotros en la noche<\/strong>: un drama rom\u00e1ntico en el que volvi\u00f3 a compartir pantalla con la actriz <strong>Jane Fonda<\/strong>.<\/p>\n<p><img loading=\"lazy\" decoding=\"async\" class=\"size-medium wp-image-15435795\" alt=\"pel\u00edcula Robert Redford\" width=\"620\" height=\"349\"  src=\"https:\/\/www.europesays.com\/es\/wp-content\/uploads\/2025\/09\/cama_cropped-620x349.jpg\" \/> \u2018Nosotros en la noche\u2019 (Netflix).<\/p>\n<p>Producida por Netflix, <a href=\"https:\/\/www.netflix.com\/es\/title\/80104068\" rel=\"nofollow noopener\" target=\"_blank\">Nosotros en la noche<\/a> tuvo un <strong>preestreno en el Festival de Venecia<\/strong>, dentro de la secci\u00f3n oficial fuera de concurso. Siendo as\u00ed, una de las \u00faltimas historias que pudo protagonizar el actor californiano. De hecho, un a\u00f1o despu\u00e9s estrenar\u00eda <strong>The Old Man &amp; the Gun<\/strong>, la que s\u00ed ser\u00eda su despedida oficial de la interpretaci\u00f3n. Sin embargo, esta colaboraci\u00f3n con Fonda represent\u00f3 el adi\u00f3s de una sociedad art\u00edstica que comenz\u00f3 compartiendo reparto en 1960 con Me casar\u00e9 contigo, extendi\u00e9ndose por m\u00e1s de una d\u00e9cada exitosa de t\u00edtulos tan memorables como<strong> La jaur\u00eda humana, Descalzos por el parque y El jinete el\u00e9ctrico<\/strong>. As\u00ed que de alguna forma, Nosotros en la noche formaliza casi un cl\u00edmax metaficcional en la relaci\u00f3n f\u00edlmica de ambos actores, materializ\u00e1ndose en un relato repleto de calidez y complicidad.<\/p>\n<p>Una pel\u00edcula clave de Robert Redford<\/p>\n<p><img loading=\"lazy\" decoding=\"async\" class=\"size-medium wp-image-15435803\" alt=\"\" width=\"620\" height=\"349\"  src=\"https:\/\/www.europesays.com\/es\/wp-content\/uploads\/2025\/09\/https___vdmedia.smoda_.elpais.com_top_20178_9_20170809174424_1502293609_still_cropped-620x349.jpg\" \/> \u2018Nosotros en la noche\u2019 (Netflix).<\/p>\n<p>Con un guion original de <strong>Kent Haruf y Scott Neustadter<\/strong> (500 d\u00edas juntos), la sinopsis oficial de esta desconocida pel\u00edcula de Robert Redford es la siguiente: \u00abEl el estado de Colorado, Addie Moore (Fonda) es una viuda que decide hacerle una visita sorpresa a su vecino Louis Waters (Redford). Las parejas de los dos fallecieron hace a\u00f1os y harta de convivir con la soledad, Addie decide iniciar una relaci\u00f3n con Louis, aprovechando el tiempo que les quede de vida\u00bb.<\/p>\n<p><img loading=\"lazy\" decoding=\"async\" class=\"size-medium wp-image-15435799\" alt=\"pel\u00edcula Robert Redford\" width=\"620\" height=\"349\"  src=\"https:\/\/www.europesays.com\/es\/wp-content\/uploads\/2025\/09\/f768x1-80891_81018_5050_cropped-620x349.jpg\" \/> \u2018Nosotros en la noche\u2019 (Netflix).<\/p>\n<p>Aparte de Redford y Fonda, el elenco de Nosotros en la noche se completa con otros rostros reconocidos en la industria. <strong>Bruce Dern<\/strong> (Nebraska), <strong>Matthias Schoenaerts<\/strong> (De \u00f3xido y hueso), <strong>Judy Greer<\/strong> (El bosque) e <strong>Iain Armitage<\/strong> (Big Little Lies), conforman el elenco secundario. La direcci\u00f3n por otra parte corri\u00f3 a cargo del cineasta indio, Ritesh Batra, responsable de The Lunchbox y de El sentido de un final.<\/p>\n<p>La despedida de Fonda a su amigo<\/p>\n<p><img loading=\"lazy\" decoding=\"async\" class=\"size-medium wp-image-15435809\" alt=\"\" width=\"620\" height=\"349\"  src=\"https:\/\/www.europesays.com\/es\/wp-content\/uploads\/2025\/09\/nosotros-en-la-noche-pelicula-p-1-e1758039064997_cropped-620x349.jpg\" \/> \u2018Nosotros en la noche\u2019 (Netflix).<\/p>\n<p>Tras el fallecimiento de Robert Redford, Hollywood se ha volcado en un p\u00e9same y agradecimiento constante por parte de las m\u00e1s grandes estrellas. Y claro, como no pod\u00eda ser de otra forma, Fonda tambi\u00e9n quiso dedicarle <strong>unas palabras de despedida<\/strong> en varios medios estadounidenses:<\/p>\n<p>\u00abMe impact\u00f3 mucho esta ma\u00f1ana cuando le\u00ed que Bob (Redford) se hab\u00eda ido. No puedo parar de llorar. Significaba mucho para m\u00ed y era una persona hermosa en todos los sentidos. Defendi\u00f3 una Am\u00e9rica por la que debemos seguir luchando\u00bb.<\/p>\n","protected":false},"excerpt":{"rendered":"El mundo del s\u00e9ptimo arte sigue de luto desde que el pasado 16 de septiembre se conociese el&hellip;\n","protected":false},"author":2,"featured_media":127056,"comment_status":"","ping_status":"","sticky":false,"template":"","format":"standard","meta":{"footnotes":""},"categories":[169],"tags":[177,146,147,25,24,176,175,23],"class_list":{"0":"post-127055","1":"post","2":"type-post","3":"status-publish","4":"format-standard","5":"has-post-thumbnail","7":"category-cine","8":"tag-cine","9":"tag-entertainment","10":"tag-entretenimiento","11":"tag-es","12":"tag-espana","13":"tag-film","14":"tag-movies","15":"tag-spain"},"share_on_mastodon":{"url":"","error":""},"_links":{"self":[{"href":"https:\/\/www.europesays.com\/es\/wp-json\/wp\/v2\/posts\/127055","targetHints":{"allow":["GET"]}}],"collection":[{"href":"https:\/\/www.europesays.com\/es\/wp-json\/wp\/v2\/posts"}],"about":[{"href":"https:\/\/www.europesays.com\/es\/wp-json\/wp\/v2\/types\/post"}],"author":[{"embeddable":true,"href":"https:\/\/www.europesays.com\/es\/wp-json\/wp\/v2\/users\/2"}],"replies":[{"embeddable":true,"href":"https:\/\/www.europesays.com\/es\/wp-json\/wp\/v2\/comments?post=127055"}],"version-history":[{"count":0,"href":"https:\/\/www.europesays.com\/es\/wp-json\/wp\/v2\/posts\/127055\/revisions"}],"wp:featuredmedia":[{"embeddable":true,"href":"https:\/\/www.europesays.com\/es\/wp-json\/wp\/v2\/media\/127056"}],"wp:attachment":[{"href":"https:\/\/www.europesays.com\/es\/wp-json\/wp\/v2\/media?parent=127055"}],"wp:term":[{"taxonomy":"category","embeddable":true,"href":"https:\/\/www.europesays.com\/es\/wp-json\/wp\/v2\/categories?post=127055"},{"taxonomy":"post_tag","embeddable":true,"href":"https:\/\/www.europesays.com\/es\/wp-json\/wp\/v2\/tags?post=127055"}],"curies":[{"name":"wp","href":"https:\/\/api.w.org\/{rel}","templated":true}]}}