{"id":127061,"date":"2025-09-20T08:58:34","date_gmt":"2025-09-20T08:58:34","guid":{"rendered":"https:\/\/www.europesays.com\/es\/127061\/"},"modified":"2025-09-20T08:58:34","modified_gmt":"2025-09-20T08:58:34","slug":"lleno-de-caras-conocidas-en-salamanca-para-ver-a-morante-en-tarde-de-no-hay-billetes","status":"publish","type":"post","link":"https:\/\/www.europesays.com\/es\/127061\/","title":{"rendered":"Lleno de caras conocidas en Salamanca para ver a Morante en tarde de &#8216;no hay billetes&#8217;"},"content":{"rendered":"<p><a class=\"v-mdl-ath__fig-a\" href=\"https:\/\/www.salamancahoy.es\/autor\/jose-manuel-garcia-5526.html\" title=\"Jos\u00e9 Manuel Garc\u00eda\" rel=\"nofollow noopener\" target=\"_blank\"><br \/>\n<img decoding=\"async\" class=\"v-mdl-ath__img\" src=\"https:\/\/www.europesays.com\/es\/wp-content\/uploads\/2025\/09\/autor-5526-foto-1.jpeg\" alt=\"Jos\u00e9 Manuel Garc\u00eda\"\/><br \/>\n<\/a><\/p>\n<p class=\"v-mdl-ath__p v-mdl-ath__p--6\">\nViernes, 19 de septiembre 2025, 18:26<\/p>\n<p class=\"v-p\">Lleno de caras conocidas para ver torear esta tarde a Morante de la Puebla en Salamanca en la corrida m\u00e1s destacada del ciclo de septiembre. Los tendidos se han llenado de personalidades de todo tipo, muchos de ellos ac\u00e9rrimos del diestro sevillano, que no suelen faltar a sus grandes tardes. As\u00ed ha sido la corrida con <a href=\"https:\/\/www.salamancahoy.es\/salamanca\/ciudad\/toreros-salmantinos-salen-hombros-dia-gris-morante-20250919214831-ga.html\" target=\"_blank\" data-voc-vtm-id=\"in-text-traffic\" title=\"triunfo de los salmantinos\" data-mrf-link=\"www.salamancahoy.es\" rel=\"nofollow noopener\">triunfo de los salmantinos<\/a>.<\/p>\n<p class=\"v-p\">Uno de ellos, el periodista Carlos Herrera, aficionado confeso y morantista. En barrera, Juan Jos\u00e9 Hidalgo, empresario salmantino (serrano para m\u00e1s se\u00f1as) y tambi\u00e9n muy habitual de la feria, que ha coincidido con el empresario y expresidente del Real Madrid, Ram\u00f3n Calder\u00f3n. <\/p>\n<p class=\"v-p\">Tambi\u00e9n se ha dejado ver el Duque de Alba, Carlos Juan Fitz-James Stuart y Mart\u00ednez de Irujo, que tiene casa en la ciudad, el maravilloso palacio de Monterrey, y propiedades en la provincia. M\u00e1s ignota, la afici\u00f3n del eminente doctor Mariano Barbacid, una de las grandes mentes contra el c\u00e1ncer.<\/p>\n<p><img decoding=\"async\" loading=\"lazy\" src=\"https:\/\/www.europesays.com\/es\/wp-content\/uploads\/2025\/09\/tendidos04.jpg\" class=\"v-a-img\" width=\"624\" height=\"900\" alt=\"Lleno de caras conocidas en Salamanca para ver a Morante en tarde de 'no hay billetes'\"\/><\/p>\n<p><img decoding=\"async\" loading=\"lazy\" src=\"https:\/\/www.europesays.com\/es\/wp-content\/uploads\/2025\/09\/tendidos04.jpg\" class=\"v-mdl__img-z\" width=\"624\" height=\"900\" alt=\"Lleno de caras conocidas en Salamanca para ver a Morante en tarde de 'no hay billetes'\"\/><\/p>\n<p><img loading=\"lazy\" decoding=\"async\" src=\"https:\/\/www.europesays.com\/es\/wp-content\/uploads\/2025\/09\/tendidos04.jpg\" class=\"v-mdl__img-z\" width=\"624\" height=\"900\" alt=\"Lleno de caras conocidas en Salamanca para ver a Morante en tarde de 'no hay billetes'\"\/><\/p>\n<p><img decoding=\"async\" loading=\"lazy\" src=\"https:\/\/www.europesays.com\/es\/wp-content\/uploads\/2025\/09\/tendidos05.jpg\" class=\"v-a-img\" width=\"624\" height=\"900\" alt=\"Lleno de caras conocidas en Salamanca para ver a Morante en tarde de 'no hay billetes'\"\/><\/p>\n<p><img decoding=\"async\" loading=\"lazy\" src=\"https:\/\/www.europesays.com\/es\/wp-content\/uploads\/2025\/09\/tendidos05.jpg\" class=\"v-mdl__img-z\" width=\"624\" height=\"900\" alt=\"Lleno de caras conocidas en Salamanca para ver a Morante en tarde de 'no hay billetes'\"\/><\/p>\n<p><img loading=\"lazy\" decoding=\"async\" src=\"https:\/\/www.europesays.com\/es\/wp-content\/uploads\/2025\/09\/tendidos05.jpg\" class=\"v-mdl__img-z\" width=\"624\" height=\"900\" alt=\"Lleno de caras conocidas en Salamanca para ver a Morante en tarde de 'no hay billetes'\"\/><\/p>\n<p><img decoding=\"async\" loading=\"lazy\" src=\"https:\/\/www.europesays.com\/es\/wp-content\/uploads\/2025\/09\/tendidos06.jpg\" class=\"v-a-img\" width=\"624\" height=\"900\" alt=\"Lleno de caras conocidas en Salamanca para ver a Morante en tarde de 'no hay billetes'\"\/><\/p>\n<p><img decoding=\"async\" loading=\"lazy\" src=\"https:\/\/www.europesays.com\/es\/wp-content\/uploads\/2025\/09\/tendidos06.jpg\" class=\"v-mdl__img-z\" width=\"624\" height=\"900\" alt=\"Lleno de caras conocidas en Salamanca para ver a Morante en tarde de 'no hay billetes'\"\/><\/p>\n<p><img loading=\"lazy\" decoding=\"async\" src=\"https:\/\/www.europesays.com\/es\/wp-content\/uploads\/2025\/09\/tendidos06.jpg\" class=\"v-mdl__img-z\" width=\"624\" height=\"900\" alt=\"Lleno de caras conocidas en Salamanca para ver a Morante en tarde de 'no hay billetes'\"\/><\/p>\n<p><img decoding=\"async\" loading=\"lazy\" src=\"https:\/\/www.europesays.com\/es\/wp-content\/uploads\/2025\/09\/tendidos07.jpg\" class=\"v-a-img\" width=\"624\" height=\"900\" alt=\"Lleno de caras conocidas en Salamanca para ver a Morante en tarde de 'no hay billetes'\"\/><\/p>\n<p><img decoding=\"async\" loading=\"lazy\" src=\"https:\/\/www.europesays.com\/es\/wp-content\/uploads\/2025\/09\/tendidos07.jpg\" class=\"v-mdl__img-z\" width=\"624\" height=\"900\" alt=\"Lleno de caras conocidas en Salamanca para ver a Morante en tarde de 'no hay billetes'\"\/><\/p>\n<p><img loading=\"lazy\" decoding=\"async\" src=\"https:\/\/www.europesays.com\/es\/wp-content\/uploads\/2025\/09\/tendidos07.jpg\" class=\"v-mdl__img-z\" width=\"624\" height=\"900\" alt=\"Lleno de caras conocidas en Salamanca para ver a Morante en tarde de 'no hay billetes'\"\/><\/p>\n<p><img decoding=\"async\" loading=\"lazy\" src=\"https:\/\/www.europesays.com\/es\/wp-content\/uploads\/2025\/09\/tendidos08.jpg\" class=\"v-a-img\" width=\"624\" height=\"900\" alt=\"Lleno de caras conocidas en Salamanca para ver a Morante en tarde de 'no hay billetes'\"\/><\/p>\n<p><img decoding=\"async\" loading=\"lazy\" src=\"https:\/\/www.europesays.com\/es\/wp-content\/uploads\/2025\/09\/tendidos08.jpg\" class=\"v-mdl__img-z\" width=\"624\" height=\"900\" alt=\"Lleno de caras conocidas en Salamanca para ver a Morante en tarde de 'no hay billetes'\"\/><\/p>\n<p><img loading=\"lazy\" decoding=\"async\" src=\"https:\/\/www.europesays.com\/es\/wp-content\/uploads\/2025\/09\/tendidos08.jpg\" class=\"v-mdl__img-z\" width=\"624\" height=\"900\" alt=\"Lleno de caras conocidas en Salamanca para ver a Morante en tarde de 'no hay billetes'\"\/><\/p>\n<p><img decoding=\"async\" loading=\"lazy\" src=\"https:\/\/www.europesays.com\/es\/wp-content\/uploads\/2025\/09\/tendidos09.jpg\" class=\"v-a-img\" width=\"624\" height=\"900\" alt=\"Lleno de caras conocidas en Salamanca para ver a Morante en tarde de 'no hay billetes'\"\/><\/p>\n<p><img decoding=\"async\" loading=\"lazy\" src=\"https:\/\/www.europesays.com\/es\/wp-content\/uploads\/2025\/09\/tendidos09.jpg\" class=\"v-mdl__img-z\" width=\"624\" height=\"900\" alt=\"Lleno de caras conocidas en Salamanca para ver a Morante en tarde de 'no hay billetes'\"\/><\/p>\n<p><img loading=\"lazy\" decoding=\"async\" src=\"https:\/\/www.europesays.com\/es\/wp-content\/uploads\/2025\/09\/tendidos09.jpg\" class=\"v-mdl__img-z\" width=\"624\" height=\"900\" alt=\"Lleno de caras conocidas en Salamanca para ver a Morante en tarde de 'no hay billetes'\"\/><\/p>\n<p><img decoding=\"async\" loading=\"lazy\" src=\"https:\/\/www.europesays.com\/es\/wp-content\/uploads\/2025\/09\/tendidos10.jpg\" class=\"v-a-img\" width=\"624\" height=\"900\" alt=\"Lleno de caras conocidas en Salamanca para ver a Morante en tarde de 'no hay billetes'\"\/><\/p>\n<p><img decoding=\"async\" loading=\"lazy\" src=\"https:\/\/www.europesays.com\/es\/wp-content\/uploads\/2025\/09\/tendidos10.jpg\" class=\"v-mdl__img-z\" width=\"624\" height=\"900\" alt=\"Lleno de caras conocidas en Salamanca para ver a Morante en tarde de 'no hay billetes'\"\/><\/p>\n<p><img loading=\"lazy\" decoding=\"async\" src=\"https:\/\/www.europesays.com\/es\/wp-content\/uploads\/2025\/09\/tendidos10.jpg\" class=\"v-mdl__img-z\" width=\"624\" height=\"900\" alt=\"Lleno de caras conocidas en Salamanca para ver a Morante en tarde de 'no hay billetes'\"\/><\/p>\n<p><img decoding=\"async\" loading=\"lazy\" src=\"https:\/\/www.europesays.com\/es\/wp-content\/uploads\/2025\/09\/tendidos11.jpg\" class=\"v-a-img\" width=\"624\" height=\"900\" alt=\"Lleno de caras conocidas en Salamanca para ver a Morante en tarde de 'no hay billetes'\"\/><\/p>\n<p><img decoding=\"async\" loading=\"lazy\" src=\"https:\/\/www.europesays.com\/es\/wp-content\/uploads\/2025\/09\/tendidos11.jpg\" class=\"v-mdl__img-z\" width=\"624\" height=\"900\" alt=\"Lleno de caras conocidas en Salamanca para ver a Morante en tarde de 'no hay billetes'\"\/><\/p>\n<p><img loading=\"lazy\" decoding=\"async\" src=\"https:\/\/www.europesays.com\/es\/wp-content\/uploads\/2025\/09\/tendidos11.jpg\" class=\"v-mdl__img-z\" width=\"624\" height=\"900\" alt=\"Lleno de caras conocidas en Salamanca para ver a Morante en tarde de 'no hay billetes'\"\/><\/p>\n<p><img decoding=\"async\" loading=\"lazy\" src=\"https:\/\/www.europesays.com\/es\/wp-content\/uploads\/2025\/09\/tendidos12.jpg\" class=\"v-a-img\" width=\"624\" height=\"900\" alt=\"Lleno de caras conocidas en Salamanca para ver a Morante en tarde de 'no hay billetes'\"\/><\/p>\n<p><img decoding=\"async\" loading=\"lazy\" src=\"https:\/\/www.europesays.com\/es\/wp-content\/uploads\/2025\/09\/tendidos12.jpg\" class=\"v-mdl__img-z\" width=\"624\" height=\"900\" alt=\"Lleno de caras conocidas en Salamanca para ver a Morante en tarde de 'no hay billetes'\"\/><\/p>\n<p><img loading=\"lazy\" decoding=\"async\" src=\"https:\/\/www.europesays.com\/es\/wp-content\/uploads\/2025\/09\/tendidos12.jpg\" class=\"v-mdl__img-z\" width=\"624\" height=\"900\" alt=\"Lleno de caras conocidas en Salamanca para ver a Morante en tarde de 'no hay billetes'\"\/><\/p>\n<p><img decoding=\"async\" loading=\"lazy\" src=\"https:\/\/www.europesays.com\/es\/wp-content\/uploads\/2025\/09\/tendidos13.jpg\" class=\"v-a-img\" width=\"624\" height=\"900\" alt=\"Lleno de caras conocidas en Salamanca para ver a Morante en tarde de 'no hay billetes'\"\/><\/p>\n<p><img decoding=\"async\" loading=\"lazy\" src=\"https:\/\/www.europesays.com\/es\/wp-content\/uploads\/2025\/09\/tendidos13.jpg\" class=\"v-mdl__img-z\" width=\"624\" height=\"900\" alt=\"Lleno de caras conocidas en Salamanca para ver a Morante en tarde de 'no hay billetes'\"\/><\/p>\n<p><img loading=\"lazy\" decoding=\"async\" src=\"https:\/\/www.europesays.com\/es\/wp-content\/uploads\/2025\/09\/tendidos13.jpg\" class=\"v-mdl__img-z\" width=\"624\" height=\"900\" alt=\"Lleno de caras conocidas en Salamanca para ver a Morante en tarde de 'no hay billetes'\"\/><\/p>\n<p><img decoding=\"async\" loading=\"lazy\" src=\"https:\/\/www.europesays.com\/es\/wp-content\/uploads\/2025\/09\/tendidos14.jpg\" class=\"v-a-img\" width=\"624\" height=\"900\" alt=\"Lleno de caras conocidas en Salamanca para ver a Morante en tarde de 'no hay billetes'\"\/><\/p>\n<p><img decoding=\"async\" loading=\"lazy\" src=\"https:\/\/www.europesays.com\/es\/wp-content\/uploads\/2025\/09\/tendidos14.jpg\" class=\"v-mdl__img-z\" width=\"624\" height=\"900\" alt=\"Lleno de caras conocidas en Salamanca para ver a Morante en tarde de 'no hay billetes'\"\/><\/p>\n<p><img loading=\"lazy\" decoding=\"async\" src=\"https:\/\/www.europesays.com\/es\/wp-content\/uploads\/2025\/09\/tendidos14.jpg\" class=\"v-mdl__img-z\" width=\"624\" height=\"900\" alt=\"Lleno de caras conocidas en Salamanca para ver a Morante en tarde de 'no hay billetes'\"\/><\/p>\n<p><img decoding=\"async\" loading=\"lazy\" src=\"https:\/\/www.europesays.com\/es\/wp-content\/uploads\/2025\/09\/tendidos15.jpg\" class=\"v-a-img\" width=\"624\" height=\"900\" alt=\"Lleno de caras conocidas en Salamanca para ver a Morante en tarde de 'no hay billetes'\"\/><\/p>\n<p><img decoding=\"async\" loading=\"lazy\" src=\"https:\/\/www.europesays.com\/es\/wp-content\/uploads\/2025\/09\/tendidos15.jpg\" class=\"v-mdl__img-z\" width=\"624\" height=\"900\" alt=\"Lleno de caras conocidas en Salamanca para ver a Morante en tarde de 'no hay billetes'\"\/><\/p>\n<p><img loading=\"lazy\" decoding=\"async\" src=\"https:\/\/www.europesays.com\/es\/wp-content\/uploads\/2025\/09\/tendidos15.jpg\" class=\"v-mdl__img-z\" width=\"624\" height=\"900\" alt=\"Lleno de caras conocidas en Salamanca para ver a Morante en tarde de 'no hay billetes'\"\/><\/p>\n<p><img decoding=\"async\" loading=\"lazy\" src=\"https:\/\/www.europesays.com\/es\/wp-content\/uploads\/2025\/09\/tendidos16.jpg\" class=\"v-a-img\" width=\"624\" height=\"900\" alt=\"Lleno de caras conocidas en Salamanca para ver a Morante en tarde de 'no hay billetes'\"\/><\/p>\n<p><img decoding=\"async\" loading=\"lazy\" src=\"https:\/\/www.europesays.com\/es\/wp-content\/uploads\/2025\/09\/tendidos16.jpg\" class=\"v-mdl__img-z\" width=\"624\" height=\"900\" alt=\"Lleno de caras conocidas en Salamanca para ver a Morante en tarde de 'no hay billetes'\"\/><\/p>\n<p><img loading=\"lazy\" decoding=\"async\" src=\"https:\/\/www.europesays.com\/es\/wp-content\/uploads\/2025\/09\/tendidos16.jpg\" class=\"v-mdl__img-z\" width=\"624\" height=\"900\" alt=\"Lleno de caras conocidas en Salamanca para ver a Morante en tarde de 'no hay billetes'\"\/><\/p>\n<p><img decoding=\"async\" loading=\"lazy\" src=\"https:\/\/www.europesays.com\/es\/wp-content\/uploads\/2025\/09\/tendidos17.jpg\" class=\"v-a-img\" width=\"624\" height=\"900\" alt=\"Lleno de caras conocidas en Salamanca para ver a Morante en tarde de 'no hay billetes'\"\/><\/p>\n<p><img decoding=\"async\" loading=\"lazy\" src=\"https:\/\/www.europesays.com\/es\/wp-content\/uploads\/2025\/09\/tendidos17.jpg\" class=\"v-mdl__img-z\" width=\"624\" height=\"900\" alt=\"Lleno de caras conocidas en Salamanca para ver a Morante en tarde de 'no hay billetes'\"\/><\/p>\n<p><img loading=\"lazy\" decoding=\"async\" src=\"https:\/\/www.europesays.com\/es\/wp-content\/uploads\/2025\/09\/tendidos17.jpg\" class=\"v-mdl__img-z\" width=\"624\" height=\"900\" alt=\"Lleno de caras conocidas en Salamanca para ver a Morante en tarde de 'no hay billetes'\"\/><\/p>\n<p><img decoding=\"async\" loading=\"lazy\" src=\"https:\/\/www.europesays.com\/es\/wp-content\/uploads\/2025\/09\/tendidos18.jpg\" class=\"v-a-img\" width=\"624\" height=\"900\" alt=\"Lleno de caras conocidas en Salamanca para ver a Morante en tarde de 'no hay billetes'\"\/><\/p>\n<p><img decoding=\"async\" loading=\"lazy\" src=\"https:\/\/www.europesays.com\/es\/wp-content\/uploads\/2025\/09\/tendidos18.jpg\" class=\"v-mdl__img-z\" width=\"624\" height=\"900\" alt=\"Lleno de caras conocidas en Salamanca para ver a Morante en tarde de 'no hay billetes'\"\/><\/p>\n<p><img loading=\"lazy\" decoding=\"async\" src=\"https:\/\/www.europesays.com\/es\/wp-content\/uploads\/2025\/09\/tendidos18.jpg\" class=\"v-mdl__img-z\" width=\"624\" height=\"900\" alt=\"Lleno de caras conocidas en Salamanca para ver a Morante en tarde de 'no hay billetes'\"\/><\/p>\n<p><img decoding=\"async\" loading=\"lazy\" src=\"https:\/\/www.europesays.com\/es\/wp-content\/uploads\/2025\/09\/tendidos19.jpg\" class=\"v-a-img\" width=\"624\" height=\"900\" alt=\"Lleno de caras conocidas en Salamanca para ver a Morante en tarde de 'no hay billetes'\"\/><\/p>\n<p><img decoding=\"async\" loading=\"lazy\" src=\"https:\/\/www.europesays.com\/es\/wp-content\/uploads\/2025\/09\/tendidos19.jpg\" class=\"v-mdl__img-z\" width=\"624\" height=\"900\" alt=\"Lleno de caras conocidas en Salamanca para ver a Morante en tarde de 'no hay billetes'\"\/><\/p>\n<p><img loading=\"lazy\" decoding=\"async\" src=\"https:\/\/www.europesays.com\/es\/wp-content\/uploads\/2025\/09\/tendidos19.jpg\" class=\"v-mdl__img-z\" width=\"624\" height=\"900\" alt=\"Lleno de caras conocidas en Salamanca para ver a Morante en tarde de 'no hay billetes'\"\/><\/p>\n<p><img decoding=\"async\" loading=\"lazy\" src=\"https:\/\/www.europesays.com\/es\/wp-content\/uploads\/2025\/09\/tendidos20.jpg\" class=\"v-a-img\" width=\"624\" height=\"900\" alt=\"Lleno de caras conocidas en Salamanca para ver a Morante en tarde de 'no hay billetes'\"\/><\/p>\n<p><img decoding=\"async\" loading=\"lazy\" src=\"https:\/\/www.europesays.com\/es\/wp-content\/uploads\/2025\/09\/tendidos20.jpg\" class=\"v-mdl__img-z\" width=\"624\" height=\"900\" alt=\"Lleno de caras conocidas en Salamanca para ver a Morante en tarde de 'no hay billetes'\"\/><\/p>\n<p><img loading=\"lazy\" decoding=\"async\" src=\"https:\/\/www.europesays.com\/es\/wp-content\/uploads\/2025\/09\/tendidos20.jpg\" class=\"v-mdl__img-z\" width=\"624\" height=\"900\" alt=\"Lleno de caras conocidas en Salamanca para ver a Morante en tarde de 'no hay billetes'\"\/><\/p>\n<p><img decoding=\"async\" loading=\"lazy\" src=\"https:\/\/www.europesays.com\/es\/wp-content\/uploads\/2025\/09\/tendidos21.jpg\" class=\"v-a-img\" width=\"624\" height=\"900\" alt=\"Lleno de caras conocidas en Salamanca para ver a Morante en tarde de 'no hay billetes'\"\/><\/p>\n<p><img decoding=\"async\" loading=\"lazy\" src=\"https:\/\/www.europesays.com\/es\/wp-content\/uploads\/2025\/09\/tendidos21.jpg\" class=\"v-mdl__img-z\" width=\"624\" height=\"900\" alt=\"Lleno de caras conocidas en Salamanca para ver a Morante en tarde de 'no hay billetes'\"\/><\/p>\n<p><img loading=\"lazy\" decoding=\"async\" src=\"https:\/\/www.europesays.com\/es\/wp-content\/uploads\/2025\/09\/tendidos21.jpg\" class=\"v-mdl__img-z\" width=\"624\" height=\"900\" alt=\"Lleno de caras conocidas en Salamanca para ver a Morante en tarde de 'no hay billetes'\"\/><\/p>\n<p><img decoding=\"async\" loading=\"lazy\" src=\"https:\/\/www.europesays.com\/es\/wp-content\/uploads\/2025\/09\/tendidos22.jpg\" class=\"v-a-img\" width=\"624\" height=\"900\" alt=\"Lleno de caras conocidas en Salamanca para ver a Morante en tarde de 'no hay billetes'\"\/><\/p>\n<p><img decoding=\"async\" loading=\"lazy\" src=\"https:\/\/www.europesays.com\/es\/wp-content\/uploads\/2025\/09\/tendidos22.jpg\" class=\"v-mdl__img-z\" width=\"624\" height=\"900\" alt=\"Lleno de caras conocidas en Salamanca para ver a Morante en tarde de 'no hay billetes'\"\/><\/p>\n<p><img loading=\"lazy\" decoding=\"async\" src=\"https:\/\/www.europesays.com\/es\/wp-content\/uploads\/2025\/09\/tendidos22.jpg\" class=\"v-mdl__img-z\" width=\"624\" height=\"900\" alt=\"Lleno de caras conocidas en Salamanca para ver a Morante en tarde de 'no hay billetes'\"\/><\/p>\n<p><img decoding=\"async\" loading=\"lazy\" src=\"https:\/\/www.europesays.com\/es\/wp-content\/uploads\/2025\/09\/tendidos23.jpg\" class=\"v-a-img\" width=\"624\" height=\"900\" alt=\"Lleno de caras conocidas en Salamanca para ver a Morante en tarde de 'no hay billetes'\"\/><\/p>\n<p><img decoding=\"async\" loading=\"lazy\" src=\"https:\/\/www.europesays.com\/es\/wp-content\/uploads\/2025\/09\/tendidos23.jpg\" class=\"v-mdl__img-z\" width=\"624\" height=\"900\" alt=\"Lleno de caras conocidas en Salamanca para ver a Morante en tarde de 'no hay billetes'\"\/><\/p>\n<p><img loading=\"lazy\" decoding=\"async\" src=\"https:\/\/www.europesays.com\/es\/wp-content\/uploads\/2025\/09\/tendidos23.jpg\" class=\"v-mdl__img-z\" width=\"624\" height=\"900\" alt=\"Lleno de caras conocidas en Salamanca para ver a Morante en tarde de 'no hay billetes'\"\/><\/p>\n<p><img decoding=\"async\" loading=\"lazy\" src=\"https:\/\/www.europesays.com\/es\/wp-content\/uploads\/2025\/09\/tendidos24.jpg\" class=\"v-a-img\" width=\"624\" height=\"900\" alt=\"Lleno de caras conocidas en Salamanca para ver a Morante en tarde de 'no hay billetes'\"\/><\/p>\n<p><img decoding=\"async\" loading=\"lazy\" src=\"https:\/\/www.europesays.com\/es\/wp-content\/uploads\/2025\/09\/tendidos24.jpg\" class=\"v-mdl__img-z\" width=\"624\" height=\"900\" alt=\"Lleno de caras conocidas en Salamanca para ver a Morante en tarde de 'no hay billetes'\"\/><\/p>\n<p><img loading=\"lazy\" decoding=\"async\" src=\"https:\/\/www.europesays.com\/es\/wp-content\/uploads\/2025\/09\/tendidos24.jpg\" class=\"v-mdl__img-z\" width=\"624\" height=\"900\" alt=\"Lleno de caras conocidas en Salamanca para ver a Morante en tarde de 'no hay billetes'\"\/><\/p>\n<p><img decoding=\"async\" loading=\"lazy\" src=\"https:\/\/www.europesays.com\/es\/wp-content\/uploads\/2025\/09\/tendidos25.jpg\" class=\"v-a-img\" width=\"624\" height=\"900\" alt=\"Lleno de caras conocidas en Salamanca para ver a Morante en tarde de 'no hay billetes'\"\/><\/p>\n<p><img decoding=\"async\" loading=\"lazy\" src=\"https:\/\/www.europesays.com\/es\/wp-content\/uploads\/2025\/09\/tendidos25.jpg\" class=\"v-mdl__img-z\" width=\"624\" height=\"900\" alt=\"Lleno de caras conocidas en Salamanca para ver a Morante en tarde de 'no hay billetes'\"\/><\/p>\n<p><img loading=\"lazy\" decoding=\"async\" src=\"https:\/\/www.europesays.com\/es\/wp-content\/uploads\/2025\/09\/tendidos25.jpg\" class=\"v-mdl__img-z\" width=\"624\" height=\"900\" alt=\"Lleno de caras conocidas en Salamanca para ver a Morante en tarde de 'no hay billetes'\"\/><\/p>\n<p><img decoding=\"async\" loading=\"lazy\" src=\"https:\/\/www.europesays.com\/es\/wp-content\/uploads\/2025\/09\/tendidos26.jpg\" class=\"v-a-img\" width=\"624\" height=\"900\" alt=\"Lleno de caras conocidas en Salamanca para ver a Morante en tarde de 'no hay billetes'\"\/><\/p>\n<p><img decoding=\"async\" loading=\"lazy\" src=\"https:\/\/www.europesays.com\/es\/wp-content\/uploads\/2025\/09\/tendidos26.jpg\" class=\"v-mdl__img-z\" width=\"624\" height=\"900\" alt=\"Lleno de caras conocidas en Salamanca para ver a Morante en tarde de 'no hay billetes'\"\/><\/p>\n<p><img loading=\"lazy\" decoding=\"async\" src=\"https:\/\/www.europesays.com\/es\/wp-content\/uploads\/2025\/09\/tendidos26.jpg\" class=\"v-mdl__img-z\" width=\"624\" height=\"900\" alt=\"Lleno de caras conocidas en Salamanca para ver a Morante en tarde de 'no hay billetes'\"\/><\/p>\n<p><img decoding=\"async\" loading=\"lazy\" src=\"https:\/\/www.europesays.com\/es\/wp-content\/uploads\/2025\/09\/tendidos01.jpg\" class=\"v-a-img\" width=\"624\" height=\"900\" alt=\"Lleno de caras conocidas en Salamanca para ver a Morante en tarde de 'no hay billetes'\"\/><\/p>\n<p><img decoding=\"async\" loading=\"lazy\" src=\"https:\/\/www.europesays.com\/es\/wp-content\/uploads\/2025\/09\/tendidos01.jpg\" class=\"v-mdl__img-z\" width=\"624\" height=\"900\" alt=\"Lleno de caras conocidas en Salamanca para ver a Morante en tarde de 'no hay billetes'\"\/><\/p>\n<p><img loading=\"lazy\" decoding=\"async\" src=\"https:\/\/www.europesays.com\/es\/wp-content\/uploads\/2025\/09\/tendidos01.jpg\" class=\"v-mdl__img-z\" width=\"624\" height=\"900\" alt=\"Lleno de caras conocidas en Salamanca para ver a Morante en tarde de 'no hay billetes'\"\/><\/p>\n<p><img decoding=\"async\" loading=\"lazy\" src=\"https:\/\/www.europesays.com\/es\/wp-content\/uploads\/2025\/09\/tendidos02.jpg\" class=\"v-a-img\" width=\"624\" height=\"900\" alt=\"Lleno de caras conocidas en Salamanca para ver a Morante en tarde de 'no hay billetes'\"\/><\/p>\n<p><img decoding=\"async\" loading=\"lazy\" src=\"https:\/\/www.europesays.com\/es\/wp-content\/uploads\/2025\/09\/tendidos02.jpg\" class=\"v-mdl__img-z\" width=\"624\" height=\"900\" alt=\"Lleno de caras conocidas en Salamanca para ver a Morante en tarde de 'no hay billetes'\"\/><\/p>\n<p><img loading=\"lazy\" decoding=\"async\" src=\"https:\/\/www.europesays.com\/es\/wp-content\/uploads\/2025\/09\/tendidos02.jpg\" class=\"v-mdl__img-z\" width=\"624\" height=\"900\" alt=\"Lleno de caras conocidas en Salamanca para ver a Morante en tarde de 'no hay billetes'\"\/><\/p>\n<p><img decoding=\"async\" loading=\"lazy\" src=\"https:\/\/www.europesays.com\/es\/wp-content\/uploads\/2025\/09\/tendidos03.jpg\" class=\"v-a-img\" width=\"624\" height=\"900\" alt=\"Lleno de caras conocidas en Salamanca para ver a Morante en tarde de 'no hay billetes'\"\/><\/p>\n<p><img decoding=\"async\" loading=\"lazy\" src=\"https:\/\/www.europesays.com\/es\/wp-content\/uploads\/2025\/09\/tendidos03.jpg\" class=\"v-mdl__img-z\" width=\"624\" height=\"900\" alt=\"Lleno de caras conocidas en Salamanca para ver a Morante en tarde de 'no hay billetes'\"\/><\/p>\n<p><img loading=\"lazy\" decoding=\"async\" src=\"https:\/\/www.europesays.com\/es\/wp-content\/uploads\/2025\/09\/tendidos03.jpg\" class=\"v-mdl__img-z\" width=\"624\" height=\"900\" alt=\"Lleno de caras conocidas en Salamanca para ver a Morante en tarde de 'no hay billetes'\"\/><\/p>\n","protected":false},"excerpt":{"rendered":"Viernes, 19 de septiembre 2025, 18:26 Lleno de caras conocidas para ver torear esta tarde a Morante de&hellip;\n","protected":false},"author":2,"featured_media":127062,"comment_status":"","ping_status":"","sticky":false,"template":"","format":"standard","meta":{"footnotes":""},"categories":[91],"tags":[7159,3160,3161,146,147,25,24,5586,780,3614,23,11054,809],"class_list":{"0":"post-127061","1":"post","2":"type-post","3":"status-publish","4":"format-standard","5":"has-post-thumbnail","7":"category-entretenimiento","8":"tag-billetes","9":"tag-caras","10":"tag-conocidas","11":"tag-entertainment","12":"tag-entretenimiento","13":"tag-es","14":"tag-espana","15":"tag-lleno","16":"tag-morante","17":"tag-salamanca","18":"tag-spain","19":"tag-tarde","20":"tag-ver"},"share_on_mastodon":{"url":"","error":""},"_links":{"self":[{"href":"https:\/\/www.europesays.com\/es\/wp-json\/wp\/v2\/posts\/127061","targetHints":{"allow":["GET"]}}],"collection":[{"href":"https:\/\/www.europesays.com\/es\/wp-json\/wp\/v2\/posts"}],"about":[{"href":"https:\/\/www.europesays.com\/es\/wp-json\/wp\/v2\/types\/post"}],"author":[{"embeddable":true,"href":"https:\/\/www.europesays.com\/es\/wp-json\/wp\/v2\/users\/2"}],"replies":[{"embeddable":true,"href":"https:\/\/www.europesays.com\/es\/wp-json\/wp\/v2\/comments?post=127061"}],"version-history":[{"count":0,"href":"https:\/\/www.europesays.com\/es\/wp-json\/wp\/v2\/posts\/127061\/revisions"}],"wp:featuredmedia":[{"embeddable":true,"href":"https:\/\/www.europesays.com\/es\/wp-json\/wp\/v2\/media\/127062"}],"wp:attachment":[{"href":"https:\/\/www.europesays.com\/es\/wp-json\/wp\/v2\/media?parent=127061"}],"wp:term":[{"taxonomy":"category","embeddable":true,"href":"https:\/\/www.europesays.com\/es\/wp-json\/wp\/v2\/categories?post=127061"},{"taxonomy":"post_tag","embeddable":true,"href":"https:\/\/www.europesays.com\/es\/wp-json\/wp\/v2\/tags?post=127061"}],"curies":[{"name":"wp","href":"https:\/\/api.w.org\/{rel}","templated":true}]}}