{"id":127066,"date":"2025-09-20T09:02:08","date_gmt":"2025-09-20T09:02:08","guid":{"rendered":"https:\/\/www.europesays.com\/es\/127066\/"},"modified":"2025-09-20T09:02:08","modified_gmt":"2025-09-20T09:02:08","slug":"pp-denuncia-ante-la-comision-europea-el-grave-fallo-del-sistema-de-pulseras-antimaltrato-en-espana","status":"publish","type":"post","link":"https:\/\/www.europesays.com\/es\/127066\/","title":{"rendered":"PP denuncia ante la Comisi\u00f3n Europea el grave fallo del sistema de pulseras antimaltrato en Espa\u00f1a"},"content":{"rendered":"<p><strong>Rosa Estar\u00e1s advierte de que pueden haberse violado hasta cuatro directivas europeas<\/strong><\/p>\n<p>La eurodiputada del Partido Popular, <strong>Rosa Estar\u00e1s<\/strong>, ha elevado a la Comisi\u00f3n Europea una pregunta parlamentaria ante los graves fallos sufridos por el sistema de control telem\u00e1tico de medidas cautelares en casos de violencia de g\u00e9nero \u2014pulseras antimaltrato\u2014 que se ha prolongado durante al menos ocho meses tras el cambio de empresa adjudicataria del servicio.<\/p>\n<p>Durante este periodo, diversos juzgados recibieron notificaciones oficiales de que no era posible instalar nuevos dispositivos ni sustituir los defectuosos, lo que dej\u00f3 a numerosas v\u00edctimas en situaci\u00f3n de riesgo. La propia Fiscal\u00eda General del Estado ha reconocido que esta situaci\u00f3n ocasion\u00f3 sobreseimientos provisionales y absoluciones de maltratadores.<\/p>\n<p>Rosa Estar\u00e0s advierte a la Comisi\u00f3n de que Espa\u00f1a podr\u00eda haber vulnerado varias normas comunitarias, entre ellas la <strong>Directiva 2012\/29\/UE, que obliga a garantizar medidas de protecci\u00f3n efectivas a las v\u00edctimas de delito, la Directiva 2011\/99\/UE, relativa a la Orden Europea de Protecci\u00f3n (OEP); la Directiva 2014\/24\/UE sobre contrataci\u00f3n p\u00fablica<\/strong>, por no asegurar la continuidad de un servicio esencial as\u00ed como la <strong>Directiva 2024\/1385, sobre la lucha contra la violencia contra las mujeres<\/strong> y la violencia dom\u00e9stica, actualmente en fase de trasposici\u00f3n.<\/p>\n<p>\u201cLas v\u00edctimas no pueden quedar desprotegidas por negligencia en la gesti\u00f3n de un contrato p\u00fablico. El Gobierno socialista debe dar explicaciones y la Comisi\u00f3n Europea debe valorar si procede abrir un procedimiento de infracci\u00f3n ante la indefensi\u00f3n de las v\u00edctimas y la vulneraci\u00f3n de sus obligaciones de respeto al derecho comunitario\u201d, ha subrayado Estar\u00e0s.<\/p>\n<p>\u201cEspa\u00f1a, al permitir que durante ocho meses las pulseras de control antimaltrato no funcionaran correctamente, ha fallado en garantizar un nivel efectivo de protecci\u00f3n a las v\u00edctimas de violencia de g\u00e9nero y delitos sexuales, a\u00f1adi\u00f3 la eurodiputada.<\/p>\n<p>Asimismo, si las pulseras estaban vinculadas a \u00f3rdenes de alejamiento u otras medidas cautelares, la incapacidad del sistema para garantizar el seguimiento real del agresor podr\u00eda haber dejado sin efecto pr\u00e1ctico la protecci\u00f3n transfronteriza que garantiza la OEP (Orden Europea de Protecci\u00f3n). Esto erosiona la confianza mutua entre los socios europeos, principio esencial del espacio de libertad, seguridad y justicia, recogido en el art\u00edculo 67 del Tratado de funcionamiento de la UE.<\/p>\n<p>En cuanto al an\u00e1lisis desde el punto de vista jur\u00eddico de un servicio p\u00fablico, si no se incluyeron garant\u00edas t\u00e9cnicas suficientes, o si se adjudic\u00f3 sin salvaguardar la continuidad de este servicio considerado \u201cesencial\u201d, podr\u00eda haber incumplido la Directiva 2014\/24\/UE sobre contrataci\u00f3n p\u00fablica que establece el principio de buena gesti\u00f3n de los contratos y de continuidad de los servicios p\u00fablicos esenciales.<\/p>\n","protected":false},"excerpt":{"rendered":"Rosa Estar\u00e1s advierte de que pueden haberse violado hasta cuatro directivas europeas La eurodiputada del Partido Popular, Rosa&hellip;\n","protected":false},"author":2,"featured_media":127067,"comment_status":"","ping_status":"","sticky":false,"template":"","format":"standard","meta":{"footnotes":""},"categories":[8],"tags":[17,18,25,24,13,14,11,19,20,9,10,15,16,23,12,21,22],"class_list":{"0":"post-127066","1":"post","2":"type-post","3":"status-publish","4":"format-standard","5":"has-post-thumbnail","7":"category-espana","8":"tag-breaking-news","9":"tag-breakingnews","10":"tag-es","11":"tag-espana","12":"tag-featured-news","13":"tag-featurednews","14":"tag-headlines","15":"tag-latest-news","16":"tag-latestnews","17":"tag-news","18":"tag-noticias","19":"tag-noticias-destacadas","20":"tag-noticiasdestacadas","21":"tag-spain","22":"tag-titulares","23":"tag-ultimas-noticias","24":"tag-ultimasnoticias"},"share_on_mastodon":{"url":"","error":""},"_links":{"self":[{"href":"https:\/\/www.europesays.com\/es\/wp-json\/wp\/v2\/posts\/127066","targetHints":{"allow":["GET"]}}],"collection":[{"href":"https:\/\/www.europesays.com\/es\/wp-json\/wp\/v2\/posts"}],"about":[{"href":"https:\/\/www.europesays.com\/es\/wp-json\/wp\/v2\/types\/post"}],"author":[{"embeddable":true,"href":"https:\/\/www.europesays.com\/es\/wp-json\/wp\/v2\/users\/2"}],"replies":[{"embeddable":true,"href":"https:\/\/www.europesays.com\/es\/wp-json\/wp\/v2\/comments?post=127066"}],"version-history":[{"count":0,"href":"https:\/\/www.europesays.com\/es\/wp-json\/wp\/v2\/posts\/127066\/revisions"}],"wp:featuredmedia":[{"embeddable":true,"href":"https:\/\/www.europesays.com\/es\/wp-json\/wp\/v2\/media\/127067"}],"wp:attachment":[{"href":"https:\/\/www.europesays.com\/es\/wp-json\/wp\/v2\/media?parent=127066"}],"wp:term":[{"taxonomy":"category","embeddable":true,"href":"https:\/\/www.europesays.com\/es\/wp-json\/wp\/v2\/categories?post=127066"},{"taxonomy":"post_tag","embeddable":true,"href":"https:\/\/www.europesays.com\/es\/wp-json\/wp\/v2\/tags?post=127066"}],"curies":[{"name":"wp","href":"https:\/\/api.w.org\/{rel}","templated":true}]}}