{"id":127071,"date":"2025-09-20T09:05:08","date_gmt":"2025-09-20T09:05:08","guid":{"rendered":"https:\/\/www.europesays.com\/es\/127071\/"},"modified":"2025-09-20T09:05:08","modified_gmt":"2025-09-20T09:05:08","slug":"antonio-ferrera-inicia-su-programa-de-rehabilitacion-en-queretaro","status":"publish","type":"post","link":"https:\/\/www.europesays.com\/es\/127071\/","title":{"rendered":"Antonio Ferrera inicia su programa de rehabilitaci\u00f3n en Quer\u00e9taro"},"content":{"rendered":"<p class=\"v1MsoNormal\">El diestro <strong>Antonio Ferrera<\/strong> se encuentra en la ciudad de <strong>Quer\u00e9taro<\/strong> donde permanecer\u00e1 las pr\u00f3ximas semanas en el Centro M\u00e9dico Jurica para iniciar su programa de rehabilitaci\u00f3n una vez que fuera operado con \u00e9xito del tend\u00f3n de Aquiles por el<strong> Dr. Luis Octavio L\u00f3pez Montoya<\/strong> qui\u00e9n tambi\u00e9n atendiera de la misma lesi\u00f3n al matador de toros Diego San Rom\u00e1n.<\/p>\n<p class=\"v1MsoNormal\">El m\u00e9dico ha indicado que el periodo de recuperaci\u00f3n de este tipo de lesiones es de ocho semanas, aunque el diestro balear se encuentra con el \u00e1nimo a tope y con la ilusi\u00f3n de reaparecer lo antes posible para cumplir con sus compromisos.<\/p>\n<p class=\"v1MsoNormal\">Debido a este percance <strong>Antonio Ferrera<\/strong> no podr\u00e1 cumplir las siguientes fechas en las que ya estaba anunciado:\u00a0el 21 de septiembre en el coso del\u00a0<b>Nuevo Progreso<\/b>\u00a0de\u00a0<b>Guadalajara\u00a0<\/b>; el 29 de septiembre en\u00a0<b>Yahualica<\/b>; el 3 de octubre en\u00a0<b>San Miguel de Allende<\/b>; el 7 en\u00a0<b>Tlahuelilpan<\/b>; el 19 de octubre en\u00a0<b>Ciudad<\/b>\u00a0<b>Ju\u00e1rez<\/b>\u00a0y el 1 de noviembre en\u00a0<b>Morole\u00f3n<\/b>.<\/p>\n","protected":false},"excerpt":{"rendered":"El diestro Antonio Ferrera se encuentra en la ciudad de Quer\u00e9taro donde permanecer\u00e1 las pr\u00f3ximas semanas en el&hellip;\n","protected":false},"author":2,"featured_media":127072,"comment_status":"","ping_status":"","sticky":false,"template":"","format":"standard","meta":{"footnotes":""},"categories":[277],"tags":[373,168,25,24,23,167,374],"class_list":{"0":"post-127071","1":"post","2":"type-post","3":"status-publish","4":"format-standard","5":"has-post-thumbnail","7":"category-toreo","8":"tag-bullfighting","9":"tag-deportes","10":"tag-es","11":"tag-espana","12":"tag-spain","13":"tag-sports","14":"tag-toreo"},"share_on_mastodon":{"url":"","error":""},"_links":{"self":[{"href":"https:\/\/www.europesays.com\/es\/wp-json\/wp\/v2\/posts\/127071","targetHints":{"allow":["GET"]}}],"collection":[{"href":"https:\/\/www.europesays.com\/es\/wp-json\/wp\/v2\/posts"}],"about":[{"href":"https:\/\/www.europesays.com\/es\/wp-json\/wp\/v2\/types\/post"}],"author":[{"embeddable":true,"href":"https:\/\/www.europesays.com\/es\/wp-json\/wp\/v2\/users\/2"}],"replies":[{"embeddable":true,"href":"https:\/\/www.europesays.com\/es\/wp-json\/wp\/v2\/comments?post=127071"}],"version-history":[{"count":0,"href":"https:\/\/www.europesays.com\/es\/wp-json\/wp\/v2\/posts\/127071\/revisions"}],"wp:featuredmedia":[{"embeddable":true,"href":"https:\/\/www.europesays.com\/es\/wp-json\/wp\/v2\/media\/127072"}],"wp:attachment":[{"href":"https:\/\/www.europesays.com\/es\/wp-json\/wp\/v2\/media?parent=127071"}],"wp:term":[{"taxonomy":"category","embeddable":true,"href":"https:\/\/www.europesays.com\/es\/wp-json\/wp\/v2\/categories?post=127071"},{"taxonomy":"post_tag","embeddable":true,"href":"https:\/\/www.europesays.com\/es\/wp-json\/wp\/v2\/tags?post=127071"}],"curies":[{"name":"wp","href":"https:\/\/api.w.org\/{rel}","templated":true}]}}