{"id":127077,"date":"2025-09-20T09:10:08","date_gmt":"2025-09-20T09:10:08","guid":{"rendered":"https:\/\/www.europesays.com\/es\/127077\/"},"modified":"2025-09-20T09:10:08","modified_gmt":"2025-09-20T09:10:08","slug":"academia-de-f1-ella-stevens-quien-es-la-joven-piloto-con-el-mejor-tiempo-en-el-test-de-novatos","status":"publish","type":"post","link":"https:\/\/www.europesays.com\/es\/127077\/","title":{"rendered":"Academia de F1 &#8211; Ella Stevens: \u00bfQui\u00e9n es la joven piloto con el mejor tiempo en el Test de Novatos?"},"content":{"rendered":"<p class=\"gt-block\">Debido a su regulaci\u00f3n, la <a href=\"https:\/\/es.autohebdo.fr\/noticias\/f1\" data-internallinksmanager029f6b8e52c=\"1\" title=\"F1\" rel=\"nofollow noopener\" target=\"_blank\">F1<\/a> La Academia tendr\u00e1 que renovar parte de su plantilla en 2026. Las j\u00f3venes participantes est\u00e1n limitadas a dos temporadas consecutivas, un l\u00edmite alcanzado por varias de ellas. Para encontrar a sus nuevas cabezas de cartel, el campeonato femenino&#8230; <a href=\"https:\/\/es.autohebdo.fr\/noticias\/coche\" data-internallinksmanager029f6b8e52c=\"61\" title=\"Monoplace\" rel=\"nofollow noopener\" target=\"_blank\">coche<\/a> Realiz\u00f3 una prueba de novatos el jueves 18 de septiembre en el circuito de Navarra, Espa\u00f1a. Ella Stevens, de 18 a\u00f1os, marc\u00f3 el mejor tiempo de la sesi\u00f3n con 1:46.921.<\/p>\n<p class=\"gt-block\"><strong>LEA TAMBI\u00c9N &gt; <a href=\"https:\/\/es.autohebdo.fr\/noticias\/coche\/academia-f1\/Stevens-domina-la-prueba-de-novatos-por-delante-de-la-francesa-Lisa-Billard.html\" rel=\"nofollow noopener\" target=\"_blank\">Stevens domina la prueba de novatos por delante de la francesa Lisa Billard<\/a><\/strong><\/p>\n<p>Una carrera prometedora en el karting<\/p>\n<p class=\"gt-block\">Ella Stevens es una joven y talentosa piloto brit\u00e1nica, conocida en <a href=\"https:\/\/es.autohebdo.fr\/noticias\/otras-razas\/karting\" data-internallinksmanager029f6b8e52c=\"73\" title=\"Karting\" rel=\"nofollow noopener\" target=\"_blank\">karting<\/a> por sus m\u00faltiples t\u00edtulos: doble campeona del campeonato brit\u00e1nico KZ2, campeona del Campeonato Brit\u00e1nico de Cadetes BirelART y subcampeona del campeonato brit\u00e1nico KW2 2025 con el equipo Jade Racing en 2025. Tambi\u00e9n es la \u00fanica mujer que ha ganado una carrera en la prestigiosa categor\u00eda de karting KZ2 en el Reino Unido.<\/p>\n<p class=\"gt-block\">La pasi\u00f3n de la joven por el automovilismo naci\u00f3 muy tempranamente. Empec\u00e9 a correr karts a los seis a\u00f1os. Prob\u00e9 por primera vez un kart Bambino en una pista de Gales y lo disfrut\u00e9 much\u00edsimo., <a href=\"https:\/\/www.tf1info.fr\/sport\/formule-1-belle-histoire-a-13-ans-cette-jeune-pilote-ella-stevens-pourrait-devenir-pilote-chez-ferrari-2162710.html\" target=\"_blank\" rel=\"noopener nofollow\"><strong>Stevens convocado para TF1<\/strong><\/a>. Al principio ten\u00eda un poco de miedo, pero me acostumbr\u00e9 y cada vez iba m\u00e1s r\u00e1pido. Es muy emocionante.\u00a0\u00bb A los 10 a\u00f1os, la joven inglesa se convirti\u00f3 en campeona brit\u00e1nica de karting, por cierto a la misma edad que <a href=\"https:\/\/es.autohebdo.fr\/pilote\/f1\/Luis-Hamilton-2\" data-internallinksmanager029f6b8e52c=\"41\" title=\"Lewis Hamilton\" rel=\"nofollow noopener\" target=\"_blank\">Lewis Hamilton<\/a>, siete veces campe\u00f3n del mundo de F\u00f3rmula 1, gan\u00f3 la categor\u00eda cadete.<\/p>\n<p class=\"gt-block\">La joven cuenta con el apoyo de reconocidas figuras del automovilismo. Rob Smedley, exingeniero de <a href=\"https:\/\/es.autohebdo.fr\/noticias\/estable\/ferrari\" data-internallinksmanager029f6b8e52c=\"74\" title=\"Ferrari\" rel=\"nofollow noopener\" target=\"_blank\">Ferrari<\/a>Hab\u00eda descubierto su potencial y la anim\u00f3 a unirse a su organizaci\u00f3n en aquel entonces, Electroheads Talent Academy. Stevens tambi\u00e9n cuenta con la mentor\u00eda de Alice Powell, subcampeona de la W Series 2021 y mentora de Abbi Pulling, campeona de la F1 Academy 2024 y piloto de GB3.<\/p>\n<p class=\"gt-block\">Lanzada en 2020, la iniciativa \u201c\u00a0Girls on Track &#8211; Rising Stars\u00a0\u00bb de la FIA, que ha revelado talentos como Maya Weug, Aurelia Nobels y Alba Larsen, descubri\u00f3 a Ella Stevens. Posteriormente, con tan solo 13 a\u00f1os, fue preseleccionada para unirse a la prestigiosa Ferrari Driver Academy. Junto con otras veinticinco j\u00f3venes de entre 12 y 16 a\u00f1os, particip\u00f3 en una prueba de selecci\u00f3n para obtener una plaza en la academia.<\/p>\n<p>Tras un oto\u00f1o de entrenamiento en el circuito Paul Ricard, la piloto de 13 a\u00f1os finalmente no se uni\u00f3 a la academia Ferrari. En 2024, la joven tambi\u00e9n fue seleccionada por la Academia Motorsport UK, una academia que ha formado a los mejores talentos del automovilismo brit\u00e1nico, incluyendo a George Russell.<\/p>\n<p class=\"gt-block\">Ya muy ambicioso, el piloto de karts declar\u00f3 en 2020 a TF1: \u00a0\u201cMe encantar\u00eda ser piloto de carreras profesional y eventualmente progresar a la F\u00f3rmula 1\u201d. Una trayectoria prometedora a seguir, que pronto podr\u00eda llevarla a la parrilla de la F1 Academy.<\/p>\n","protected":false},"excerpt":{"rendered":"Debido a su regulaci\u00f3n, la F1 La Academia tendr\u00e1 que renovar parte de su plantilla en 2026. Las&hellip;\n","protected":false},"author":2,"featured_media":127078,"comment_status":"","ping_status":"","sticky":false,"template":"","format":"standard","meta":{"footnotes":""},"categories":[270],"tags":[168,41181,25,24,306,10030,271,272,41182,23,167],"class_list":{"0":"post-127077","1":"post","2":"type-post","3":"status-publish","4":"format-standard","5":"has-post-thumbnail","7":"category-formula-1","8":"tag-deportes","9":"tag-ella-stevens","10":"tag-es","11":"tag-espana","12":"tag-f1","13":"tag-f1-academy","14":"tag-formula-1","15":"tag-formula1","16":"tag-rookie-test","17":"tag-spain","18":"tag-sports"},"share_on_mastodon":{"url":"","error":""},"_links":{"self":[{"href":"https:\/\/www.europesays.com\/es\/wp-json\/wp\/v2\/posts\/127077","targetHints":{"allow":["GET"]}}],"collection":[{"href":"https:\/\/www.europesays.com\/es\/wp-json\/wp\/v2\/posts"}],"about":[{"href":"https:\/\/www.europesays.com\/es\/wp-json\/wp\/v2\/types\/post"}],"author":[{"embeddable":true,"href":"https:\/\/www.europesays.com\/es\/wp-json\/wp\/v2\/users\/2"}],"replies":[{"embeddable":true,"href":"https:\/\/www.europesays.com\/es\/wp-json\/wp\/v2\/comments?post=127077"}],"version-history":[{"count":0,"href":"https:\/\/www.europesays.com\/es\/wp-json\/wp\/v2\/posts\/127077\/revisions"}],"wp:featuredmedia":[{"embeddable":true,"href":"https:\/\/www.europesays.com\/es\/wp-json\/wp\/v2\/media\/127078"}],"wp:attachment":[{"href":"https:\/\/www.europesays.com\/es\/wp-json\/wp\/v2\/media?parent=127077"}],"wp:term":[{"taxonomy":"category","embeddable":true,"href":"https:\/\/www.europesays.com\/es\/wp-json\/wp\/v2\/categories?post=127077"},{"taxonomy":"post_tag","embeddable":true,"href":"https:\/\/www.europesays.com\/es\/wp-json\/wp\/v2\/tags?post=127077"}],"curies":[{"name":"wp","href":"https:\/\/api.w.org\/{rel}","templated":true}]}}