{"id":127081,"date":"2025-09-20T09:12:07","date_gmt":"2025-09-20T09:12:07","guid":{"rendered":"https:\/\/www.europesays.com\/es\/127081\/"},"modified":"2025-09-20T09:12:07","modified_gmt":"2025-09-20T09:12:07","slug":"la-muerte-no-es-el-final-mi-hijo-siempre-me-guia-y-nunca-me-ha-fallado","status":"publish","type":"post","link":"https:\/\/www.europesays.com\/es\/127081\/","title":{"rendered":"La muerte no es el final. Mi hijo siempre me gu\u00eda y nunca me ha fallado"},"content":{"rendered":"<p data-mrf-recirculation=\"Links P\u00e1rrafos\" class=\"ue-c-article__paragraph paragraph ue-c-article--first-letter-highlighted\">El exguardameta internacional <strong>Santiago Ca\u00f1izares<\/strong> ha vuelto a abrirse en canal para hablar de uno de los momentos m\u00e1s dolorosos de su vida. A sus 55 a\u00f1os, el que fuera portero de Celta, Real Madrid, Valencia y de la selecci\u00f3n espa\u00f1ola visit\u00f3 este viernes los estudios de <strong>COPE,<\/strong> donde convers\u00f3 con Herrera sobre la p\u00e9rdida de su hijo Santi, fallecido el 23 de marzo de 2018 a los cinco a\u00f1os tras a\u00f1o y medio de lucha contra un tumor cerebral.<\/p>\n<p data-mrf-recirculation=\"Links P\u00e1rrafos\" class=\"ue-c-article__paragraph paragraph\">Ca\u00f1izares, tambi\u00e9n colaborador de <strong>Radio MARCA<\/strong>, record\u00f3 c\u00f3mo era su hijo y el impacto que dej\u00f3 en la familia: \u00abSanti siempre fue un ni\u00f1o muy especial, distinto a los dem\u00e1s. <strong>Ten\u00eda reacciones que nos desconcertaban. Iba feliz al colegio, pero al llegar a la puerta se paraba en seco.<\/strong> Un d\u00eda me dijo: \u2018Pap\u00e1, yo no he venido a aprender, he venido a ense\u00f1aros. No estar\u00e9 aqu\u00ed mucho tiempo\u2019\u00bb, relat\u00f3 emocionado.<\/p>\n<p data-mrf-recirculation=\"Links P\u00e1rrafos\" class=\"ue-c-article__paragraph paragraph\">El exfutbolista explic\u00f3 que, pese a la dureza del proceso, los meses de tratamiento le sirvieron para comprender que su hijo hab\u00eda llegado con un prop\u00f3sito: \u00ab<strong>Durante esos dieciocho meses entendimos que su mundo no era este, que quiz\u00e1 hab\u00eda venido a cumplir una misi\u00f3n y que todo ten\u00eda un sentido\u00bb.<\/strong><\/p>\n<p data-mrf-recirculation=\"Links P\u00e1rrafos\" class=\"ue-c-article__paragraph paragraph\">Aunque el tiempo ha pasado, el dolor sigue acompa\u00f1\u00e1ndole. Sin embargo, asegura que lo sostiene una convicci\u00f3n profunda: <strong>\u00abS\u00e9 que la muerte no es el final. Lo creo porque siento a mi hijo cerca. Cuando estoy mal, le pregunto y me ofrece respuestas\u00bb.<\/strong><\/p>\n<p data-mrf-recirculation=\"Links P\u00e1rrafos\" class=\"ue-c-article__paragraph paragraph\">Ca\u00f1izares subray\u00f3 que esa conexi\u00f3n se hace m\u00e1s evidente en los momentos de mayor incertidumbre: <strong>\u00abCuando me encuentro ante un problema serio, cuando no s\u00e9 qu\u00e9 camino escoger, busco su ayuda y \u00e9l siempre me env\u00eda una se\u00f1al. <\/strong>Nunca me ha fallado. No me ayuda a decidir qu\u00e9 comer, pero s\u00ed en lo importante, en lo que marca el rumbo. Por eso tengo claro que la muerte no lo termina todo\u00bb.<\/p>\n","protected":false},"excerpt":{"rendered":"El exguardameta internacional Santiago Ca\u00f1izares ha vuelto a abrirse en canal para hablar de uno de los momentos&hellip;\n","protected":false},"author":2,"featured_media":127082,"comment_status":"","ping_status":"","sticky":false,"template":"","format":"standard","meta":{"footnotes":""},"categories":[268],"tags":[168,25,24,280,282,281,23,167],"class_list":{"0":"post-127081","1":"post","2":"type-post","3":"status-publish","4":"format-standard","5":"has-post-thumbnail","7":"category-futbol","8":"tag-deportes","9":"tag-es","10":"tag-espana","11":"tag-football","12":"tag-futbol","13":"tag-soccer","14":"tag-spain","15":"tag-sports"},"share_on_mastodon":{"url":"","error":""},"_links":{"self":[{"href":"https:\/\/www.europesays.com\/es\/wp-json\/wp\/v2\/posts\/127081","targetHints":{"allow":["GET"]}}],"collection":[{"href":"https:\/\/www.europesays.com\/es\/wp-json\/wp\/v2\/posts"}],"about":[{"href":"https:\/\/www.europesays.com\/es\/wp-json\/wp\/v2\/types\/post"}],"author":[{"embeddable":true,"href":"https:\/\/www.europesays.com\/es\/wp-json\/wp\/v2\/users\/2"}],"replies":[{"embeddable":true,"href":"https:\/\/www.europesays.com\/es\/wp-json\/wp\/v2\/comments?post=127081"}],"version-history":[{"count":0,"href":"https:\/\/www.europesays.com\/es\/wp-json\/wp\/v2\/posts\/127081\/revisions"}],"wp:featuredmedia":[{"embeddable":true,"href":"https:\/\/www.europesays.com\/es\/wp-json\/wp\/v2\/media\/127082"}],"wp:attachment":[{"href":"https:\/\/www.europesays.com\/es\/wp-json\/wp\/v2\/media?parent=127081"}],"wp:term":[{"taxonomy":"category","embeddable":true,"href":"https:\/\/www.europesays.com\/es\/wp-json\/wp\/v2\/categories?post=127081"},{"taxonomy":"post_tag","embeddable":true,"href":"https:\/\/www.europesays.com\/es\/wp-json\/wp\/v2\/tags?post=127081"}],"curies":[{"name":"wp","href":"https:\/\/api.w.org\/{rel}","templated":true}]}}