{"id":127087,"date":"2025-09-20T09:15:11","date_gmt":"2025-09-20T09:15:11","guid":{"rendered":"https:\/\/www.europesays.com\/es\/127087\/"},"modified":"2025-09-20T09:15:11","modified_gmt":"2025-09-20T09:15:11","slug":"106-relatos-de-periodistas-que-luchan-y-salvan-la-democracia","status":"publish","type":"post","link":"https:\/\/www.europesays.com\/es\/127087\/","title":{"rendered":"106 relatos de periodistas que luchan y salvan la democracia"},"content":{"rendered":"<p><a class=\"v-mdl-ath__fig-a\" href=\"https:\/\/www.laverdad.es\/autor\/manuel-madrid-518.html\" title=\"Manuel Madrid\" rel=\"nofollow noopener\" target=\"_blank\"><br \/>\n<img decoding=\"async\" class=\"v-mdl-ath__img\" src=\"https:\/\/www.europesays.com\/es\/wp-content\/uploads\/2025\/09\/firmas-535f81f8024cb-foto.jpg\" alt=\"Manuel Madrid\"\/><br \/>\n<\/a><\/p>\n<p class=\"v-mdl-ath__p v-mdl-ath__p--6\">\nS\u00e1bado, 20 de septiembre 2025, 07:32<\/p>\n<p>| Actualizado 09:15h.<\/p>\n<p class=\"v-p\">Los 106 testimonios que ofrece <a href=\"https:\/\/www.laverdad.es\/autor\/fernando-belzunce-940.html\" target=\"_self\" data-voc-vtm-id=\"in-text-traffic\" title=\"Fernando Belzunce\" data-mrf-link=\"www.laverdad.es\" rel=\"nofollow noopener\">Fernando Belzunce<\/a> (Pamplona, 1976) en &#8216;Periodistas en tiempos de oscuridad. El compromiso inquebrantable con la verdad en la era de la desinformaci\u00f3n&#8217; (Ariel, 2025), con pr\u00f3logo de Sergio Ram\u00edrez (Premio Cervantes), demuestran que la teor\u00eda y la pr\u00e1ctica en el ejercicio del periodismo no siempre van de la mano, pero tienen que d\u00e1rsela forzosamente si queremos \u00abuna prensa m\u00e1s \u00e9tica, transparente y cercana a la sociedad\u00bb. <\/p>\n<p class=\"v-p\">El director editorial de Vocento, grupo al que pertenece LA VERDAD, entrevist\u00f3 a colegas de profesi\u00f3n de decenas de pa\u00edses, en un intento de obtener una representaci\u00f3n lo m\u00e1s aproximada posible a la realidad de la profesi\u00f3n. Encontramos una pl\u00e9yade de voces ciertamente abrumadora: ganadores del Nobel y del Pulitzer, directores de medios de comunicaci\u00f3n nacionales e internacionales, novelistas, ensayistas, estrellas de la comunicaci\u00f3n, influyentes firmas de opini\u00f3n, corresponsales, reporteros de guerra, periodistas exiliados, verificadores y autores de grandes investigaciones. <\/p>\n<p class=\"v-p\">Pero tambi\u00e9n aparecen, \u00abcasi a su pesar, informadores humildes y discretos, tan importantes como los anteriores, que merecen ser descubiertos, al igual que profesionales orientados a la innovaci\u00f3n, la transformaci\u00f3n digital, el dise\u00f1o o los negocios. Todos ellos son referentes\u00bb.<\/p>\n<p class=\"v-p\">\u00bfA qu\u00e9 obedece este inter\u00e9s de Belzunce en compilar todas estas voces? \u00c9l mismo lo explica en la introducci\u00f3n: el periodismo navega en un \u00abvertiginoso proceso de cambios\u00bb que tienen impactos de calado en la informaci\u00f3n \u00aby en la buena salud de las democracias\u00bb. En 2023 public\u00f3 &#8216;Directores&#8217;, conversaciones con once referentes del periodismo mundial, en la editorial Libros del Cuerno\/Errea, \u00abuna clase magistral de periodismo\u00bb, seg\u00fan el prologuista, Rosental Alves.<\/p>\n<p>Veneraci\u00f3n a Aleksi\u00e9vich<\/p>\n<p class=\"v-p\">Los testimonios recopilados por Belzunce aparecen relatados por los entrevistados en primera persona, en un ejercicio de veneraci\u00f3n del autor a Svetlana Alexi\u00e9vich, escritora y periodista bielorrusa que gan\u00f3 el Nobel de Literatura en 2015 gracias a obras monumentales como &#8216;Voces de Chern\u00f3bil&#8217;, &#8216;\u00daltimos testigos&#8217; y &#8216;El fin del homo sovieticus&#8217;. Precisamente Alexi\u00e9vich encabeza la relaci\u00f3n de voces recogidas, que en una hermosa apertura cuenta que su trabajo consiste en \u00abrescatar el tiempo perdido, y no solo el que se pierde a trav\u00e9s de los medios de comunicaci\u00f3n, sino tambi\u00e9n el que desaprovecha el propio ser humano\u00bb.<\/p>\n<p>\nPara Alexi\u00e9vich es importante el periodismo, \u00absobre todo ahora, en estos tiempos oscuros, donde parece que las sociedades democr\u00e1ticas retroceden\u00bb\n<\/p>\n<p class=\"v-p\">Alexi\u00e9vich, que reconoce la \u00abimposibilidad de volver a casa, a Bielorrusia\u00bb, por culpa de la autocracia y la dictadura (\u00abformas de poder muy primitivas; hay un l\u00edder que manda sobre la variedad de voces y, evidentemente, de opiniones. No se contempla que exista una sola persona que piense de otra manera y, adem\u00e1s, tenga voz\u00bb), reconoce que para ella es importante el periodismo, \u00absobre todo ahora, en estos tiempos oscuros, donde parece que las sociedades democr\u00e1ticas retroceden. Creo que los periodistas son los que luchan y salvan la democracia\u00bb. El aval de la reportera bielorrusa para este volumen confirma la nobleza de los fines: \u00abSu prop\u00f3sito de escribir este libro es muy importante\u00bb.<\/p>\n<p>&#8216;Periodistas en tiempos de oscuridad&#8217;<\/p>\n<p><img decoding=\"async\" loading=\"lazy\" src=\"https:\/\/www.europesays.com\/es\/wp-content\/uploads\/2025\/09\/Imagen content-kNwF-U230298621172040F-366x600@La Verdad.jpg\" class=\"v-a-img\" width=\"366\" height=\"599\" alt=\"'Periodistas en tiempos de oscuridad'\"\/><\/p>\n<p>Oscuros grupos de inter\u00e9s<\/p>\n<p class=\"v-p\">Reconocemos voces que comparten el origen de su pasi\u00f3n, que reflexionan sobre \u00abuna profesi\u00f3n a veces idealizada que se da continuamente de bruces con la realidad\u00bb y sobre los ataques a los medios, \u00abtan recurrentes y normalizados en los \u00faltimos tiempos, una se\u00f1al inequ\u00edvoca de que vivimos en tiempos de oscuridad\u00bb. Est\u00e1n aquellos que estuvieron en el origen del negocio de internet, el mismo que ha abierto, seg\u00fan Belzunce, las puertas a la \u00abdesinformaci\u00f3n, manipulaci\u00f3n, polarizaci\u00f3n, abusos de los algoritmos y monopolios tecnol\u00f3gicos\u00bb, y tambi\u00e9n quienes en medio de las reglas del negocio digital velan por la independencia sin olvidar la rentabilidad. El marem\u00e1gnum es considerable.<\/p>\n<p class=\"v-p\">Belzunce recuerda que el caso Cambridge Analytica \u00abdenunci\u00f3 ante el mundo el inmenso poder de la manipulaci\u00f3n que pod\u00edan obtener oscuros grupos de inter\u00e9s a trav\u00e9s de las redes sociales. Internet, el sue\u00f1o de Goebbels, se ha convertido en un arma expansiva de desinformaci\u00f3n. Porque una mentira repetida mil veces acaba convirti\u00e9ndose en verdad y el sistema de incentivos en las redes multiplica su impacto. Se trata del mayor ataque global contra la democracia jam\u00e1s conocido. Los periodistas, especialmente mujeres, son perseguidos y atacados a escalas terror\u00edficas por delatarlo\u00bb.<\/p>\n<p>\u00abNo ha sido f\u00e1cil. Ha sido periodismo de muy alta calidad, pero, de alguna manera, las sociedades no est\u00e1n preparadas para eso. Esto ha tenido un impacto absolutamente psicol\u00f3gico y f\u00edsico en m\u00ed. De hecho, apenas estoy empezando a recuperarme\u00bb<\/p>\n<p class=\"v-a-pst__p\">\nCarole Cadwalladr\n<\/p>\n<p class=\"v-a-pst__j\">\nPeriodista que destap\u00f3 el caso &#8216;Cambridge Analytica&#8217;\n<\/p>\n<p class=\"v-p\">Carole Cadwalladr, periodista brit\u00e1nica que destap\u00f3 el caso &#8216;Cambridge Analytica&#8217; [datos privados de millones de usuarios de Facebook fueron utilizados sin su consentimiento para manipular psicol\u00f3gicamente a los votantes en las elecciones de EEUU de 2016 en las que result\u00f3 electo Trump], habla por todos: \u00abParece mentira que una informaci\u00f3n tan importante para la cultura del periodismo, para las sociedades, para la democracia, me haya dado tantos problemas. No ha sido f\u00e1cil. Ha sido periodismo de muy alta calidad, pero, de alguna manera, las sociedades no est\u00e1n preparadas para eso. Esto ha tenido un impacto absolutamente psicol\u00f3gico y f\u00edsico en m\u00ed. De hecho, apenas estoy empezando a recuperarme\u00bb. <\/p>\n<p>El negocio de la polarizaci\u00f3n<\/p>\n<p class=\"v-p\">Como conclusi\u00f3n Belzunce argumenta que el concepto de verdad se ha desvirtuado \u00aby, en muchos casos, incluso los hechos se cuestionan\u00bb porque, a\u00f1ade, \u00abpopulistas pol\u00edticos y organizaciones en la sombra recurren a la estrategia de la confrontaci\u00f3n y arrastran a ciudadanos que quieren creer falsedades porque sustentan sus ideas\u00bb. <\/p>\n<p class=\"v-p\">Los lectores de este libro deben tener el subrayador bien a mano: \u00abLa polarizaci\u00f3n es un modelo de negocio y algunos periodistas han entrado en \u00e9l. Las redes sociales son en verdad m\u00e1s redes emocionales. Las personas son mucho m\u00e1s que sus ideas\u00bb. Es cierto que el periodismo fue siempre \u00abuna profesi\u00f3n innovadora\u00bb, insiste el compilador de los testimonios, y tambi\u00e9n es posible encontrar \u00abcotas de calidad nunca vistas\u00bb tanto en las nuevas narrativas como en el uso de la tecnolog\u00eda. \u00abInternet es un lienzo en blanco para la creatividad, con posibilidades infinitas que hay que explorar\u00bb. <\/p>\n<p>\nLa ciudadan\u00eda no se da cuenta de que necesita el periodismo, advierte Rosa Mar\u00eda Calaf, que fue corresponsal de RTVE en EEUU, Mosc\u00fa y Buenos Aires\n<\/p>\n<p class=\"v-p\">Frente a la dictadura del algoritmo, frente a la inevitable \u00abrevoluci\u00f3n cultural\u00bb en marcha, la llamada \u00abtransici\u00f3n digital\u00bb, el libro recoge todo un despliegue de demostraciones de que el buen periodismo es posible y est\u00e1 al alcance. Dice Rosa Mar\u00eda Calaf, que fue corresponsal de RTVE en EEUU, Mosc\u00fa y Buenos Aires, que la ciudadan\u00eda no se da cuenta de que necesita el periodismo, y echa de menos la veterana reportera que hoy los matices hayan desaparecido, que todo sea blanco o negro.<\/p>\n<p class=\"v-p\">Merece la pena llegar hasta el final para ir asimilando las reflexiones de profesionales con trayectorias y experiencias extraordinarias como Mart\u00edn Caparr\u00f3s, Jorge Fern\u00e1ndez D\u00edaz, Ann Marie Lipinski, Rosental Alves&#8230; Seg\u00fan Martin Barron, este \u00abes el momento m\u00e1s importante para hacer periodismo\u00bb. Hay que intentarlo. Por muy precarizada que est\u00e9 la profesi\u00f3n. <\/p>\n<p>Comenta<\/p>\n<p>Reporta un error<\/p>\n","protected":false},"excerpt":{"rendered":"S\u00e1bado, 20 de septiembre 2025, 07:32 | Actualizado 09:15h. Los 106 testimonios que ofrece Fernando Belzunce (Pamplona, 1976)&hellip;\n","protected":false},"author":2,"featured_media":127088,"comment_status":"","ping_status":"","sticky":false,"template":"","format":"standard","meta":{"footnotes":""},"categories":[172],"tags":[41183,224,4875,146,147,25,24,225,26607,4041,26901,11053,23],"class_list":{"0":"post-127087","1":"post","2":"type-post","3":"status-publish","4":"format-standard","5":"has-post-thumbnail","7":"category-libros","8":"tag-41183","9":"tag-books","10":"tag-democracia","11":"tag-entertainment","12":"tag-entretenimiento","13":"tag-es","14":"tag-espana","15":"tag-libros","16":"tag-luchan","17":"tag-periodistas","18":"tag-relatos","19":"tag-salvan","20":"tag-spain"},"share_on_mastodon":{"url":"","error":""},"_links":{"self":[{"href":"https:\/\/www.europesays.com\/es\/wp-json\/wp\/v2\/posts\/127087","targetHints":{"allow":["GET"]}}],"collection":[{"href":"https:\/\/www.europesays.com\/es\/wp-json\/wp\/v2\/posts"}],"about":[{"href":"https:\/\/www.europesays.com\/es\/wp-json\/wp\/v2\/types\/post"}],"author":[{"embeddable":true,"href":"https:\/\/www.europesays.com\/es\/wp-json\/wp\/v2\/users\/2"}],"replies":[{"embeddable":true,"href":"https:\/\/www.europesays.com\/es\/wp-json\/wp\/v2\/comments?post=127087"}],"version-history":[{"count":0,"href":"https:\/\/www.europesays.com\/es\/wp-json\/wp\/v2\/posts\/127087\/revisions"}],"wp:featuredmedia":[{"embeddable":true,"href":"https:\/\/www.europesays.com\/es\/wp-json\/wp\/v2\/media\/127088"}],"wp:attachment":[{"href":"https:\/\/www.europesays.com\/es\/wp-json\/wp\/v2\/media?parent=127087"}],"wp:term":[{"taxonomy":"category","embeddable":true,"href":"https:\/\/www.europesays.com\/es\/wp-json\/wp\/v2\/categories?post=127087"},{"taxonomy":"post_tag","embeddable":true,"href":"https:\/\/www.europesays.com\/es\/wp-json\/wp\/v2\/tags?post=127087"}],"curies":[{"name":"wp","href":"https:\/\/api.w.org\/{rel}","templated":true}]}}