{"id":127105,"date":"2025-09-20T09:25:12","date_gmt":"2025-09-20T09:25:12","guid":{"rendered":"https:\/\/www.europesays.com\/es\/127105\/"},"modified":"2025-09-20T09:25:12","modified_gmt":"2025-09-20T09:25:12","slug":"muere-el-empresario-cordobes-antonio-carrion-fernandez","status":"publish","type":"post","link":"https:\/\/www.europesays.com\/es\/127105\/","title":{"rendered":"Muere el empresario cordob\u00e9s Antonio Carri\u00f3n Fern\u00e1ndez"},"content":{"rendered":"<p class=\"voc-pretitle\">\nObituario\n<\/p>\n<p>Pilotaba un potente grupo empresarial con varias firmas de construcci\u00f3n, gr\u00faas, ingenier\u00eda y suelos<\/p>\n<p><img fetchpriority=\"high\" class=\"voc-img\" src=\"https:\/\/www.europesays.com\/es\/wp-content\/uploads\/2025\/09\/carrion-RtX1yJwRfJ2Twmsq6rElVvL-1200x840@diario_abc.jpg\" loading=\"eager\" decoding=\"async\" alt=\"Antonio Carri\u00f3n Fern\u00e1ndez, primero por la derecha, junto al presidente de CECO\" width=\"1200\" height=\"840\"\/><\/p>\n<p>Antonio Carri\u00f3n Fern\u00e1ndez, primero por la derecha, junto al presidente de CECO    ABC  <\/p>\n<p>19\/09\/2025<br \/>\n<br \/><strong><br \/>\nActualizado a las 20:01h.<br \/>\n<\/strong><\/p>\n<p class=\"voc-p\" style=\"\">El empresario cordob\u00e9s <strong>Antonio Carri\u00f3n Fern\u00e1ndez<\/strong> ha fallecido este viernes en C\u00f3rdoba a los 80 a\u00f1os de edad. Carri\u00f3n segu\u00eda liderando a\u00fan un potente grupo empresarial con firmas como <a href=\"https:\/\/www.abc.es\/espana\/andalucia\/cordoba\/crisis-materiales-arrastra-construalia-concurso-acreedores-20220721124238-nts.html\" target=\"_self\" data-voc-vtm-id=\"in-text-traffic\" title=\"Construalia\" data-mrf-link=\"www.abc.es\" rel=\"nofollow noopener\">Construalia<\/a> y Eurogr\u00faas, Conducciones y V\u00edas, entre otras, y con una cartera de trabajo amplia por todo el pa\u00eds. El <strong>funeral<\/strong> ser\u00e1 este s\u00e1bado a las 13.00 horas en la iglesia de La Trinidad (San Juan de Todos los Santos) y previamente sus restos mortales estar\u00e1n en el Tanatorio de Las Quemadas.<\/p>\n<p class=\"voc-p\" style=\"\">Grupo Carri\u00f3n Fern\u00e1ndez opera desde hace <strong>m\u00e1s de 50 a\u00f1os en sectores como la construcci\u00f3n<\/strong> (obra civil), promoci\u00f3n (viviendas), desarrollo y gesti\u00f3n de suelos, hincas de tuber\u00edas, ingenier\u00eda de elevaci\u00f3n de grandes cargas, organizaci\u00f3n de eventos y explotaciones agr\u00edcolas y ganaderas. Tambi\u00e9n es propietario de la <strong>Hacienda de la Albaida<\/strong>.<\/p>\n<p class=\"voc-p\" style=\"\">La presidenta de la patronal de la construcci\u00f3n de C\u00f3rdoba (<strong>Construcor),<\/strong> Mar\u00eda Dolores Jim\u00e9nez, ha se\u00f1alado que \u00abnos deja un empresario ejemplar, con una<strong> trayectoria brillante<\/strong> y llena de esfuerzo, que gener\u00f3 oportunidades y empleo para muchos\u00bb. A ello ha agregado que \u00abpor encima de todo, nos deja una persona buena, cercana, un compa\u00f1ero con el que siempre se aprend\u00eda y con el que todo resultaba m\u00e1s f\u00e1cil y positivo\u00bb.<\/p>\n<p>Reportar un error<\/p>\n","protected":false},"excerpt":{"rendered":"Obituario Pilotaba un potente grupo empresarial con varias firmas de construcci\u00f3n, gr\u00faas, ingenier\u00eda y suelos Antonio Carri\u00f3n Fern\u00e1ndez,&hellip;\n","protected":false},"author":2,"featured_media":127106,"comment_status":"","ping_status":"","sticky":false,"template":"","format":"standard","meta":{"footnotes":""},"categories":[8],"tags":[1247,17,18,41190,3042,18393,25,24,13,14,10994,11,19,20,8938,9,10,15,16,23,12,21,22],"class_list":{"0":"post-127105","1":"post","2":"type-post","3":"status-publish","4":"format-standard","5":"has-post-thumbnail","7":"category-espana","8":"tag-antonio","9":"tag-breaking-news","10":"tag-breakingnews","11":"tag-carrion","12":"tag-cordobes","13":"tag-empresario","14":"tag-es","15":"tag-espana","16":"tag-featured-news","17":"tag-featurednews","18":"tag-fernandez","19":"tag-headlines","20":"tag-latest-news","21":"tag-latestnews","22":"tag-muere","23":"tag-news","24":"tag-noticias","25":"tag-noticias-destacadas","26":"tag-noticiasdestacadas","27":"tag-spain","28":"tag-titulares","29":"tag-ultimas-noticias","30":"tag-ultimasnoticias"},"share_on_mastodon":{"url":"","error":""},"_links":{"self":[{"href":"https:\/\/www.europesays.com\/es\/wp-json\/wp\/v2\/posts\/127105","targetHints":{"allow":["GET"]}}],"collection":[{"href":"https:\/\/www.europesays.com\/es\/wp-json\/wp\/v2\/posts"}],"about":[{"href":"https:\/\/www.europesays.com\/es\/wp-json\/wp\/v2\/types\/post"}],"author":[{"embeddable":true,"href":"https:\/\/www.europesays.com\/es\/wp-json\/wp\/v2\/users\/2"}],"replies":[{"embeddable":true,"href":"https:\/\/www.europesays.com\/es\/wp-json\/wp\/v2\/comments?post=127105"}],"version-history":[{"count":0,"href":"https:\/\/www.europesays.com\/es\/wp-json\/wp\/v2\/posts\/127105\/revisions"}],"wp:featuredmedia":[{"embeddable":true,"href":"https:\/\/www.europesays.com\/es\/wp-json\/wp\/v2\/media\/127106"}],"wp:attachment":[{"href":"https:\/\/www.europesays.com\/es\/wp-json\/wp\/v2\/media?parent=127105"}],"wp:term":[{"taxonomy":"category","embeddable":true,"href":"https:\/\/www.europesays.com\/es\/wp-json\/wp\/v2\/categories?post=127105"},{"taxonomy":"post_tag","embeddable":true,"href":"https:\/\/www.europesays.com\/es\/wp-json\/wp\/v2\/tags?post=127105"}],"curies":[{"name":"wp","href":"https:\/\/api.w.org\/{rel}","templated":true}]}}