{"id":127107,"date":"2025-09-20T09:26:31","date_gmt":"2025-09-20T09:26:31","guid":{"rendered":"https:\/\/www.europesays.com\/es\/127107\/"},"modified":"2025-09-20T09:26:31","modified_gmt":"2025-09-20T09:26:31","slug":"la-comunidad-de-madrid-en-la-presentacion-de-una-guia-de-lectura-facil-sobre-el-tren-turistico-de-felipe-ii-para-personas-con-discapacidad-intelectual","status":"publish","type":"post","link":"https:\/\/www.europesays.com\/es\/127107\/","title":{"rendered":"La Comunidad de Madrid, en la presentaci\u00f3n de una gu\u00eda de lectura f\u00e1cil sobre el tren tur\u00edstico de Felipe II para personas con discapacidad intelectual"},"content":{"rendered":"<p>La consejera de Familia, Juventud y Asuntos Sociales de la Comunidad de Madrid, Ana D\u00e1vila, y de Cultura, Turismo y Deporte, Mariano De Paco Serrano, han asistido hoy a la presentaci\u00f3n de una gu\u00eda de lectura f\u00e1cil destinada a personas con discapacidad intelectual o con dificultades de comprensi\u00f3n lectora que realicen el trayecto tur\u00edstico en el Tren de Felipe II. Esta iniciativa, que busca hacer accesible esta experiencia cultural a todos los madrile\u00f1os, ha sido desarrollada por Plena Inclusi\u00f3n Madrid y est\u00e1 gestionada por la empresa de transportes Alsa.<\/p>\n","protected":false},"excerpt":{"rendered":"La consejera de Familia, Juventud y Asuntos Sociales de la Comunidad de Madrid, Ana D\u00e1vila, y de Cultura,&hellip;\n","protected":false},"author":2,"featured_media":127108,"comment_status":"","ping_status":"","sticky":false,"template":"","format":"standard","meta":{"footnotes":""},"categories":[5],"tags":[17,18,25,24,13,14,11,19,20,9,10,15,16,23,12,21,22],"class_list":{"0":"post-127107","1":"post","2":"type-post","3":"status-publish","4":"format-standard","5":"has-post-thumbnail","7":"category-titulares","8":"tag-breaking-news","9":"tag-breakingnews","10":"tag-es","11":"tag-espana","12":"tag-featured-news","13":"tag-featurednews","14":"tag-headlines","15":"tag-latest-news","16":"tag-latestnews","17":"tag-news","18":"tag-noticias","19":"tag-noticias-destacadas","20":"tag-noticiasdestacadas","21":"tag-spain","22":"tag-titulares","23":"tag-ultimas-noticias","24":"tag-ultimasnoticias"},"share_on_mastodon":{"url":"","error":""},"_links":{"self":[{"href":"https:\/\/www.europesays.com\/es\/wp-json\/wp\/v2\/posts\/127107","targetHints":{"allow":["GET"]}}],"collection":[{"href":"https:\/\/www.europesays.com\/es\/wp-json\/wp\/v2\/posts"}],"about":[{"href":"https:\/\/www.europesays.com\/es\/wp-json\/wp\/v2\/types\/post"}],"author":[{"embeddable":true,"href":"https:\/\/www.europesays.com\/es\/wp-json\/wp\/v2\/users\/2"}],"replies":[{"embeddable":true,"href":"https:\/\/www.europesays.com\/es\/wp-json\/wp\/v2\/comments?post=127107"}],"version-history":[{"count":0,"href":"https:\/\/www.europesays.com\/es\/wp-json\/wp\/v2\/posts\/127107\/revisions"}],"wp:featuredmedia":[{"embeddable":true,"href":"https:\/\/www.europesays.com\/es\/wp-json\/wp\/v2\/media\/127108"}],"wp:attachment":[{"href":"https:\/\/www.europesays.com\/es\/wp-json\/wp\/v2\/media?parent=127107"}],"wp:term":[{"taxonomy":"category","embeddable":true,"href":"https:\/\/www.europesays.com\/es\/wp-json\/wp\/v2\/categories?post=127107"},{"taxonomy":"post_tag","embeddable":true,"href":"https:\/\/www.europesays.com\/es\/wp-json\/wp\/v2\/tags?post=127107"}],"curies":[{"name":"wp","href":"https:\/\/api.w.org\/{rel}","templated":true}]}}