{"id":127109,"date":"2025-09-20T09:27:08","date_gmt":"2025-09-20T09:27:08","guid":{"rendered":"https:\/\/www.europesays.com\/es\/127109\/"},"modified":"2025-09-20T09:27:08","modified_gmt":"2025-09-20T09:27:08","slug":"el-club-balonmano-ramon-y-cajal-solicita-una-solucion-tras-perder-la-pista-para-sus-23-equipos","status":"publish","type":"post","link":"https:\/\/www.europesays.com\/es\/127109\/","title":{"rendered":"El Club Balonmano Ram\u00f3n y Cajal solicita una soluci\u00f3n tras perder la pista para sus 23 equipos"},"content":{"rendered":"<p>El Club Balonmano Ram\u00f3n y Cajal, conocido como el \u201cclub del Convoy\u201d, ha mostrado su preocupaci\u00f3n a pocos d\u00edas del inicio oficial de las competiciones. El cierre de la pista deportiva del CEIP Santiago Ram\u00f3n y Cajal, que durante a\u00f1os ha sido el principal lugar para sus entrenamientos, ha dejado en incertidumbre la actividad de m\u00e1s de 23 equipos de balonmano y f\u00fatbol sala, tanto masculinos como femeninos, adem\u00e1s de su escuela de iniciaci\u00f3n.<\/p>\n<p>La entidad deportiva manifiesta que la clausura de estas instalaciones afecta directamente la planificaci\u00f3n y preparaci\u00f3n de cientos de j\u00f3venes deportistas que, repentinamente, han perdido su espacio para entrenar. \u201cNos hemos quedado sin sede ni pista, la base sobre la que hemos desarrollado el deporte de cantera durante a\u00f1os\u201d, indican desde el club.<\/p>\n<p>La inquietud es considerable: los equipos est\u00e1n programados para competir en pocos d\u00edas, pero carecen de espacios adecuados para entrenar con normalidad. Seg\u00fan denuncian, esta situaci\u00f3n podr\u00eda poner en riesgo su participaci\u00f3n en las ligas y desmotivar a una cantera que representa uno de los mayores valores del deporte base en nuestra ciudad.<\/p>\n<p>Ante esta circunstancia, el Club Balonmano Ram\u00f3n y Cajal hace un llamado urgente a las autoridades responsables para que intervengan \u201cde inmediato\u201d y proporcionen una alternativa viable. Entre las opciones que plantean se incluyen la reubicaci\u00f3n en otras instalaciones deportivas municipales o la cesi\u00f3n temporal de la pista de otro centro escolar hasta que se resuelva el problema.<\/p>\n<p>\u201cEl deporte de base no puede esperar, nuestros chicos y chicas requieren una respuesta pronta\u201d, subrayan desde la directiva, que insiste en que esto no es solo una cuesti\u00f3n log\u00edstica, sino la defensa de un proyecto social y deportivo que ha mostrado su compromiso con la ciudad durante d\u00e9cadas.<\/p>\n<p><img fetchpriority=\"high\" decoding=\"async\" width=\"1024\" height=\"814\" src=\"https:\/\/www.europesays.com\/es\/wp-content\/uploads\/2025\/09\/WhatsApp-Image-2025-09-20-at-10.48.44.jpeg\" alt=\"\" class=\"wp-image-243702 lazy\"\/><\/p>\n<p><a href=\"https:\/\/www.elperiodicodeceuta.es\/el-club-balonmano-ramon-y-cajal-clama-por-una-solucion-tras-quedarse-sin-pista-para-sus-23-equipos\/\" rel=\"nofollow noopener\" target=\"_blank\">Leer m\u00e1s<\/a><\/p>\n","protected":false},"excerpt":{"rendered":"El Club Balonmano Ram\u00f3n y Cajal, conocido como el \u201cclub del Convoy\u201d, ha mostrado su preocupaci\u00f3n a pocos&hellip;\n","protected":false},"author":2,"featured_media":127110,"comment_status":"","ping_status":"","sticky":false,"template":"","format":"standard","meta":{"footnotes":""},"categories":[278],"tags":[376,168,25,24,375,23,167],"class_list":{"0":"post-127109","1":"post","2":"type-post","3":"status-publish","4":"format-standard","5":"has-post-thumbnail","7":"category-balonmano","8":"tag-balonmano","9":"tag-deportes","10":"tag-es","11":"tag-espana","12":"tag-handball","13":"tag-spain","14":"tag-sports"},"share_on_mastodon":{"url":"","error":""},"_links":{"self":[{"href":"https:\/\/www.europesays.com\/es\/wp-json\/wp\/v2\/posts\/127109","targetHints":{"allow":["GET"]}}],"collection":[{"href":"https:\/\/www.europesays.com\/es\/wp-json\/wp\/v2\/posts"}],"about":[{"href":"https:\/\/www.europesays.com\/es\/wp-json\/wp\/v2\/types\/post"}],"author":[{"embeddable":true,"href":"https:\/\/www.europesays.com\/es\/wp-json\/wp\/v2\/users\/2"}],"replies":[{"embeddable":true,"href":"https:\/\/www.europesays.com\/es\/wp-json\/wp\/v2\/comments?post=127109"}],"version-history":[{"count":0,"href":"https:\/\/www.europesays.com\/es\/wp-json\/wp\/v2\/posts\/127109\/revisions"}],"wp:featuredmedia":[{"embeddable":true,"href":"https:\/\/www.europesays.com\/es\/wp-json\/wp\/v2\/media\/127110"}],"wp:attachment":[{"href":"https:\/\/www.europesays.com\/es\/wp-json\/wp\/v2\/media?parent=127109"}],"wp:term":[{"taxonomy":"category","embeddable":true,"href":"https:\/\/www.europesays.com\/es\/wp-json\/wp\/v2\/categories?post=127109"},{"taxonomy":"post_tag","embeddable":true,"href":"https:\/\/www.europesays.com\/es\/wp-json\/wp\/v2\/tags?post=127109"}],"curies":[{"name":"wp","href":"https:\/\/api.w.org\/{rel}","templated":true}]}}