{"id":127111,"date":"2025-09-20T09:28:27","date_gmt":"2025-09-20T09:28:27","guid":{"rendered":"https:\/\/www.europesays.com\/es\/127111\/"},"modified":"2025-09-20T09:28:27","modified_gmt":"2025-09-20T09:28:27","slug":"las-mejores-imagenes-de-los-tendidos-de-la-glorieta-de-este-viernes","status":"publish","type":"post","link":"https:\/\/www.europesays.com\/es\/127111\/","title":{"rendered":"Las mejores im\u00e1genes de los tendidos de La Glorieta de este viernes"},"content":{"rendered":"<p><a class=\"v-mdl-ath__fig-a\" href=\"https:\/\/www.lagacetadesalamanca.es\/autor\/clara-delgado-6144.html\" title=\"Clara Delgado\" rel=\"nofollow noopener\" target=\"_blank\"><br \/>\n<img decoding=\"async\" class=\"v-mdl-ath__img\" src=\"https:\/\/www.europesays.com\/es\/wp-content\/uploads\/2025\/08\/autor-6144-foto-1.png\" alt=\"Clara Delgado\"\/><br \/>\n<\/a><\/p>\n<p class=\"v-mdl-ath__p v-mdl-ath__p--2\">\n<a href=\"https:\/\/www.lagacetadesalamanca.es\/autor\/clara-delgado-6144.html\" rel=\"nofollow noopener\" target=\"_blank\">Clara Delgado<\/a>\n<\/p>\n<p class=\"v-mdl-ath__p v-mdl-ath__p--3\">\nSalamanca\n<\/p>\n<p class=\"v-mdl-ath__p v-mdl-ath__p--6\">\nS\u00e1bado, 20 de septiembre 2025, 10:24<\/p>\n<p>Modo oscuro<\/p>\n<p>Compartir<\/p>\n<p class=\"v-p\">A pesar de la lluvia, muchas figuras ilustres pisaron ayer La Glorieta, aunque algunos tuvieron que recogerse antes de que acabara el festejo por el temporal. Entre los burladeros se vieron rostro conocidos como el de <strong>Alfonso Fern\u00e1ndez Ma\u00f1ueco, Javier Iglesias o Ram\u00f3n Calder\u00f3n<\/strong> mientras que en en los tendidos no faltaron personalidades como <strong>Carlos Herrera, Carlos Fitz-James Stuart o Juan Jos\u00e9 Hidalgo.<\/strong><\/p>\n<p><img decoding=\"async\" loading=\"lazy\" src=\"https:\/\/www.europesays.com\/es\/wp-content\/uploads\/2025\/09\/ALME3227.jpg\" class=\"v-a-img\" width=\"720\" height=\"540\" alt=\"Las mejores im\u00e1genes de los tendidos de La Glorieta de este viernes\"\/><\/p>\n<p class=\"v-pill-m__c\">\n<p>Ampliar\n<\/p>\n<p><img decoding=\"async\" loading=\"lazy\" src=\"https:\/\/www.europesays.com\/es\/wp-content\/uploads\/2025\/09\/ALME3227.jpg\" class=\"v-mdl__img-z\" width=\"720\" height=\"540\" alt=\"Las mejores im\u00e1genes de los tendidos de La Glorieta de este viernes\"\/><\/p>\n<p><img loading=\"lazy\" decoding=\"async\" src=\"https:\/\/www.europesays.com\/es\/wp-content\/uploads\/2025\/09\/ALME3227.jpg\" class=\"v-mdl__img-z\" width=\"720\" height=\"540\" alt=\"Las mejores im\u00e1genes de los tendidos de La Glorieta de este viernes\"\/><\/p>\n<p><img decoding=\"async\" loading=\"lazy\" src=\"https:\/\/www.europesays.com\/es\/wp-content\/uploads\/2025\/09\/ALME3242.jpg\" class=\"v-a-img\" width=\"720\" height=\"540\" alt=\"Las mejores im\u00e1genes de los tendidos de La Glorieta de este viernes\"\/><\/p>\n<p class=\"v-pill-m__c\">\n<p>Ampliar\n<\/p>\n<p><img decoding=\"async\" loading=\"lazy\" src=\"https:\/\/www.europesays.com\/es\/wp-content\/uploads\/2025\/09\/ALME3242.jpg\" class=\"v-mdl__img-z\" width=\"720\" height=\"540\" alt=\"Las mejores im\u00e1genes de los tendidos de La Glorieta de este viernes\"\/><\/p>\n<p><img loading=\"lazy\" decoding=\"async\" src=\"https:\/\/www.europesays.com\/es\/wp-content\/uploads\/2025\/09\/ALME3242.jpg\" class=\"v-mdl__img-z\" width=\"720\" height=\"540\" alt=\"Las mejores im\u00e1genes de los tendidos de La Glorieta de este viernes\"\/><\/p>\n<p><img decoding=\"async\" loading=\"lazy\" src=\"https:\/\/www.europesays.com\/es\/wp-content\/uploads\/2025\/09\/ALME3244.jpg\" class=\"v-a-img\" width=\"720\" height=\"540\" alt=\"Las mejores im\u00e1genes de los tendidos de La Glorieta de este viernes\"\/><\/p>\n<p class=\"v-pill-m__c\">\n<p>Ampliar\n<\/p>\n<p><img decoding=\"async\" loading=\"lazy\" src=\"https:\/\/www.europesays.com\/es\/wp-content\/uploads\/2025\/09\/ALME3244.jpg\" class=\"v-mdl__img-z\" width=\"720\" height=\"540\" alt=\"Las mejores im\u00e1genes de los tendidos de La Glorieta de este viernes\"\/><\/p>\n<p><img loading=\"lazy\" decoding=\"async\" src=\"https:\/\/www.europesays.com\/es\/wp-content\/uploads\/2025\/09\/ALME3244.jpg\" class=\"v-mdl__img-z\" width=\"720\" height=\"540\" alt=\"Las mejores im\u00e1genes de los tendidos de La Glorieta de este viernes\"\/><\/p>\n<p><img decoding=\"async\" loading=\"lazy\" src=\"https:\/\/www.europesays.com\/es\/wp-content\/uploads\/2025\/09\/ALME3252.jpg\" class=\"v-a-img\" width=\"720\" height=\"540\" alt=\"Las mejores im\u00e1genes de los tendidos de La Glorieta de este viernes\"\/><\/p>\n<p class=\"v-pill-m__c\">\n<p>Ampliar\n<\/p>\n<p><img decoding=\"async\" loading=\"lazy\" src=\"https:\/\/www.europesays.com\/es\/wp-content\/uploads\/2025\/09\/ALME3252.jpg\" class=\"v-mdl__img-z\" width=\"720\" height=\"540\" alt=\"Las mejores im\u00e1genes de los tendidos de La Glorieta de este viernes\"\/><\/p>\n<p><img loading=\"lazy\" decoding=\"async\" src=\"https:\/\/www.europesays.com\/es\/wp-content\/uploads\/2025\/09\/ALME3252.jpg\" class=\"v-mdl__img-z\" width=\"720\" height=\"540\" alt=\"Las mejores im\u00e1genes de los tendidos de La Glorieta de este viernes\"\/><\/p>\n<p><img decoding=\"async\" loading=\"lazy\" src=\"https:\/\/www.europesays.com\/es\/wp-content\/uploads\/2025\/09\/ALME3882.jpg\" class=\"v-a-img\" width=\"720\" height=\"540\" alt=\"Las mejores im\u00e1genes de los tendidos de La Glorieta de este viernes\"\/><\/p>\n<p class=\"v-pill-m__c\">\n<p>Ampliar\n<\/p>\n<p><img decoding=\"async\" loading=\"lazy\" src=\"https:\/\/www.europesays.com\/es\/wp-content\/uploads\/2025\/09\/ALME3882.jpg\" class=\"v-mdl__img-z\" width=\"720\" height=\"540\" alt=\"Las mejores im\u00e1genes de los tendidos de La Glorieta de este viernes\"\/><\/p>\n<p><img loading=\"lazy\" decoding=\"async\" src=\"https:\/\/www.europesays.com\/es\/wp-content\/uploads\/2025\/09\/ALME3882.jpg\" class=\"v-mdl__img-z\" width=\"720\" height=\"540\" alt=\"Las mejores im\u00e1genes de los tendidos de La Glorieta de este viernes\"\/><\/p>\n<p><img decoding=\"async\" loading=\"lazy\" src=\"https:\/\/www.europesays.com\/es\/wp-content\/uploads\/2025\/09\/ALME3931.jpg\" class=\"v-a-img\" width=\"720\" height=\"540\" alt=\"Las mejores im\u00e1genes de los tendidos de La Glorieta de este viernes\"\/><\/p>\n<p class=\"v-pill-m__c\">\n<p>Ampliar\n<\/p>\n<p><img decoding=\"async\" loading=\"lazy\" src=\"https:\/\/www.europesays.com\/es\/wp-content\/uploads\/2025\/09\/ALME3931.jpg\" class=\"v-mdl__img-z\" width=\"720\" height=\"540\" alt=\"Las mejores im\u00e1genes de los tendidos de La Glorieta de este viernes\"\/><\/p>\n<p><img loading=\"lazy\" decoding=\"async\" src=\"https:\/\/www.europesays.com\/es\/wp-content\/uploads\/2025\/09\/ALME3931.jpg\" class=\"v-mdl__img-z\" width=\"720\" height=\"540\" alt=\"Las mejores im\u00e1genes de los tendidos de La Glorieta de este viernes\"\/><\/p>\n<p><img decoding=\"async\" loading=\"lazy\" src=\"https:\/\/www.europesays.com\/es\/wp-content\/uploads\/2025\/09\/ALME4012.jpg\" class=\"v-a-img\" width=\"720\" height=\"540\" alt=\"Las mejores im\u00e1genes de los tendidos de La Glorieta de este viernes\"\/><\/p>\n<p class=\"v-pill-m__c\">\n<p>Ampliar\n<\/p>\n<p><img decoding=\"async\" loading=\"lazy\" src=\"https:\/\/www.europesays.com\/es\/wp-content\/uploads\/2025\/09\/ALME4012.jpg\" class=\"v-mdl__img-z\" width=\"720\" height=\"540\" alt=\"Las mejores im\u00e1genes de los tendidos de La Glorieta de este viernes\"\/><\/p>\n<p><img loading=\"lazy\" decoding=\"async\" src=\"https:\/\/www.europesays.com\/es\/wp-content\/uploads\/2025\/09\/ALME4012.jpg\" class=\"v-mdl__img-z\" width=\"720\" height=\"540\" alt=\"Las mejores im\u00e1genes de los tendidos de La Glorieta de este viernes\"\/><\/p>\n<p><img decoding=\"async\" loading=\"lazy\" src=\"https:\/\/www.europesays.com\/es\/wp-content\/uploads\/2025\/09\/ALME4018.jpg\" class=\"v-a-img\" width=\"720\" height=\"540\" alt=\"Las mejores im\u00e1genes de los tendidos de La Glorieta de este viernes\"\/><\/p>\n<p class=\"v-pill-m__c\">\n<p>Ampliar\n<\/p>\n<p><img decoding=\"async\" loading=\"lazy\" src=\"https:\/\/www.europesays.com\/es\/wp-content\/uploads\/2025\/09\/ALME4018.jpg\" class=\"v-mdl__img-z\" width=\"720\" height=\"540\" alt=\"Las mejores im\u00e1genes de los tendidos de La Glorieta de este viernes\"\/><\/p>\n<p><img loading=\"lazy\" decoding=\"async\" src=\"https:\/\/www.europesays.com\/es\/wp-content\/uploads\/2025\/09\/ALME4018.jpg\" class=\"v-mdl__img-z\" width=\"720\" height=\"540\" alt=\"Las mejores im\u00e1genes de los tendidos de La Glorieta de este viernes\"\/><\/p>\n<p><img decoding=\"async\" loading=\"lazy\" src=\"https:\/\/www.europesays.com\/es\/wp-content\/uploads\/2025\/09\/ALME4026.jpg\" class=\"v-a-img\" width=\"720\" height=\"540\" alt=\"Las mejores im\u00e1genes de los tendidos de La Glorieta de este viernes\"\/><\/p>\n<p class=\"v-pill-m__c\">\n<p>Ampliar\n<\/p>\n<p><img decoding=\"async\" loading=\"lazy\" src=\"https:\/\/www.europesays.com\/es\/wp-content\/uploads\/2025\/09\/ALME4026.jpg\" class=\"v-mdl__img-z\" width=\"720\" height=\"540\" alt=\"Las mejores im\u00e1genes de los tendidos de La Glorieta de este viernes\"\/><\/p>\n<p><img loading=\"lazy\" decoding=\"async\" src=\"https:\/\/www.europesays.com\/es\/wp-content\/uploads\/2025\/09\/ALME4026.jpg\" class=\"v-mdl__img-z\" width=\"720\" height=\"540\" alt=\"Las mejores im\u00e1genes de los tendidos de La Glorieta de este viernes\"\/><\/p>\n<p><img decoding=\"async\" loading=\"lazy\" src=\"https:\/\/www.europesays.com\/es\/wp-content\/uploads\/2025\/09\/ALME4064.jpg\" class=\"v-a-img\" width=\"720\" height=\"540\" alt=\"Las mejores im\u00e1genes de los tendidos de La Glorieta de este viernes\"\/><\/p>\n<p class=\"v-pill-m__c\">\n<p>Ampliar\n<\/p>\n<p><img decoding=\"async\" loading=\"lazy\" src=\"https:\/\/www.europesays.com\/es\/wp-content\/uploads\/2025\/09\/ALME4064.jpg\" class=\"v-mdl__img-z\" width=\"720\" height=\"540\" alt=\"Las mejores im\u00e1genes de los tendidos de La Glorieta de este viernes\"\/><\/p>\n<p><img loading=\"lazy\" decoding=\"async\" src=\"https:\/\/www.europesays.com\/es\/wp-content\/uploads\/2025\/09\/ALME4064.jpg\" class=\"v-mdl__img-z\" width=\"720\" height=\"540\" alt=\"Las mejores im\u00e1genes de los tendidos de La Glorieta de este viernes\"\/><\/p>\n<p><img decoding=\"async\" loading=\"lazy\" src=\"https:\/\/www.europesays.com\/es\/wp-content\/uploads\/2025\/09\/ALME4190.jpg\" class=\"v-a-img\" width=\"720\" height=\"540\" alt=\"Las mejores im\u00e1genes de los tendidos de La Glorieta de este viernes\"\/><\/p>\n<p class=\"v-pill-m__c\">\n<p>Ampliar\n<\/p>\n<p><img decoding=\"async\" loading=\"lazy\" src=\"https:\/\/www.europesays.com\/es\/wp-content\/uploads\/2025\/09\/ALME4190.jpg\" class=\"v-mdl__img-z\" width=\"720\" height=\"540\" alt=\"Las mejores im\u00e1genes de los tendidos de La Glorieta de este viernes\"\/><\/p>\n<p><img loading=\"lazy\" decoding=\"async\" src=\"https:\/\/www.europesays.com\/es\/wp-content\/uploads\/2025\/09\/ALME4190.jpg\" class=\"v-mdl__img-z\" width=\"720\" height=\"540\" alt=\"Las mejores im\u00e1genes de los tendidos de La Glorieta de este viernes\"\/><\/p>\n<p><img decoding=\"async\" loading=\"lazy\" src=\"https:\/\/www.europesays.com\/es\/wp-content\/uploads\/2025\/09\/ALME4858.jpg\" class=\"v-a-img\" width=\"720\" height=\"540\" alt=\"Las mejores im\u00e1genes de los tendidos de La Glorieta de este viernes\"\/><\/p>\n<p class=\"v-pill-m__c\">\n<p>Ampliar\n<\/p>\n<p><img decoding=\"async\" loading=\"lazy\" src=\"https:\/\/www.europesays.com\/es\/wp-content\/uploads\/2025\/09\/ALME4858.jpg\" class=\"v-mdl__img-z\" width=\"720\" height=\"540\" alt=\"Las mejores im\u00e1genes de los tendidos de La Glorieta de este viernes\"\/><\/p>\n<p><img loading=\"lazy\" decoding=\"async\" src=\"https:\/\/www.europesays.com\/es\/wp-content\/uploads\/2025\/09\/ALME4858.jpg\" class=\"v-mdl__img-z\" width=\"720\" height=\"540\" alt=\"Las mejores im\u00e1genes de los tendidos de La Glorieta de este viernes\"\/><\/p>\n<p><img decoding=\"async\" loading=\"lazy\" src=\"https:\/\/www.europesays.com\/es\/wp-content\/uploads\/2025\/09\/ALME5667.jpg\" class=\"v-a-img\" width=\"720\" height=\"540\" alt=\"Las mejores im\u00e1genes de los tendidos de La Glorieta de este viernes\"\/><\/p>\n<p class=\"v-pill-m__c\">\n<p>Ampliar\n<\/p>\n<p><img decoding=\"async\" loading=\"lazy\" src=\"https:\/\/www.europesays.com\/es\/wp-content\/uploads\/2025\/09\/ALME5667.jpg\" class=\"v-mdl__img-z\" width=\"720\" height=\"540\" alt=\"Las mejores im\u00e1genes de los tendidos de La Glorieta de este viernes\"\/><\/p>\n<p><img loading=\"lazy\" decoding=\"async\" src=\"https:\/\/www.europesays.com\/es\/wp-content\/uploads\/2025\/09\/ALME5667.jpg\" class=\"v-mdl__img-z\" width=\"720\" height=\"540\" alt=\"Las mejores im\u00e1genes de los tendidos de La Glorieta de este viernes\"\/><\/p>\n<p><img decoding=\"async\" loading=\"lazy\" src=\"https:\/\/www.europesays.com\/es\/wp-content\/uploads\/2025\/09\/ALME5673.jpg\" class=\"v-a-img\" width=\"720\" height=\"540\" alt=\"Las mejores im\u00e1genes de los tendidos de La Glorieta de este viernes\"\/><\/p>\n<p class=\"v-pill-m__c\">\n<p>Ampliar\n<\/p>\n<p><img decoding=\"async\" loading=\"lazy\" src=\"https:\/\/www.europesays.com\/es\/wp-content\/uploads\/2025\/09\/ALME5673.jpg\" class=\"v-mdl__img-z\" width=\"720\" height=\"540\" alt=\"Las mejores im\u00e1genes de los tendidos de La Glorieta de este viernes\"\/><\/p>\n<p><img loading=\"lazy\" decoding=\"async\" src=\"https:\/\/www.europesays.com\/es\/wp-content\/uploads\/2025\/09\/ALME5673.jpg\" class=\"v-mdl__img-z\" width=\"720\" height=\"540\" alt=\"Las mejores im\u00e1genes de los tendidos de La Glorieta de este viernes\"\/><\/p>\n<p><img decoding=\"async\" loading=\"lazy\" src=\"https:\/\/www.europesays.com\/es\/wp-content\/uploads\/2025\/09\/ALME5680.jpg\" class=\"v-a-img\" width=\"720\" height=\"540\" alt=\"Las mejores im\u00e1genes de los tendidos de La Glorieta de este viernes\"\/><\/p>\n<p class=\"v-pill-m__c\">\n<p>Ampliar\n<\/p>\n<p><img decoding=\"async\" loading=\"lazy\" src=\"https:\/\/www.europesays.com\/es\/wp-content\/uploads\/2025\/09\/ALME5680.jpg\" class=\"v-mdl__img-z\" width=\"720\" height=\"540\" alt=\"Las mejores im\u00e1genes de los tendidos de La Glorieta de este viernes\"\/><\/p>\n<p><img loading=\"lazy\" decoding=\"async\" src=\"https:\/\/www.europesays.com\/es\/wp-content\/uploads\/2025\/09\/ALME5680.jpg\" class=\"v-mdl__img-z\" width=\"720\" height=\"540\" alt=\"Las mejores im\u00e1genes de los tendidos de La Glorieta de este viernes\"\/><\/p>\n<p><img decoding=\"async\" loading=\"lazy\" src=\"https:\/\/www.europesays.com\/es\/wp-content\/uploads\/2025\/09\/ALME5739.jpg\" class=\"v-a-img\" width=\"720\" height=\"540\" alt=\"Las mejores im\u00e1genes de los tendidos de La Glorieta de este viernes\"\/><\/p>\n<p class=\"v-pill-m__c\">\n<p>Ampliar\n<\/p>\n<p><img decoding=\"async\" loading=\"lazy\" src=\"https:\/\/www.europesays.com\/es\/wp-content\/uploads\/2025\/09\/ALME5739.jpg\" class=\"v-mdl__img-z\" width=\"720\" height=\"540\" alt=\"Las mejores im\u00e1genes de los tendidos de La Glorieta de este viernes\"\/><\/p>\n<p><img loading=\"lazy\" decoding=\"async\" src=\"https:\/\/www.europesays.com\/es\/wp-content\/uploads\/2025\/09\/ALME5739.jpg\" class=\"v-mdl__img-z\" width=\"720\" height=\"540\" alt=\"Las mejores im\u00e1genes de los tendidos de La Glorieta de este viernes\"\/><\/p>\n<p><img decoding=\"async\" loading=\"lazy\" src=\"https:\/\/www.europesays.com\/es\/wp-content\/uploads\/2025\/09\/ALME5748.jpg\" class=\"v-a-img\" width=\"720\" height=\"540\" alt=\"Las mejores im\u00e1genes de los tendidos de La Glorieta de este viernes\"\/><\/p>\n<p class=\"v-pill-m__c\">\n<p>Ampliar\n<\/p>\n<p><img decoding=\"async\" loading=\"lazy\" src=\"https:\/\/www.europesays.com\/es\/wp-content\/uploads\/2025\/09\/ALME5748.jpg\" class=\"v-mdl__img-z\" width=\"720\" height=\"540\" alt=\"Las mejores im\u00e1genes de los tendidos de La Glorieta de este viernes\"\/><\/p>\n<p><img loading=\"lazy\" decoding=\"async\" src=\"https:\/\/www.europesays.com\/es\/wp-content\/uploads\/2025\/09\/ALME5748.jpg\" class=\"v-mdl__img-z\" width=\"720\" height=\"540\" alt=\"Las mejores im\u00e1genes de los tendidos de La Glorieta de este viernes\"\/><\/p>\n<p><img decoding=\"async\" loading=\"lazy\" src=\"https:\/\/www.europesays.com\/es\/wp-content\/uploads\/2025\/09\/ALME5831.jpg\" class=\"v-a-img\" width=\"720\" height=\"540\" alt=\"Las mejores im\u00e1genes de los tendidos de La Glorieta de este viernes\"\/><\/p>\n<p class=\"v-pill-m__c\">\n<p>Ampliar\n<\/p>\n<p><img decoding=\"async\" loading=\"lazy\" src=\"https:\/\/www.europesays.com\/es\/wp-content\/uploads\/2025\/09\/ALME5831.jpg\" class=\"v-mdl__img-z\" width=\"720\" height=\"540\" alt=\"Las mejores im\u00e1genes de los tendidos de La Glorieta de este viernes\"\/><\/p>\n<p><img loading=\"lazy\" decoding=\"async\" src=\"https:\/\/www.europesays.com\/es\/wp-content\/uploads\/2025\/09\/ALME5831.jpg\" class=\"v-mdl__img-z\" width=\"720\" height=\"540\" alt=\"Las mejores im\u00e1genes de los tendidos de La Glorieta de este viernes\"\/><\/p>\n<p><img decoding=\"async\" loading=\"lazy\" src=\"https:\/\/www.europesays.com\/es\/wp-content\/uploads\/2025\/09\/ALME6084.jpg\" class=\"v-a-img\" width=\"720\" height=\"540\" alt=\"Las mejores im\u00e1genes de los tendidos de La Glorieta de este viernes\"\/><\/p>\n<p class=\"v-pill-m__c\">\n<p>Ampliar\n<\/p>\n<p><img decoding=\"async\" loading=\"lazy\" src=\"https:\/\/www.europesays.com\/es\/wp-content\/uploads\/2025\/09\/ALME6084.jpg\" class=\"v-mdl__img-z\" width=\"720\" height=\"540\" alt=\"Las mejores im\u00e1genes de los tendidos de La Glorieta de este viernes\"\/><\/p>\n<p><img loading=\"lazy\" decoding=\"async\" src=\"https:\/\/www.europesays.com\/es\/wp-content\/uploads\/2025\/09\/ALME6084.jpg\" class=\"v-mdl__img-z\" width=\"720\" height=\"540\" alt=\"Las mejores im\u00e1genes de los tendidos de La Glorieta de este viernes\"\/><\/p>\n<p><img decoding=\"async\" loading=\"lazy\" src=\"https:\/\/www.europesays.com\/es\/wp-content\/uploads\/2025\/09\/ALME6472_20250919235545.jpg\" class=\"v-a-img\" width=\"720\" height=\"540\" alt=\"Las mejores im\u00e1genes de los tendidos de La Glorieta de este viernes\"\/><\/p>\n<p class=\"v-pill-m__c\">\n<p>Ampliar\n<\/p>\n<p><img decoding=\"async\" loading=\"lazy\" src=\"https:\/\/www.europesays.com\/es\/wp-content\/uploads\/2025\/09\/ALME6472_20250919235545.jpg\" class=\"v-mdl__img-z\" width=\"720\" height=\"540\" alt=\"Las mejores im\u00e1genes de los tendidos de La Glorieta de este viernes\"\/><\/p>\n<p><img loading=\"lazy\" decoding=\"async\" src=\"https:\/\/www.europesays.com\/es\/wp-content\/uploads\/2025\/09\/ALME6472_20250919235545.jpg\" class=\"v-mdl__img-z\" width=\"720\" height=\"540\" alt=\"Las mejores im\u00e1genes de los tendidos de La Glorieta de este viernes\"\/><\/p>\n<p><img decoding=\"async\" loading=\"lazy\" src=\"https:\/\/www.europesays.com\/es\/wp-content\/uploads\/2025\/09\/ALME6639.jpg\" class=\"v-a-img\" width=\"720\" height=\"540\" alt=\"Las mejores im\u00e1genes de los tendidos de La Glorieta de este viernes\"\/><\/p>\n<p class=\"v-pill-m__c\">\n<p>Ampliar\n<\/p>\n<p><img decoding=\"async\" loading=\"lazy\" src=\"https:\/\/www.europesays.com\/es\/wp-content\/uploads\/2025\/09\/ALME6639.jpg\" class=\"v-mdl__img-z\" width=\"720\" height=\"540\" alt=\"Las mejores im\u00e1genes de los tendidos de La Glorieta de este viernes\"\/><\/p>\n<p><img loading=\"lazy\" decoding=\"async\" src=\"https:\/\/www.europesays.com\/es\/wp-content\/uploads\/2025\/09\/ALME6639.jpg\" class=\"v-mdl__img-z\" width=\"720\" height=\"540\" alt=\"Las mejores im\u00e1genes de los tendidos de La Glorieta de este viernes\"\/><\/p>\n<p><img decoding=\"async\" loading=\"lazy\" src=\"https:\/\/www.europesays.com\/es\/wp-content\/uploads\/2025\/09\/ALME6667.jpg\" class=\"v-a-img\" width=\"720\" height=\"540\" alt=\"Las mejores im\u00e1genes de los tendidos de La Glorieta de este viernes\"\/><\/p>\n<p class=\"v-pill-m__c\">\n<p>Ampliar\n<\/p>\n<p><img decoding=\"async\" loading=\"lazy\" src=\"https:\/\/www.europesays.com\/es\/wp-content\/uploads\/2025\/09\/ALME6667.jpg\" class=\"v-mdl__img-z\" width=\"720\" height=\"540\" alt=\"Las mejores im\u00e1genes de los tendidos de La Glorieta de este viernes\"\/><\/p>\n<p><img loading=\"lazy\" decoding=\"async\" src=\"https:\/\/www.europesays.com\/es\/wp-content\/uploads\/2025\/09\/ALME6667.jpg\" class=\"v-mdl__img-z\" width=\"720\" height=\"540\" alt=\"Las mejores im\u00e1genes de los tendidos de La Glorieta de este viernes\"\/><\/p>\n<ul class=\"v-mdl-tpc__u\">\n<li class=\"v-mdl-tpc__l\">\n<p>Temas<\/p>\n<\/li>\n<li class=\"v-mdl-tpc__l\">\n<a class=\"v-mdl-tpc__a v-btn v-btn-s\" href=\"https:\/\/www.lagacetadesalamanca.es\/temas\/generales\/toros.html\" title=\"Toros\" data-mrf-link=\"https:\/\/www.lagacetadesalamanca.es\/temas\/generales\/toros.html\" rel=\"nofollow noopener\" target=\"_blank\"><br \/>\nToros<br \/>\n<\/a>\n<\/li>\n<li class=\"v-mdl-tpc__l\">\n<a class=\"v-mdl-tpc__a v-btn v-btn-s\" href=\"https:\/\/www.lagacetadesalamanca.es\/temas\/lugares\/plaza-de-toros-de-la-glorieta.html\" title=\"Plaza de toros de La Glorieta\" data-mrf-link=\"https:\/\/www.lagacetadesalamanca.es\/temas\/lugares\/plaza-de-toros-de-la-glorieta.html\" rel=\"nofollow noopener\" target=\"_blank\"><br \/>\nPlaza de toros de La Glorieta<br \/>\n<\/a>\n<\/li>\n<li class=\"v-mdl-tpc__l\">\n<a class=\"v-mdl-tpc__a v-btn v-btn-s\" href=\"https:\/\/www.lagacetadesalamanca.es\/temas\/lugares\/salamanca-ciudad.html\" title=\"Salamanca\" data-mrf-link=\"https:\/\/www.lagacetadesalamanca.es\/temas\/lugares\/salamanca-ciudad.html\" rel=\"nofollow noopener\" target=\"_blank\"><br \/>\nSalamanca<br \/>\n<\/a>\n<\/li>\n<\/ul>\n","protected":false},"excerpt":{"rendered":"Clara Delgado Salamanca S\u00e1bado, 20 de septiembre 2025, 10:24 Modo oscuro Compartir A pesar de la lluvia, muchas&hellip;\n","protected":false},"author":2,"featured_media":127112,"comment_status":"","ping_status":"","sticky":false,"template":"","format":"standard","meta":{"footnotes":""},"categories":[277],"tags":[373,168,25,24,34813,1641,804,23,167,40161,374,381],"class_list":{"0":"post-127111","1":"post","2":"type-post","3":"status-publish","4":"format-standard","5":"has-post-thumbnail","7":"category-toreo","8":"tag-bullfighting","9":"tag-deportes","10":"tag-es","11":"tag-espana","12":"tag-glorieta","13":"tag-imagenes","14":"tag-mejores","15":"tag-spain","16":"tag-sports","17":"tag-tendidos","18":"tag-toreo","19":"tag-viernes"},"share_on_mastodon":{"url":"","error":""},"_links":{"self":[{"href":"https:\/\/www.europesays.com\/es\/wp-json\/wp\/v2\/posts\/127111","targetHints":{"allow":["GET"]}}],"collection":[{"href":"https:\/\/www.europesays.com\/es\/wp-json\/wp\/v2\/posts"}],"about":[{"href":"https:\/\/www.europesays.com\/es\/wp-json\/wp\/v2\/types\/post"}],"author":[{"embeddable":true,"href":"https:\/\/www.europesays.com\/es\/wp-json\/wp\/v2\/users\/2"}],"replies":[{"embeddable":true,"href":"https:\/\/www.europesays.com\/es\/wp-json\/wp\/v2\/comments?post=127111"}],"version-history":[{"count":0,"href":"https:\/\/www.europesays.com\/es\/wp-json\/wp\/v2\/posts\/127111\/revisions"}],"wp:featuredmedia":[{"embeddable":true,"href":"https:\/\/www.europesays.com\/es\/wp-json\/wp\/v2\/media\/127112"}],"wp:attachment":[{"href":"https:\/\/www.europesays.com\/es\/wp-json\/wp\/v2\/media?parent=127111"}],"wp:term":[{"taxonomy":"category","embeddable":true,"href":"https:\/\/www.europesays.com\/es\/wp-json\/wp\/v2\/categories?post=127111"},{"taxonomy":"post_tag","embeddable":true,"href":"https:\/\/www.europesays.com\/es\/wp-json\/wp\/v2\/tags?post=127111"}],"curies":[{"name":"wp","href":"https:\/\/api.w.org\/{rel}","templated":true}]}}