{"id":127117,"date":"2025-09-20T09:32:07","date_gmt":"2025-09-20T09:32:07","guid":{"rendered":"https:\/\/www.europesays.com\/es\/127117\/"},"modified":"2025-09-20T09:32:07","modified_gmt":"2025-09-20T09:32:07","slug":"la-uci-se-desmarca-de-los-planes-desvelados-en-belgica-para-revolucionar-el-ciclismo-desde-este-ano","status":"publish","type":"post","link":"https:\/\/www.europesays.com\/es\/127117\/","title":{"rendered":"La UCI se &#8216;desmarca&#8217; de los planes desvelados en B\u00e9lgica para revolucionar el ciclismo desde este a\u00f1o"},"content":{"rendered":"<p data-mrf-recirculation=\"Links P\u00e1rrafos\" class=\"ue-c-article__paragraph paragraph ue-c-article--first-letter-highlighted\">La <strong>Uni\u00f3n Ciclista Internacional (UCI) <\/strong>se ha visto envuelta en una inesperada pol\u00e9mica tras el anuncio de la <strong>Autoridad de Competencia de B\u00e9lgica (BCA),<\/strong> que el 19 de septiembre comunic\u00f3 la apertura de una investigaci\u00f3n sobre la adopci\u00f3n de un nuevo est\u00e1ndar t\u00e9cnico: la limitaci\u00f3n del desarrollo m\u00e1ximo en las pruebas profesionales de carretera.<\/p>\n<p data-mrf-recirculation=\"Links P\u00e1rrafos\" class=\"ue-c-article__paragraph paragraph\">El foco est\u00e1 puesto en el test que se llevar\u00e1 a cabo en el pr\u00f3ximo Tour de Guangxi, previsto del 14 al 19 de octubre. Dicha prueba piloto fue comunicada por la UCI el pasado 20 de junio y refrendada el 3 de julio, despu\u00e9s de que el Comit\u00e9 de Direcci\u00f3n de la federaci\u00f3n aprobara en su reuni\u00f3n de junio el protocolo espec\u00edfico que permite su aplicaci\u00f3n.<strong> La idea surgi\u00f3 de SafeR, la plataforma que re\u00fane a representantes de ciclistas, equipos, organizadores y la propia UCI, con el objetivo de reforzar la seguridad tanto en el ciclismo masculino como en el femenino.<\/strong><\/p>\n<p data-mrf-recirculation=\"Links P\u00e1rrafos\" class=\"ue-c-article__paragraph paragraph\">Lo que m\u00e1s ha sorprendido a la entidad presidida por David Lappartient es la forma en que se ha hecho p\u00fablica la investigaci\u00f3n. La UCI asegura que todav\u00eda no ha recibido notificaci\u00f3n formal alguna de la denuncia y lamenta las \u201cinexactitudes\u201d contenidas en la nota difundida por la autoridad belga. Entre ellas, recalcan que nunca se ha hablado de introducir cambios inmediatos en el reglamento, sino de analizar los resultados de este ensayo antes de decidir si en 2026 procede continuar con m\u00e1s pruebas o incluso plantear modificaciones normativas.<\/p>\n<p data-mrf-recirculation=\"Links P\u00e1rrafos\" class=\"ue-c-article__paragraph paragraph\">El comunicado del regulador belga tampoco menciona, seg\u00fan la UCI, la esencia del test: explorar f\u00f3rmulas que reduzcan riesgos para los corredores. <strong>\u201cLa seguridad de los ciclistas es una prerrogativa fundamental de cualquier organismo deportivo\u201d, recuerdan desde Aigle.<\/strong><\/p>\n<p data-mrf-recirculation=\"Links P\u00e1rrafos\" class=\"ue-c-article__paragraph paragraph\">Convencida de que su iniciativa se ajusta plenamente a la legislaci\u00f3n europea y belga en materia de competencia, la UCI sostiene que el derecho de la competencia no debe utilizarse para \u201crebajar\u201d est\u00e1ndares regulatorios o de seguridad. En este sentido, insisten en que no se trata de una medida encaminada a alterar la igualdad competitiva entre equipos o marcas, sino de un proyecto de prevenci\u00f3n y protecci\u00f3n de los protagonistas de la carretera.<\/p>\n<p data-mrf-recirculation=\"Links P\u00e1rrafos\" class=\"ue-c-article__paragraph paragraph\">La federaci\u00f3n internacional concluye reafirmando su voluntad de seguir trabajando con todas las partes implicadas a trav\u00e9s de SafeR para mejorar la seguridad en el pelot\u00f3n. <strong>Por ahora, no har\u00e1 m\u00e1s comentarios sobre el procedimiento abierto en B\u00e9lgica, aunque lo sucedido anticipa un oto\u00f1o movido en los despachos de un deporte que, de nuevo, vuelve a debatirse entre la innovaci\u00f3n, la regulaci\u00f3n y las tensiones jur\u00eddicas.<\/strong><\/p>\n","protected":false},"excerpt":{"rendered":"La Uni\u00f3n Ciclista Internacional (UCI) se ha visto envuelta en una inesperada pol\u00e9mica tras el anuncio de la&hellip;\n","protected":false},"author":2,"featured_media":127118,"comment_status":"","ping_status":"","sticky":false,"template":"","format":"standard","meta":{"footnotes":""},"categories":[273],"tags":[313,312,168,25,24,23,167],"class_list":{"0":"post-127117","1":"post","2":"type-post","3":"status-publish","4":"format-standard","5":"has-post-thumbnail","7":"category-ciclismo","8":"tag-ciclismo","9":"tag-cycling","10":"tag-deportes","11":"tag-es","12":"tag-espana","13":"tag-spain","14":"tag-sports"},"share_on_mastodon":{"url":"","error":""},"_links":{"self":[{"href":"https:\/\/www.europesays.com\/es\/wp-json\/wp\/v2\/posts\/127117","targetHints":{"allow":["GET"]}}],"collection":[{"href":"https:\/\/www.europesays.com\/es\/wp-json\/wp\/v2\/posts"}],"about":[{"href":"https:\/\/www.europesays.com\/es\/wp-json\/wp\/v2\/types\/post"}],"author":[{"embeddable":true,"href":"https:\/\/www.europesays.com\/es\/wp-json\/wp\/v2\/users\/2"}],"replies":[{"embeddable":true,"href":"https:\/\/www.europesays.com\/es\/wp-json\/wp\/v2\/comments?post=127117"}],"version-history":[{"count":0,"href":"https:\/\/www.europesays.com\/es\/wp-json\/wp\/v2\/posts\/127117\/revisions"}],"wp:featuredmedia":[{"embeddable":true,"href":"https:\/\/www.europesays.com\/es\/wp-json\/wp\/v2\/media\/127118"}],"wp:attachment":[{"href":"https:\/\/www.europesays.com\/es\/wp-json\/wp\/v2\/media?parent=127117"}],"wp:term":[{"taxonomy":"category","embeddable":true,"href":"https:\/\/www.europesays.com\/es\/wp-json\/wp\/v2\/categories?post=127117"},{"taxonomy":"post_tag","embeddable":true,"href":"https:\/\/www.europesays.com\/es\/wp-json\/wp\/v2\/tags?post=127117"}],"curies":[{"name":"wp","href":"https:\/\/api.w.org\/{rel}","templated":true}]}}