{"id":127119,"date":"2025-09-20T09:33:06","date_gmt":"2025-09-20T09:33:06","guid":{"rendered":"https:\/\/www.europesays.com\/es\/127119\/"},"modified":"2025-09-20T09:33:06","modified_gmt":"2025-09-20T09:33:06","slug":"el-plan-de-newey-para-2026-esta-funcionando-y-alonso-lo-sabe","status":"publish","type":"post","link":"https:\/\/www.europesays.com\/es\/127119\/","title":{"rendered":"el plan de Newey para 2026 est\u00e1 funcionando y Alonso lo sabe"},"content":{"rendered":"<p><a href=\"https:\/\/www.grada3.com\/2025\/09\/16\/alonso-victorias-aston-martin-2026\/\" rel=\"nofollow noopener\" target=\"_blank\"><strong>Andy Cowell<\/strong><\/a> parece ser de los m\u00e1s optimistas dentro de <strong>Aston Martin<\/strong> para el pr\u00f3ximo 2026. El CEO de la escuder\u00eda no desaprovecha ninguna de sus comparecencias para comentar las buenas sensaciones que se despenden de la f\u00e1brica, sobre todo, con un <strong>Adrian Newey<\/strong> que est\u00e1 elevando el rendimiento de todos y cada uno de los trabajadores de la f\u00e1brica.<\/p>\n<p>Trabajo sin descanso en Aston Martin<\/p>\n<p><strong>Andy Cowell<\/strong> ha destacado, una vez, el gran trabajo que est\u00e1 haciendo el equipo de cara al pr\u00f3ximo a\u00f1o, pero tambi\u00e9n los socios del equipo de cara ala nueva temporada, como <a href=\"https:\/\/www.grada3.com\/2025\/09\/14\/aston-martin-newey-ventaja-honda\/\" rel=\"nofollow noopener\" target=\"_blank\"><strong>Aramco<\/strong>, <strong>Honda<\/strong> y <strong>Valvoline<\/strong>.<\/a><\/p>\n<p>\u00abEstamos trabajando muy estrechamente con nuestros socios t\u00e9cnicos Aramco, Honda y Valvoline mientras nos esforzamos al m\u00e1ximo de cara a la pr\u00f3xima temporada\u00bb.<\/p>\n<p>La importancia de Adrian Newey<\/p>\n<p>Y la palabra optimismo en Aston Martin va de la mano de <a href=\"https:\/\/www.grada3.com\/2025\/09\/13\/newey-decision-aston-martin-alonso\/\" rel=\"nofollow noopener\" target=\"_blank\"><strong>Adrian Newey<\/strong><\/a>: el ingeniero brit\u00e1nico, el m\u00e1s laureado de la historia de la F1, haciendo campe\u00f3n a cada una de las escuder\u00edas con las que ha trabajado, sigue sorprendiendo a los trabajadores pese a cumplir cinco meses en las oficinas de Silverstone, por su dedicaci\u00f3n, por su \u00e9tica de trabajo y por la forma en entender la configuraci\u00f3n de los monoplazas. Adem\u00e1s, contrario a lo que se dice de <strong>Newey<\/strong>, parece que est\u00e1 siendo muy optimista con los \u00faltimos resultados de las pruebas realizadas.<\/p>\n<p>\u00abEl director t\u00e9cnico Adrian Newey ha dado un gran impulso al enfoque que est\u00e1 adoptando el equipo y la gente est\u00e1 disfrutando de su trabajo; est\u00e1n sonriendo con los resultados que est\u00e1n viendo\u00bb.<\/p>\n<p>\u00abNo lleva mucho tiempo con nosotros, pero el equipo ya puede apreciar su experiencia gracias al impacto que ha tenido desde el principio, y estoy deseando ver c\u00f3mo evoluciona a medida que se integra plenamente y conoce a todo el mundo\u00bb.<\/p>\n<p>Optimizando los recursos<\/p>\n<p><strong>Andy Cowell<\/strong> afirma que los nuevos recursos disponibles est\u00e1n siendo clave para la mejor\u00eda del equipo. El equipo trabaja d\u00eda a d\u00eda con lo que tiene disponible, y esto no solo es en el coche, tambi\u00e9n en que los trabajadores est\u00e9n completamente integrados, aprendan y as\u00ed puedan aportar m\u00e1s de cara a este nuevo proyecto.<\/p>\n<p>\u00abNos estamos centrando en lo que podemos hacer d\u00eda a d\u00eda para garantizar que el rendimiento del <strong>AMR26<\/strong> sea lo m\u00e1s alto posible, pero tambi\u00e9n en c\u00f3mo podemos seguir mejorando todo lo que tenemos a nuestra disposici\u00f3n, ya sea optimizando las herramientas de vanguardia con las que contamos, formando a nuestro personal para que pueda sacar el m\u00e1ximo partido a esas nuevas herramientas o perfeccionando los m\u00e9todos de ingenier\u00eda que utilizamos\u00bb<\/p>\n<p>Cowell pone en valor el gran esfuerzo que ha hecho la escuder\u00eda,<strong> Lawrence Stroll<\/strong> concretamente, en poner a disposici\u00f3n de la f\u00e1brica, todos los recursos necesarios para que Aston Martin se convierta en un aspirante al t\u00edtulo. Destaca el gran aporte de las nuevas incorporaciones, que deber\u00edan ayudar en la progresi\u00f3n.<\/p>\n<p>\u00abA t\u00edtulo personal, poder trabajar con personas como <strong>Enrico<\/strong>, <strong>Adrian<\/strong> y todas las dem\u00e1s mentes fant\u00e1sticas que tenemos en el equipo, mientras luchamos por llevar a <strong>Aston Martin Aramco<\/strong> a la cabeza de la parrilla de F\u00f3rmula 1, es muy emocionante\u00bb.<\/p>\n<p>La temporada 2025 est\u00e1 en la recta final, pero los equipos ya miran, desde hace mucho, al 2026. El nuevo reglamento supone un reto, pero tambi\u00e9n una gran oportunidad para todos los equipos. Aston Martin quiere llegar a estar con los mejores, luchar por carreras y luchas por el campeonato. No ser\u00e1 nada sencillo lograrlo, a\u00fan queda mucho por mejorar y poco tiempo para poder hacerlo, pero con <strong>Adrian<\/strong> <strong>Newey<\/strong>, todos ven que las opciones son algo m\u00e1s que un deseo, pueden ser reales.<\/p>\n","protected":false},"excerpt":{"rendered":"Andy Cowell parece ser de los m\u00e1s optimistas dentro de Aston Martin para el pr\u00f3ximo 2026. El CEO&hellip;\n","protected":false},"author":2,"featured_media":127120,"comment_status":"","ping_status":"","sticky":false,"template":"","format":"standard","meta":{"footnotes":""},"categories":[270],"tags":[168,25,24,306,271,272,23,167],"class_list":{"0":"post-127119","1":"post","2":"type-post","3":"status-publish","4":"format-standard","5":"has-post-thumbnail","7":"category-formula-1","8":"tag-deportes","9":"tag-es","10":"tag-espana","11":"tag-f1","12":"tag-formula-1","13":"tag-formula1","14":"tag-spain","15":"tag-sports"},"share_on_mastodon":{"url":"","error":""},"_links":{"self":[{"href":"https:\/\/www.europesays.com\/es\/wp-json\/wp\/v2\/posts\/127119","targetHints":{"allow":["GET"]}}],"collection":[{"href":"https:\/\/www.europesays.com\/es\/wp-json\/wp\/v2\/posts"}],"about":[{"href":"https:\/\/www.europesays.com\/es\/wp-json\/wp\/v2\/types\/post"}],"author":[{"embeddable":true,"href":"https:\/\/www.europesays.com\/es\/wp-json\/wp\/v2\/users\/2"}],"replies":[{"embeddable":true,"href":"https:\/\/www.europesays.com\/es\/wp-json\/wp\/v2\/comments?post=127119"}],"version-history":[{"count":0,"href":"https:\/\/www.europesays.com\/es\/wp-json\/wp\/v2\/posts\/127119\/revisions"}],"wp:featuredmedia":[{"embeddable":true,"href":"https:\/\/www.europesays.com\/es\/wp-json\/wp\/v2\/media\/127120"}],"wp:attachment":[{"href":"https:\/\/www.europesays.com\/es\/wp-json\/wp\/v2\/media?parent=127119"}],"wp:term":[{"taxonomy":"category","embeddable":true,"href":"https:\/\/www.europesays.com\/es\/wp-json\/wp\/v2\/categories?post=127119"},{"taxonomy":"post_tag","embeddable":true,"href":"https:\/\/www.europesays.com\/es\/wp-json\/wp\/v2\/tags?post=127119"}],"curies":[{"name":"wp","href":"https:\/\/api.w.org\/{rel}","templated":true}]}}