{"id":127123,"date":"2025-09-20T09:35:09","date_gmt":"2025-09-20T09:35:09","guid":{"rendered":"https:\/\/www.europesays.com\/es\/127123\/"},"modified":"2025-09-20T09:35:09","modified_gmt":"2025-09-20T09:35:09","slug":"la-reflexion-del-dt-de-real-madrid-tras-el-ataque-de-furia-de-simeone-con-los-hinchas-de-liverpool-en-la-champions","status":"publish","type":"post","link":"https:\/\/www.europesays.com\/es\/127123\/","title":{"rendered":"La reflexi\u00f3n del DT de Real Madrid tras el ataque de furia de Simeone con los hinchas de Liverpool en la Champions"},"content":{"rendered":"<p><img alt=\"Xabi Alonso opin\u00f3 de la\" class=\"global-image\" decoding=\"async\" fetchpriority=\"high\" height=\"3726\" loading=\"eager\" src=\"https:\/\/www.europesays.com\/es\/wp-content\/uploads\/2025\/09\/K4LK6NRYWRHI3E3GMBW7EYRXIY.JPG\" width=\"5259\"\/>Xabi Alonso opin\u00f3 de la pol\u00e9mica que tuvo lugar en este inicio de la Champions (Cr\u00e9dito: Reuters\/Juan Medina)<\/p>\n<p class=\"paragraph\">El estreno del <b>Atl\u00e9tico de Madrid<\/b> en la Fase Liga de la <b>UEFA Champions League<\/b> termin\u00f3 en pol\u00e9mica por la expulsi\u00f3n de <b>Diego Simeone<\/b> en el cierre de <a href=\"https:\/\/www.infobae.com\/deportes\/2025\/09\/17\/el-atletico-de-madrid-del-cholo-simeone-visitara-al-liverpool-en-su-debut-en-la-champions-league-hora-tv-y-formaciones\/\" target=\"_blank\" rel=\"noreferrer nofollow noopener\" title=\"https:\/\/www.infobae.com\/deportes\/2025\/09\/17\/el-atletico-de-madrid-del-cholo-simeone-visitara-al-liverpool-en-su-debut-en-la-champions-league-hora-tv-y-formaciones\/\">la ca\u00edda 3-2 ante <b>Liverpool <\/b>en Anfield<\/a> despu\u00e9s de ser captado discutiendo con los hinchas locales en medio del gol sobre la hora de <b>Virgil van Dijk<\/b>. El Cholo vincul\u00f3 su reacci\u00f3n a haber sido insultado durante todo el partido por los plate\u00edstas y el entrenador del <b>Real Madrid<\/b>, <b>Xabi Alonso<\/b>, tuvo su propia reflexi\u00f3n de lo acontecido en Inglaterra.<\/p>\n<p class=\"paragraph\">El ex DT del <b>Bayer Leverkusen<\/b> analiz\u00f3 este episodio en la conferencia de prensa previa al encuentro de este s\u00e1bado a las 11:15 (hora argentina) contra <b>Espanyol <\/b>en el Estadio Santiago Bernab\u00e9u por la quinta fecha de <b>La Liga de Espa\u00f1a<\/b>. <b>\u201cNo he tenido demasiados episodios pero en los campos de f\u00fatbol hace tiempo que se ha ido de las manos esto\u201d<\/b>, lanz\u00f3 Alonso con una clara cr\u00edtica sobre los l\u00edmites que se han sobrepasado desde el respeto entre fan\u00e1ticos y protagonistas.<\/p>\n<p class=\"paragraph\">Esta consulta se gener\u00f3 a partir de que <b>Simeone <\/b>lanz\u00f3 una airada queja por la actitud de los simpatizantes, quienes aparentemente le habr\u00edan gritado el gol de la victoria en la cara. Sus colaboradores intervinieron para alejarlo del foco de conflicto junto con la seguridad privada y el Cholo le hizo <b>gestos elocuentes al cuarto \u00e1rbitro en cuanto a que el p\u00fablico local lo habr\u00eda insultado y celebrado el 3-2 final de manera desmedida<\/b>. <b>Su reacci\u00f3n le cost\u00f3 una tarjeta roja <\/b>(ya ten\u00eda una amarilla por protestas) mostrada por el juez principal Maurizio Mariani.<\/p>\n<p class=\"paragraph\">*La reacci\u00f3n de Simeone tras el 3-2 de Van Dijk<\/p>\n<p class=\"paragraph\">El conductor del Colchonero tuvo duras palabras a lo acontecido en el campo de juego en charla con Movistar TV: \u201c<b>Vienen hablando de cuidar el espect\u00e1culo, pero <\/b><a href=\"https:\/\/www.infobae.com\/deportes\/2025\/09\/17\/el-ataque-de-furia-de-simeone-la-pelea-con-el-publico-del-liverpool-tras-el-gol-que-decreto-la-caida-del-atletico-en-la-champions\/\" target=\"_blank\" rel=\"noreferrer nofollow noopener\" title=\"https:\/\/www.infobae.com\/deportes\/2025\/09\/17\/el-ataque-de-furia-de-simeone-la-pelea-con-el-publico-del-liverpool-tras-el-gol-que-decreto-la-caida-del-atletico-en-la-champions\/\"><b>te insultan todo el partido desde atr\u00e1s<\/b><\/a><b> <\/b>y no puedo decir nada, porque soy el entrenador. No es justificable mi reacci\u00f3n al insulto, <b>pero no sabes lo que es 90 minutos insultado sin parar<\/b>\u201d.<\/p>\n<p class=\"paragraph\">\u201cCon el gol del rival justo das vuelta, te siguen insultando y con la tensi\u00f3n pasa lo que pasa. <b>El \u00e1rbitro me dijo que me entend\u00eda, pero ojal\u00e1 que el Liverpool <\/b>lo pueda mejorar y si identifican a quien hizo eso, tenga sus consecuencias\u201d, a\u00f1adi\u00f3 en declaraciones recogidas por Marca.<\/p>\n<p class=\"paragraph\">M\u00e1s adelante, Diego Simeone sigui\u00f3 su catarsis: \u201c<b>Fueron insultos todo el partido y luego gesto incluido (el dedo mayor elevado), pero bueno el que tengo que estar calmado soy yo y soportar todo<\/b>: insultos, gestos, porque est\u00e1s en un lugar en el que te toca. <b>Igual que luchamos contra el racismo igual podr\u00edamos mirar esto, porque no tenemos derecho a reaccionar <\/b>y no es f\u00e1cil estar rodeados e insultados todo el partido. Y soy una persona\u201d.<\/p>\n<p class=\"paragraph\">Horas despu\u00e9s, el fan\u00e1tico del <b>Liverpool <\/b>que desat\u00f3 la ira del argentino sali\u00f3 a hablar sobre su tenso cruce. Manifest\u00f3 que el cuerpo t\u00e9cnico del <b>Atl\u00e9tico Madrid<\/b> festej\u00f3 el 2-2 del cuadro espa\u00f1ol de manera efusiva contra la afici\u00f3n local y provoc\u00f3 el enojo de la grada. Bajo ese contexto, <b>Jonny Poulter<\/b>, como se identific\u00f3 la persona aludida, \u00fanicamente <a href=\"https:\/\/www.infobae.com\/deportes\/2025\/09\/18\/el-fanatico-del-liverpool-que-desato-la-ira-del-cholo-simeone-hablo-sobre-el-tenso-cruce-con-el-dt-creo-que-fue-un-poco-cobarde\/\" target=\"_blank\" rel=\"noreferrer nofollow noopener\" title=\"https:\/\/www.infobae.com\/deportes\/2025\/09\/18\/el-fanatico-del-liverpool-que-desato-la-ira-del-cholo-simeone-hablo-sobre-el-tenso-cruce-con-el-dt-creo-que-fue-un-poco-cobarde\/\">realiz\u00f3 un gesto obsceno dirigido a <b>Simeone<\/b><\/a>, acompa\u00f1ado de la frase <b>\u201cvete a la mierda\u201d<\/b>, negando cualquier otro tipo de insulto.<\/p>\n<p>Un fan\u00e1tico del Liverpool aclar\u00f3 cu\u00e1l fue su exabrupto con Simeone<\/p>\n<p class=\"paragraph\">En este sentido, <b>Xabi Alonso<\/b> alert\u00f3 la necesidad de erradicar este tipo de actitudes de una cancha de f\u00fatbol: \u201c<b>En un mundo ideal no tendr\u00edamos que sufrir esas situaciones. Yo no me quejo, no lo sufro demasiado, pero otros compa\u00f1eros las sufren m\u00e1s<\/b> y desgraciadamente hay que saber convivir con ello o te saca un poquito de la situaci\u00f3n en la que tienes que estar m\u00e1s metido y <b>se ven situaciones desagradables<\/b>\u201d.<\/p>\n<p class=\"paragraph\">Real Madrid afrontar\u00e1 un duelo clave contra el Espanyol para seguir en la cima del f\u00fatbol espa\u00f1ol. Actualmente, es el l\u00edder con 12 puntos, con 2 de ventaja sobre el rival de este s\u00e1bado y Barcelona. El martes 23 visitar\u00e1 al Levante desde las 16:30 y el s\u00e1bado 27 a las 11:15 se ver\u00e1 las caras con <b>Diego Simeone<\/b> en el derbi contra el Atl\u00e9tico de Madrid.<\/p>\n","protected":false},"excerpt":{"rendered":"Xabi Alonso opin\u00f3 de la pol\u00e9mica que tuvo lugar en este inicio de la Champions (Cr\u00e9dito: Reuters\/Juan Medina)&hellip;\n","protected":false},"author":2,"featured_media":127124,"comment_status":"","ping_status":"","sticky":false,"template":"","format":"standard","meta":{"footnotes":""},"categories":[268],"tags":[168,25,24,406,280,282,205,281,23,3020,167],"class_list":{"0":"post-127123","1":"post","2":"type-post","3":"status-publish","4":"format-standard","5":"has-post-thumbnail","7":"category-futbol","8":"tag-deportes","9":"tag-es","10":"tag-espana","11":"tag-europe","12":"tag-football","13":"tag-futbol","14":"tag-madrid","15":"tag-soccer","16":"tag-spain","17":"tag-sport","18":"tag-sports"},"share_on_mastodon":{"url":"","error":""},"_links":{"self":[{"href":"https:\/\/www.europesays.com\/es\/wp-json\/wp\/v2\/posts\/127123","targetHints":{"allow":["GET"]}}],"collection":[{"href":"https:\/\/www.europesays.com\/es\/wp-json\/wp\/v2\/posts"}],"about":[{"href":"https:\/\/www.europesays.com\/es\/wp-json\/wp\/v2\/types\/post"}],"author":[{"embeddable":true,"href":"https:\/\/www.europesays.com\/es\/wp-json\/wp\/v2\/users\/2"}],"replies":[{"embeddable":true,"href":"https:\/\/www.europesays.com\/es\/wp-json\/wp\/v2\/comments?post=127123"}],"version-history":[{"count":0,"href":"https:\/\/www.europesays.com\/es\/wp-json\/wp\/v2\/posts\/127123\/revisions"}],"wp:featuredmedia":[{"embeddable":true,"href":"https:\/\/www.europesays.com\/es\/wp-json\/wp\/v2\/media\/127124"}],"wp:attachment":[{"href":"https:\/\/www.europesays.com\/es\/wp-json\/wp\/v2\/media?parent=127123"}],"wp:term":[{"taxonomy":"category","embeddable":true,"href":"https:\/\/www.europesays.com\/es\/wp-json\/wp\/v2\/categories?post=127123"},{"taxonomy":"post_tag","embeddable":true,"href":"https:\/\/www.europesays.com\/es\/wp-json\/wp\/v2\/tags?post=127123"}],"curies":[{"name":"wp","href":"https:\/\/api.w.org\/{rel}","templated":true}]}}