{"id":127125,"date":"2025-09-20T09:36:12","date_gmt":"2025-09-20T09:36:12","guid":{"rendered":"https:\/\/www.europesays.com\/es\/127125\/"},"modified":"2025-09-20T09:36:12","modified_gmt":"2025-09-20T09:36:12","slug":"las-confesiones-de-los-famosos-en-la-fiesta-vip-del-zinemaldia-he-pensado-mudarme-de-madrid-a-san-sebastian","status":"publish","type":"post","link":"https:\/\/www.europesays.com\/es\/127125\/","title":{"rendered":"Las confesiones de los famosos en la fiesta VIP del Zinemaldia: \u00abHe pensado mudarme de Madrid a San Sebasti\u00e1n\u00bb"},"content":{"rendered":"<p><img fetchpriority=\"high\" class=\"v-a-img\" src=\"https:\/\/www.europesays.com\/es\/wp-content\/uploads\/2025\/09\/vd-koeC-U2302991174585DfB-1200x840@Diario Vasco.jpg\" loading=\"eager\" decoding=\"async\" alt=\"Las confesiones de los famosos en la fiesta VIP del Zinemaldia: \u00abHe pensado mudarme de Madrid a San Sebasti\u00e1n\u00bb\"  width=\"1200\" height=\"840\"\/><\/p>\n<p>Un sinf\u00edn de rostros conocidos de la moda, sociedad y cine disfrutaron en Tabakalera de la gala de Vanity Fair &amp; Armani Beauty<\/p>\n<p class=\"v-mdl-ath__p v-mdl-ath__p--6\">\nS\u00e1bado, 20 de septiembre 2025, 09:06<\/p>\n<p class=\"v-p\">San Sebasti\u00e1n se llena de estrellas. Este viernes, la <a href=\"https:\/\/www.diariovasco.com\/culturas\/zinemaldia\/lluvia-estrellas-tabakalera-20250919233228-ga.html\" target=\"_blank\" title=\"www.diariovasco.com\" data-voc-vtm-id=\"in-text-traffic\" data-mrf-link=\"www.diariovasco.com\" rel=\"nofollow noopener\">gala de Vanity Fair &amp; Armani Beauty celebrada en Tabakalera<\/a> congreg\u00f3 a algunos de los rostros m\u00e1s conocidos del cine, moda y sociedad. Desde Eugenia Silva a Miguel \u00c1ngel Silvestre, nadie quiso perderse la fiesta que un a\u00f1o m\u00e1s sirve de pistoletazo de salida del Festival de Cine de San Sebasti\u00e1n.<\/p>\n<p class=\"v-p\">Desde aproximadamente las 21.45 horas, un sinf\u00edn de famosos comenzaron a desfilar por la alfombra roja del photocall de Tabakalera. Clara Lago, Mar\u00eda Pombo, Fernando Llorente, Silvia Abascal y muchas otras personalidades que posaron ante las c\u00e1mara y atendieron a este peri\u00f3dico en un evento que ya empieza a convertirse en tradici\u00f3n del Zinemaldia.<\/p>\n<p><a href=\"http:\/\/www.diariovasco.com\/culturas\/zinemaldia\/lluvia-estrellas-tabakalera-20250919233228-ga.html#vtm_modulosEngag=mod-rel:culturas:noticia:1:cmp:1-not\" class=\"v-a-link\" title=\"Las fotos de la fiesta de Vanity Fair y Armani en Tabakalera: Miguel \u00c1ngel Silvestre, Andr\u00e9s Veloncoso, Mar\u00eda Pombo...\" rel=\"nofollow noopener\" target=\"_blank\"><br \/>\n<img decoding=\"async\" loading=\"lazy\" src=\"https:\/\/www.europesays.com\/es\/wp-content\/uploads\/2025\/09\/1500978849-k7PF--1200x840@Diario Vasco.JPG\" class=\"v-a-img\" width=\"258\" height=\"180\" alt=\"Las fotos de la fiesta de Vanity Fair y Armani en Tabakalera: Miguel \u00c1ngel Silvestre, Andr\u00e9s Veloncoso, Mar\u00eda Pombo...\"\/><\/p>\n<p><\/a><\/p>\n<p class=\"v-p\">\u00abCada a\u00f1o que vengo recuerdo la suerte que tengo. Este es un festival muy especial, para m\u00ed el m\u00e1s bonito\u00bb, se\u00f1alaba la actriz burgalesa y protagonista de Patria, Loreto Maule\u00f3n.<\/p>\n<p class=\"v-p\">Una de las apariciones m\u00e1s especiales fua la de Clara Galle, estrella emergente de Netflix en los \u00faltimos a\u00f1os que confes\u00f3 la ilusi\u00f3n que le hace pasar de un lado al otro de las barandillas.<\/p>\n<p class=\"v-p\">\u00abYo ven\u00eda todo lo fines de semana cada a\u00f1o desde Pamplona. Es un honor, de peque\u00f1a mi madre me tra\u00eda siempre a esperar a los actores en el Hotel Mar\u00eda Cristina y ahora estoy aqu\u00ed\u00bb, comentaba orgullosa y algo emocionada.<\/p>\n<p class=\"v-p\">Una ciudad que genera ilusi\u00f3n en mucho actores y actrices como tambi\u00e9n es el caso de Andrea Duro que revel\u00f3 haberse planteado incluso mudarse a Donostia. \u00ab\u00bfY si me voy de Madrid y me mudo a San Sebasti\u00e1n? Esta ciudad es acogedora y lo tiene todo\u00bb.<\/p>\n<p class=\"v-p\">Algo similar a lo que experimenta Andr\u00e9s Velencoso cada vez que llega a la capital guipuzcoana como el mismo desvel\u00f3 ante la c\u00e1mara de este peri\u00f3dico. \u00abMe encanta. Y siempre que vengo lo primero que hago es, como ya he hecho esta tarde, darme un paseo por la playa de La Concha y la bah\u00eda\u00bb.<\/p>\n<p>Comenta<\/p>\n<p>Reporta un error<\/p>\n","protected":false},"excerpt":{"rendered":"Un sinf\u00edn de rostros conocidos de la moda, sociedad y cine disfrutaron en Tabakalera de la gala de&hellip;\n","protected":false},"author":2,"featured_media":127126,"comment_status":"","ping_status":"","sticky":false,"template":"","format":"standard","meta":{"footnotes":""},"categories":[174],"tags":[255,146,147,25,24,256,40405,23,37127,24803],"class_list":{"0":"post-127125","1":"post","2":"type-post","3":"status-publish","4":"format-standard","5":"has-post-thumbnail","7":"category-famosos","8":"tag-celebrities","9":"tag-entertainment","10":"tag-entretenimiento","11":"tag-es","12":"tag-espana","13":"tag-famosos","14":"tag-festival-cine-san-sebastian","15":"tag-spain","16":"tag-tabakalera","17":"tag-zinemaldia"},"share_on_mastodon":{"url":"","error":""},"_links":{"self":[{"href":"https:\/\/www.europesays.com\/es\/wp-json\/wp\/v2\/posts\/127125","targetHints":{"allow":["GET"]}}],"collection":[{"href":"https:\/\/www.europesays.com\/es\/wp-json\/wp\/v2\/posts"}],"about":[{"href":"https:\/\/www.europesays.com\/es\/wp-json\/wp\/v2\/types\/post"}],"author":[{"embeddable":true,"href":"https:\/\/www.europesays.com\/es\/wp-json\/wp\/v2\/users\/2"}],"replies":[{"embeddable":true,"href":"https:\/\/www.europesays.com\/es\/wp-json\/wp\/v2\/comments?post=127125"}],"version-history":[{"count":0,"href":"https:\/\/www.europesays.com\/es\/wp-json\/wp\/v2\/posts\/127125\/revisions"}],"wp:featuredmedia":[{"embeddable":true,"href":"https:\/\/www.europesays.com\/es\/wp-json\/wp\/v2\/media\/127126"}],"wp:attachment":[{"href":"https:\/\/www.europesays.com\/es\/wp-json\/wp\/v2\/media?parent=127125"}],"wp:term":[{"taxonomy":"category","embeddable":true,"href":"https:\/\/www.europesays.com\/es\/wp-json\/wp\/v2\/categories?post=127125"},{"taxonomy":"post_tag","embeddable":true,"href":"https:\/\/www.europesays.com\/es\/wp-json\/wp\/v2\/tags?post=127125"}],"curies":[{"name":"wp","href":"https:\/\/api.w.org\/{rel}","templated":true}]}}