{"id":127127,"date":"2025-09-20T09:37:19","date_gmt":"2025-09-20T09:37:19","guid":{"rendered":"https:\/\/www.europesays.com\/es\/127127\/"},"modified":"2025-09-20T09:37:19","modified_gmt":"2025-09-20T09:37:19","slug":"una-expo-muestra-las-obras-que-christo-y-jeanne-claude-no-llegaron-a-realizar","status":"publish","type":"post","link":"https:\/\/www.europesays.com\/es\/127127\/","title":{"rendered":"Una expo muestra las obras que Christo y Jeanne-Claude no llegaron a realizar"},"content":{"rendered":"<p>ExposicionesPor Sof\u00eda Guardiola<\/p>\n<p><img decoding=\"async\" class=\"hero__img--img\" src=\"https:\/\/www.europesays.com\/es\/wp-content\/uploads\/2025\/09\/2cc92e9ed4f2370bb831a0ecdbc4c66a.jpg\" alt=\" &#13;&#10;                \"\/><\/p>\n<p>La galer\u00eda Prats Nogueras Blanchard presenta, en su sede catalana, una exposici\u00f3n que recoge material preparatorio de algunos de los proyectos que la pareja de artistas no pudo llegar a realizar, entre los que se encontraba una intervenci\u00f3n prevista en Barcelona<\/p>\n<p>En el a\u00f1o 1958 Christo era un joven artista b\u00falgaro que hab\u00eda escapado del comunismo de su pa\u00eds natal y que hab\u00eda conseguido, a trav\u00e9s de Praga y Viena, llegar hasta Par\u00eds. Fue entonces cuando recibi\u00f3 lo que, en un primer momento, parec\u00eda un encargo convencional: <strong>una mujer le pidi\u00f3 un retrato de su madre<\/strong>. Lo que ninguno de los dos imaginaba era que, de ese encargo rutinario, nacer\u00eda una de las parejas art\u00edsticas m\u00e1s importantes del siglo XX. Por supuesto, quien le pidi\u00f3 el retrato fue Jeanne-Claude, y la conexi\u00f3n entre ambos fue inmediata.<\/p>\n<p>Ella, que hab\u00eda nacido en Casablanca, se encontraba en la capital francesa continuando sus estudios de Lat\u00edn y Filosof\u00eda iniciados en T\u00fanez, por lo que ambos eran inmigrantes lejos de casa. Adem\u00e1s, pronto descubrieron otra coincidencia: <strong>hab\u00edan nacido el mismo d\u00eda del mismo a\u00f1o<\/strong>, con tan solo unas horas de diferencia.<\/p>\n<p>En cuanto empezaron a crear juntos, se dieron cuenta tambi\u00e9n de que sus personalidades eran complementarias, pues el temperamento art\u00edstico y m\u00e1s ca\u00f3tico de Christo se ve\u00eda favorecido por la mayor organizaci\u00f3n y rigurosidad de Jeanne-Claude, y viceversa.<\/p>\n<p>Durante a\u00f1os, la pareja trabaj\u00f3 firmando sus obras \u00fanicamente bajo el nombre de Christo, aunque en 19994 instauraron la firma <strong>Christo y Jeanne-Claude<\/strong> por la que hoy en d\u00eda se les reconoce.<\/p>\n<p><img decoding=\"async\" src=\"https:\/\/www.europesays.com\/es\/wp-content\/uploads\/2025\/09\/d1f8e49235953ead75771f69ad3c4935.jpg\" alt=\"&#13;&#10;          \"\/><\/p>\n<p>En sus primeros trabajos, realizados durante el inicio de la d\u00e9cada de los 60, ya se reconocen algunas de las caracter\u00edsticas que marcar\u00edan toda su trayectoria posterior: el inter\u00e9s por el Land Art y las intervenciones de gran envergadura, por supuesto, pero tambi\u00e9n la <strong>cr\u00edtica social o pol\u00edtica<\/strong> impl\u00edcita en su trabajo, mezclada con la espectacularidad visual. Es el caso de Wall of Barrels &#8211; The Iron Curtain, una respuesta po\u00e9tica al Muro de Berl\u00edn consistente en <strong>89 barriles de petr\u00f3leo que taponaban la Rue Visconti<\/strong>, en Par\u00eds, realizada en 1962.<\/p>\n<p>Sin embargo, el verdadero salto a la fama \u2014y a las obras megal\u00f3manas\u2014 lo dieron tras su partida a Nueva York en 1964. All\u00ed consiguieron el apoyo del m\u00edtico galerista Leo Castelli y el resto, como suele decirse, es historia. Sin embargo, la pareja, consciente de los enormes desembolsos econ\u00f3micos que implicaban sus trabajos, y de que era demasiado sencillo caer en la necesidad de financiaci\u00f3n privada o subvenciones p\u00fablicas como \u00fanica medida para crear, establecieron un patr\u00f3n de autogesti\u00f3n que les permiti\u00f3 ser m\u00e1s independientes: costeaban sus trabajos mediante los bocetos, collages y dibujos preparatorios que Christo hac\u00eda de las posteriores obras. En ellos se reconoce una forma especial de dibujar, con trazos en\u00e9rgicos y definitivos que casi parecen mostrar enfado.<\/p>\n<p>Las obras que nunca se realizaron<\/p>\n<p>Algunos de esos dibujos previos son los que ahora pueden verse en la exposici\u00f3n Christo &amp; Jeanne Claude, la arquitectura de lo no construido, de la galer\u00eda Prats Nogueras Blanchard, que podr\u00e1 visitarse <strong>hasta el pr\u00f3ximo 14 de noviembre<\/strong> en su sede de Barcelona. En ella, sin embargo, no se abordan sus proyectos m\u00e1s conocidos, como aquel en el que envolvieron el Reichstag alem\u00e1n o Valley Curtain, consistente en una tela de 400 metros que atravesaba, de lado a lado, un valle de las Monta\u00f1as Rocosas. Por el contrario, la muestra se centra en <strong>los proyectos que no pudieron llegar a realizar<\/strong>, que nunca se materializaron.<\/p>\n<p>En el caso de dos artistas como ellos, con obras de grandes dimensiones que requieren la intervenci\u00f3n del espacio p\u00fablico, parece sencillo imaginar por qu\u00e9 algunos de estos trabajos no llegaron a realizarse nunca, y de hecho muchas de sus obras m\u00e1s famosas fueron proyectadas por la pareja d\u00e9cadas antes de poder llevarse a cabo.<\/p>\n<p>Algunos de los problemas m\u00e1s frecuentes eran la falta de permisos, de viabilidad o incluso de seguridad. De hecho, hubo una intervenci\u00f3n de la pareja de artistas causante de <strong>dos accidentes mortales:<\/strong> Umbrellas, de 1991. Esta consist\u00eda en una serie de paraguas de 219 kilos y 3,6 metros situados en emplazamientos al aire libre, por un lado, de California, y por otro de Ibaraki, Jap\u00f3n. En la vertiente estadounidense de la obra, una racha de viento hizo que una de las sombrillas se soltara de su anclaje, arrollando a Lori Mae Matthew, de 33 a\u00f1os, mientras que en la parte nipona un operario, Masaki Nakamura, muri\u00f3 electrocutado cuando, al retirar una de las piezas, esta toc\u00f3 un cable el\u00e9ctrico.<\/p>\n<p>No son ese tipo de tragedias las que alberga la muestra de Prats Nogueras Blanchard, sino las obras que nunca fueron, <strong>las que no salieron siquiera de los en\u00e9rgicos dibujos<\/strong> del b\u00falgaro para hacerse realidad. Entre ellas destaca en la exposici\u00f3n el proyecto para envolver la escultura de Col\u00f3n de la Pla\u00e7a Porta de la Pau, en Barcelona, de la que puede verse un boceto que data de 1976. Lo que pretend\u00edan en este caso era invitar a la reflexi\u00f3n p\u00fablica sobre el descubrimiento de Am\u00e9rica y su posterior conquista, pero no pudo llevarse a cabo por no contar con los permisos necesarios para ello.<\/p>\n<p>Los pol\u00edticos locales llegaron a negarlos hasta en dos ocasiones, igual que sucedi\u00f3 en Madrid cuando presentaron su proyecto de envolver la Puerta de Alcal\u00e1. En la Ciudad Condal, sin embargo, Pascual Maragall dio el benepl\u00e1cito cuando obtuvo la alcald\u00eda de la ciudad en 1984, pero la pareja de artistas ya se hab\u00eda desencantado, y decidieron no realizar la intervenci\u00f3n. Lo que s\u00ed lleg\u00f3 a celebrarse, en el a\u00f1o 1977, fue una muestra en la Galer\u00eda Trece de la ciudad que mostr\u00f3 los dibujos y collages preparatorios, ofreciendo, al menos a sus visitantes, la reflexi\u00f3n que no pudieron proyectar a gran escala para todos los habitantes de la ciudad.<\/p>\n<p><img decoding=\"async\" src=\"https:\/\/www.europesays.com\/es\/wp-content\/uploads\/2025\/09\/d5cf5b6e05ca3eaf9d8d786edb699262.jpg\" alt=\"\"\/>Christo y Jeanne-Claude en su estudio junto a la obra Green Store Front, 1964<img decoding=\"async\" src=\"https:\/\/www.europesays.com\/es\/wp-content\/uploads\/2025\/09\/00c56c7ccf6993dafdb93f51f2058787.jpg\" alt=\"\"\/>Monumento a V\u00edctor Manuel II envuelto en tela, Christo y Jeanne-Claude. Piazza del Duomo, Mil\u00e1n, 1970 Foto: Shunk-Kender \u00a9 Christo and Jeanne-Claude Foundation<img decoding=\"async\" src=\"https:\/\/www.europesays.com\/es\/wp-content\/uploads\/2025\/09\/1622bbfc379a18da649bcaa84cc83581.jpg\" alt=\"\"\/>Wrapped Fountain, Spoleto, Italy. Christo y Jeanne-Claude, 1968 Foto: Carlo Bavagnoli \u00a9 Christo and Jeanne-Claude Foundation<img decoding=\"async\" src=\"https:\/\/www.europesays.com\/es\/wp-content\/uploads\/2025\/09\/2144f5b807570131cfc99388a7a0181b.jpg\" alt=\"\"\/>Valley Curtain, Colorado. Christo y Jeanne-Claude, 1970-1972 Foto: Wolfgang Volz \u00a9 Christo and Jeanne-Claude Foundation<img decoding=\"async\" src=\"https:\/\/www.europesays.com\/es\/wp-content\/uploads\/2025\/09\/b99022b6263a238bceccb697ee39c3a3.jpg\" alt=\"\"\/>Christo en su estudio con los primeros bocetos de Over The River, Nueva York, 1992 Foto: Simon Chaput \u00a9 Christo and Jeanne-Claude Foundation<img decoding=\"async\" src=\"https:\/\/www.europesays.com\/es\/wp-content\/uploads\/2025\/09\/f87ea115b7dcd77845f61e7199de0ac3.jpg\" alt=\"\"\/>Surrounded Islands, Miami. Christo y Jeanne-Claude, 1980-1983 Foto: Wolfgang Volz \u00a9 Christo and Jeanne-Claude Foundation<img decoding=\"async\" src=\"https:\/\/www.europesays.com\/es\/wp-content\/uploads\/2025\/09\/51fa6c6aa1800a9ee01900f1b983ff92.png\" alt=\"\"\/>Christo y Jeanne Claude en su estudio frente a los bocetos de\u00a0Surrounded Islands, Nueva York (1981)<img decoding=\"async\" src=\"https:\/\/www.europesays.com\/es\/wp-content\/uploads\/2025\/09\/47acc1a93ae6f812367070ae60c980f2.jpg\" alt=\"\"\/>The Umbrellas, Christo y Jeanne-Claude. Jap\u00f3n\u2014EEUU, 1984-91 Foto: Wolfgang Volz \u00a9 Christo and Jeanne-Claude Foundation<img decoding=\"async\" src=\"https:\/\/www.europesays.com\/es\/wp-content\/uploads\/2025\/09\/91cfee38b79ce49508112495fa7805d0.jpg\" alt=\"\"\/>Christo en su estudio, trabajando en un dibujo preparatorio para El Arco del Triunfo, Envuelto, Nueva York, 2019 Foto: Anastas Petkov \u00a9 Christo and Jeanne-Claude Foundation<img decoding=\"async\" src=\"https:\/\/www.europesays.com\/es\/wp-content\/uploads\/2025\/09\/fb523209bdbe6836f8e0a9548060ce85.png\" alt=\"\"\/>Wrapped coast, 1968-1969, Christo y Jeanne-Claude.\u00a0<img decoding=\"async\" src=\"https:\/\/www.europesays.com\/es\/wp-content\/uploads\/2025\/09\/dae354b7729511483ac7f362ed4df3a1.png\" alt=\"\"\/>Wrapped Reichstag, Alemania, julio 1985. \u00a9 Wolfgang VolzUn \u00faltimo homenaje<\/p>\n<p>Por supuesto, estos no fueron los \u00fanicos proyectos que nunca llegaron a t\u00e9rmino, pero algunos de ellos no lo hicieron por falta de permisos, sino de tiempo, ya que <strong>Jeanne-Claude muri\u00f3 en el a\u00f1o 2009<\/strong>. Christo, sin embargo, llev\u00f3 a cabo en solitario algunas de las obras que ya hab\u00edan ideado en conjunto, como el \u201cempaquetado\u201d del Arco del Triunfo. Ambos llevaban trabajando en esta obra desde la d\u00e9cada de los 60, cuando a\u00fan viv\u00edan en la ciudad y comenzaron a realizar sus primeras intervenciones del espacio p\u00fablico, pero no llegaron a materializarse hasta 2021, el mismo a\u00f1o en que el artista falleci\u00f3.<\/p>\n<p>Ahora que los dos han muertos no habr\u00e1 m\u00e1s intervenciones ef\u00edmeras, m\u00e1s monumentos cubiertos por tejidos blancos, similares a s\u00e1banas gigantes, que juegan con el viento y la incidencia de la luz del sol, pero s\u00ed <strong>queda un \u00faltimo proyecto<\/strong>, una obra que puede pasar a engrosar la lista de las ideas nunca realizadas o, por el contrario, acabar construy\u00e9ndose, pues el proyecto sigue activo.<\/p>\n<p>Se trata de la que ser\u00eda <strong>su primera intervenci\u00f3n no ef\u00edmera<\/strong>: la Mastaba de Abu Dabi. La pareja ya realiz\u00f3 varias piezas con esa forma de pir\u00e1mide truncada, y de hecho en 2018 Christo elabor\u00f3 un homenaje a su mujer en Londres, pero siempre hab\u00edan tenido, hasta ahora, car\u00e1cter temporal. La de los Emiratos, sin embargo, est\u00e1 pensada para ser permanente y ya fue proyectada por la pareja en los a\u00f1os 70. Cuando viajaron all\u00ed, escogieron el tono anaranjado que tendr\u00e1n sus ladrillos si este proyecto llega a construirse y realizaron los dibujos preparatorios a trav\u00e9s de los cuales se construir\u00e1 la obra. Un \u00faltimo homenaje para dos artistas que dejan atr\u00e1s mucho m\u00e1s que el recuerdo de intervenciones ef\u00edmeras: una forma novedosa de pensar el paisaje y de utilizarlo como materia prima para la cr\u00edtica social y la reflexi\u00f3n.<\/p>\n","protected":false},"excerpt":{"rendered":"ExposicionesPor Sof\u00eda Guardiola La galer\u00eda Prats Nogueras Blanchard presenta, en su sede catalana, una exposici\u00f3n que recoge material&hellip;\n","protected":false},"author":2,"featured_media":127128,"comment_status":"","ping_status":"","sticky":false,"template":"","format":"standard","meta":{"footnotes":""},"categories":[173],"tags":[229,233,231,230,232,234,146,147,25,24,23],"class_list":{"0":"post-127127","1":"post","2":"type-post","3":"status-publish","4":"format-standard","5":"has-post-thumbnail","7":"category-arte-y-diseno","8":"tag-arte","9":"tag-arte-y-diseno","10":"tag-arts","11":"tag-arts-and-design","12":"tag-design","13":"tag-diseno","14":"tag-entertainment","15":"tag-entretenimiento","16":"tag-es","17":"tag-espana","18":"tag-spain"},"share_on_mastodon":{"url":"","error":""},"_links":{"self":[{"href":"https:\/\/www.europesays.com\/es\/wp-json\/wp\/v2\/posts\/127127","targetHints":{"allow":["GET"]}}],"collection":[{"href":"https:\/\/www.europesays.com\/es\/wp-json\/wp\/v2\/posts"}],"about":[{"href":"https:\/\/www.europesays.com\/es\/wp-json\/wp\/v2\/types\/post"}],"author":[{"embeddable":true,"href":"https:\/\/www.europesays.com\/es\/wp-json\/wp\/v2\/users\/2"}],"replies":[{"embeddable":true,"href":"https:\/\/www.europesays.com\/es\/wp-json\/wp\/v2\/comments?post=127127"}],"version-history":[{"count":0,"href":"https:\/\/www.europesays.com\/es\/wp-json\/wp\/v2\/posts\/127127\/revisions"}],"wp:featuredmedia":[{"embeddable":true,"href":"https:\/\/www.europesays.com\/es\/wp-json\/wp\/v2\/media\/127128"}],"wp:attachment":[{"href":"https:\/\/www.europesays.com\/es\/wp-json\/wp\/v2\/media?parent=127127"}],"wp:term":[{"taxonomy":"category","embeddable":true,"href":"https:\/\/www.europesays.com\/es\/wp-json\/wp\/v2\/categories?post=127127"},{"taxonomy":"post_tag","embeddable":true,"href":"https:\/\/www.europesays.com\/es\/wp-json\/wp\/v2\/tags?post=127127"}],"curies":[{"name":"wp","href":"https:\/\/api.w.org\/{rel}","templated":true}]}}