{"id":127133,"date":"2025-09-20T09:41:07","date_gmt":"2025-09-20T09:41:07","guid":{"rendered":"https:\/\/www.europesays.com\/es\/127133\/"},"modified":"2025-09-20T09:41:07","modified_gmt":"2025-09-20T09:41:07","slug":"es-una-de-las-comedias-espanolas-mas-taquilleras-de-la-historia-y-javier-fesser-va-a-dirigir-su-continuacion","status":"publish","type":"post","link":"https:\/\/www.europesays.com\/es\/127133\/","title":{"rendered":"Es una de las comedias espa\u00f1olas m\u00e1s taquilleras de la historia y Javier Fesser va a dirigir su continuaci\u00f3n"},"content":{"rendered":"<p class=\"c-paragraph\"><b\/>Pocas pel\u00edculas han tenido m\u00e1s remakes, y con una procedencia m\u00e1s variada, que la <b>Perfectos desconocidos <\/b>original. Una comedia italiana, escrita y dirigida por <b>Paolo Genovese<\/b>, que en en 2016 encandil\u00f3 al p\u00fablico con su tensa historia de un grupo de amigos sin aparentemente<b> \u201cnada que ocultar<\/b>\u201d que en el transcurso de una noche se enzarzaban en una batalla campal. Todo por el simple gesto de colocar sus m\u00f3viles encima de la mesa, a la vista de los dem\u00e1s. En<b> Telecinco Cinema <\/b>se olieron el pelotazo y un a\u00f1o despu\u00e9s ya ten\u00edamos versi\u00f3n patria de Perfectos desconocidos, dirigida nada menos que por <b>\u00c1lex de la Iglesia<\/b>.<\/p>\n<p class=\"c-paragraph\">El proyecto convoc\u00f3 un gran reparto: <b>Eduard Fern\u00e1ndez, Ernesto Alterio, Bel\u00e9n Rueda, Eduardo Noriega, Dafne Fern\u00e1ndez, Juana Acosta<\/b> y <b>Pep\u00f3n Nieto<\/b> integraron este grupo de amigos en descomposici\u00f3n. A d\u00eda de hoy, el taquillazo correspondiente ha metido a Perfectos desconocidos en el <b>Top 10<\/b> de las pel\u00edculas m\u00e1s exitosas de la historia de Espa\u00f1a, mientras la idea original de Genovese ha seguido adapt\u00e1ndose fuera de sus fronteras. Hay versi\u00f3n griega, japonesa, coreana y francesa de Perfectos desconocidos, a todo lo cual habr\u00eda que sumar ahora la repentina decisi\u00f3n de Telecinco Cinema de darle continuaci\u00f3n a su versi\u00f3n.\u00a0<\/p>\n<p class=\"c-paragraph\">Perfectos desconocidos va a tener secuela. O algo as\u00ed. En realidad se habla de\u00a0spin-off, pues solo se centrar\u00eda en dos personajes del film inicial: la pareja de Ana y Antonio (Juana Acosta y Ernesto Alterio), que intentar\u00edan reparar su relaci\u00f3n tras la traum\u00e1tica noche que vimos en Perfectos desconocidos. La pel\u00edcula se titula<b> <\/b><b>Perfectos conocidos<\/b> y se centrar\u00eda en un viaje aparentemente id\u00edlico que ambos inician para dejar sus rencillas atr\u00e1s, y que tras un giro inquietante les pone en peligro de muerte.<\/p>\n<p class=\"c-paragraph\">De Perfectos desconocidos solo volver\u00edan Acosta y Alterio, acompa\u00f1ados ahora de figuras como <b>Elena Irureta o Miguel Rell\u00e1n<\/b>. Lo m\u00e1s interesante de la propuesta, sin embargo, es qui\u00e9n se encargar\u00e1 de dirigirla: nada menos que<b> Javier Fesser<\/b>, el popular director espa\u00f1ol que ha ganado <b>siete Goyas <\/b>a lo largo de su carrera y es el responsable de dos exitosas pel\u00edculas de <b>Campeones<\/b>, dos adaptaciones de <b>Mortadelo y Filem\u00f3n<\/b> y otros t\u00edtulos como <b>El milagro de P. Tinto<\/b> o <b>Camino<\/b>. A principios de este mismo a\u00f1o Fesser debut\u00f3 en el mundo de las series con <b>Custodia repartida<\/b> (disponible en<b> Disney+<\/b>), proyecto que enlaza con Perfectos conocidos.<\/p>\n<p class=\"c-paragraph\">\u00bfPor qu\u00e9? Porque sus guionistas son los mismos que los de Custodia repartida, <b>Mar\u00eda M\u00ednguez y Juanjo Moscard\u00f3<\/b>. Fesser volver\u00e1 a hacer equipo con ellos en una nueva\u00a0producci\u00f3n de Telecinco que distribuir\u00e1 Universal. <b>Guislain Barrois<\/b>, CEO de Telecinco Cinema, ya se ha hecho eco de lo mucho que conf\u00edan en este inesperado\u00a0spin-off.<\/p>\n<p class=\"c-paragraph\">\u201cTras el \u00e9xito de Perfectos desconocidos hemos buscado una nueva historia a la altura de la original, hasta llegar a la convicci\u00f3n de que deb\u00edamos apostar por <b>un cambio radical<\/b>\u201d, asegura. \u201cPerfectos conocidos no es una segunda parte sino una nueva historia derivada en torno a dos de sus personajes, Antonio y Ana, en la que cambiamos los lazos de amistad por los familiares y los secretos afloran no por un arriesgado juego con los m\u00f3viles sino por la certeza de <b>una muerte inminente<\/b>\u201d.<\/p>\n<p class=\"c-paragraph\">\u201cAdem\u00e1s, le proporcionamos una nueva mirada detr\u00e1s de la c\u00e1mara y un nuevo reparto que aporte una personalidad propia a la trama\u201d. Todav\u00eda no hay fecha de estreno para Perfectos conocidos, pero empezar\u00e1 a rodarse a finales de septiembre entre <b>Madrid y Tenerife<\/b>, y no deber\u00edamos esperar mucho a tenerla en salas.<\/p>\n","protected":false},"excerpt":{"rendered":"Pocas pel\u00edculas han tenido m\u00e1s remakes, y con una procedencia m\u00e1s variada, que la Perfectos desconocidos original. Una&hellip;\n","protected":false},"author":2,"featured_media":127134,"comment_status":"","ping_status":"","sticky":false,"template":"","format":"standard","meta":{"footnotes":""},"categories":[169],"tags":[177,41192,11914,146,147,25,24,41191,176,5264,175,23,20877],"class_list":{"0":"post-127133","1":"post","2":"type-post","3":"status-publish","4":"format-standard","5":"has-post-thumbnail","7":"category-cine","8":"tag-cine","9":"tag-continuacion","10":"tag-dirigira","11":"tag-entertainment","12":"tag-entretenimiento","13":"tag-es","14":"tag-espana","15":"tag-fesser","16":"tag-film","17":"tag-javier","18":"tag-movies","19":"tag-spain","20":"tag-una"},"share_on_mastodon":{"url":"","error":""},"_links":{"self":[{"href":"https:\/\/www.europesays.com\/es\/wp-json\/wp\/v2\/posts\/127133","targetHints":{"allow":["GET"]}}],"collection":[{"href":"https:\/\/www.europesays.com\/es\/wp-json\/wp\/v2\/posts"}],"about":[{"href":"https:\/\/www.europesays.com\/es\/wp-json\/wp\/v2\/types\/post"}],"author":[{"embeddable":true,"href":"https:\/\/www.europesays.com\/es\/wp-json\/wp\/v2\/users\/2"}],"replies":[{"embeddable":true,"href":"https:\/\/www.europesays.com\/es\/wp-json\/wp\/v2\/comments?post=127133"}],"version-history":[{"count":0,"href":"https:\/\/www.europesays.com\/es\/wp-json\/wp\/v2\/posts\/127133\/revisions"}],"wp:featuredmedia":[{"embeddable":true,"href":"https:\/\/www.europesays.com\/es\/wp-json\/wp\/v2\/media\/127134"}],"wp:attachment":[{"href":"https:\/\/www.europesays.com\/es\/wp-json\/wp\/v2\/media?parent=127133"}],"wp:term":[{"taxonomy":"category","embeddable":true,"href":"https:\/\/www.europesays.com\/es\/wp-json\/wp\/v2\/categories?post=127133"},{"taxonomy":"post_tag","embeddable":true,"href":"https:\/\/www.europesays.com\/es\/wp-json\/wp\/v2\/tags?post=127133"}],"curies":[{"name":"wp","href":"https:\/\/api.w.org\/{rel}","templated":true}]}}