{"id":127144,"date":"2025-09-20T09:47:06","date_gmt":"2025-09-20T09:47:06","guid":{"rendered":"https:\/\/www.europesays.com\/es\/127144\/"},"modified":"2025-09-20T09:47:06","modified_gmt":"2025-09-20T09:47:06","slug":"un-ciberataque-causa-retrasos-y-cancelaciones-en-los-aeropuertos-de-berlin-bruselas-y-heathrow-londres-economia","status":"publish","type":"post","link":"https:\/\/www.europesays.com\/es\/127144\/","title":{"rendered":"Un ciberataque causa retrasos y cancelaciones en los aeropuertos de Berl\u00edn, Bruselas y Heathrow (Londres) | Econom\u00eda"},"content":{"rendered":"<p class=\"\">Un ciberataque en la noche del s\u00e1bado al domingo ha afectado al funcionamiento de los aeropuertos de Bruselas, Berl\u00edn o Heathrow (Londres). El ciberataque, contra un proveedor de servicios de facturaci\u00f3n y embarque, ha provocado retrasos y cancelaciones de vuelos. El aeropuerto de Zaventem, en la capital belga, ha advertido de \u201cdificultades\u201d en las operaciones para este s\u00e1bado y ha pedido a los pasajeros con vuelos previstos para hoy que revisen su estado antes de salir hacia el aeropuerto y solo acudir si su vuelo est\u00e1 confirmado. Por el momento, hay constancia de perturbaciones tambi\u00e9n en Berl\u00edn.<\/p>\n<p class=\"\">El aeropuerto de Heathrow, en Londres, tambi\u00e9n est\u00e1 sufriendo \u201cproblemas t\u00e9cnicos\u201d, seg\u00fan un comunicado distribuido en sus redes sociales. La entidad afirma que Collins Aerospace, que provee de servicios de check-in y embarque a varias aerol\u00edneas en aeropuertos de todo el mundo, est\u00e1 experimentando \u201cproblemas t\u00e9cnicos\u201d que pueden causar retrasos en las salidas de pasajeros. <\/p>\n<p class=\"\">Collins Aerospace ha reconocido este s\u00e1bado \u201cproblemas t\u00e9cnicos\u201d por \u201ccausas inform\u00e1ticas\u201d en ciertos aeropuertos, pero no especifica la causa de esas dificultades.<\/p>\n<blockquote class=\"twitter-tweet\">\n<p lang=\"en\" dir=\"ltr\">Collins Aerospace, which provides check-in and boarding systems for several airlines across multiple airports globally, is experiencing a technical issue that may cause delays for departing passengers.<\/p>\n<p>While the provider works to resolve the problem quickly, we advise\u2026 <a href=\"https:\/\/t.co\/f68e9CbIlu\" rel=\"nofollow\">pic.twitter.com\/f68e9CbIlu<\/a><\/p>\n<p>\u2014 Heathrow Airport (@HeathrowAirport) <a href=\"https:\/\/twitter.com\/HeathrowAirport\/status\/1969303324995334328?ref_src=twsrc%5Etfw\" rel=\"nofollow noopener\" target=\"_blank\">September 20, 2025<\/a><\/p><\/blockquote>\n<p class=\"\">La estadounidense Collins Aerospace, especializada en tecnolog\u00eda de aviaci\u00f3n y defensa, es uno de los mayores proveedores mundiales de productos aeroespaciales y de defensa. Es propiedad de su empresa matriz RTX, que tambi\u00e9n controla Raytheon, los contratistas de defensa, y la firma aeroespacial Pratt &amp; Whitney. Esta semana se ha anunciado que Collins Aerospace va a suministrar sistemas de software para combatir la guerra electr\u00f3nica para la agencia de Comunicaci\u00f3n e Informaci\u00f3n de la OTAN.<\/p>\n<p class=\"\">\u201cMientras el proveedor trabaja para resolver el problema r\u00e1pidamente, recomendamos a los pasajeros que consulten el estado de su vuelo con su aerol\u00ednea antes de viajar\u201d, dice Heathrow en una nota en la que pide a quienes tienen vuelos hoy que lleguen al aeropuerto con al menos tres horas de antelaci\u00f3n para vuelos de larga distancia y dos para vuelos nacionales.<\/p>\n<p class=\"\">En una nota lanzada en sus redes sociales, el aeropuerto de Bruselas explica que la incidencia ha obligado a realizar de manera manual las operaciones de check-in y de embarque. El ataque inform\u00e1tico, dice la entidad, \u201ctiene un gran impacto en el calendario de vuelos y lamentablemente provocar\u00e1 retrasos y cancelaciones de vuelos\u201d. El proveedor de los servicios de check-in y embarque \u201cest\u00e1 trabajando activamente en el asunto e intentando resolver el problema lo m\u00e1s r\u00e1pidamente posible\u201d, a\u00f1ade la nota.<\/p>\n<p class=\"\">Por su parte, el aeropuerto de Berl\u00edn no habla de ciberataque, como el de Bruselas, pero ha emitido una nota en la que menciona \u201cproblemas t\u00e9cnicos en un proveedor de sistemas que opera en toda Europa\u201d. \u201cHay mayores tiempos de espera para el check-in\u201d, se\u00f1alan.<\/p>\n<p><script async src=\"https:\/\/platform.twitter.com\/widgets.js\" charset=\"utf-8\"><\/script><\/p>\n","protected":false},"excerpt":{"rendered":"Un ciberataque en la noche del s\u00e1bado al domingo ha afectado al funcionamiento de los aeropuertos de Bruselas,&hellip;\n","protected":false},"author":2,"featured_media":127145,"comment_status":"","ping_status":"","sticky":false,"template":"","format":"standard","meta":{"footnotes":""},"categories":[42],"tags":[1161,17960,9495,17,18,2317,29890,95,13,14,11,61,62,63,64,19,20,7228,9,10,15,16,41195,12,9568,9569,21,22,65,66,67],"class_list":{"0":"post-127144","1":"post","2":"type-post","3":"status-publish","4":"format-standard","5":"has-post-thumbnail","7":"category-internacional","8":"tag-aeropuertos","9":"tag-ataques-informaticos","10":"tag-berlin","11":"tag-breaking-news","12":"tag-breakingnews","13":"tag-bruselas","14":"tag-cancelaciones-transporte","15":"tag-economia","16":"tag-featured-news","17":"tag-featurednews","18":"tag-headlines","19":"tag-internacional","20":"tag-international","21":"tag-international-news","22":"tag-internationalnews","23":"tag-latest-news","24":"tag-latestnews","25":"tag-londres","26":"tag-news","27":"tag-noticias","28":"tag-noticias-destacadas","29":"tag-noticiasdestacadas","30":"tag-retrasos-transporte","31":"tag-titulares","32":"tag-trafico-aereo","33":"tag-transporte-aereo","34":"tag-ultimas-noticias","35":"tag-ultimasnoticias","36":"tag-world","37":"tag-world-news","38":"tag-worldnews"},"share_on_mastodon":{"url":"","error":""},"_links":{"self":[{"href":"https:\/\/www.europesays.com\/es\/wp-json\/wp\/v2\/posts\/127144","targetHints":{"allow":["GET"]}}],"collection":[{"href":"https:\/\/www.europesays.com\/es\/wp-json\/wp\/v2\/posts"}],"about":[{"href":"https:\/\/www.europesays.com\/es\/wp-json\/wp\/v2\/types\/post"}],"author":[{"embeddable":true,"href":"https:\/\/www.europesays.com\/es\/wp-json\/wp\/v2\/users\/2"}],"replies":[{"embeddable":true,"href":"https:\/\/www.europesays.com\/es\/wp-json\/wp\/v2\/comments?post=127144"}],"version-history":[{"count":0,"href":"https:\/\/www.europesays.com\/es\/wp-json\/wp\/v2\/posts\/127144\/revisions"}],"wp:featuredmedia":[{"embeddable":true,"href":"https:\/\/www.europesays.com\/es\/wp-json\/wp\/v2\/media\/127145"}],"wp:attachment":[{"href":"https:\/\/www.europesays.com\/es\/wp-json\/wp\/v2\/media?parent=127144"}],"wp:term":[{"taxonomy":"category","embeddable":true,"href":"https:\/\/www.europesays.com\/es\/wp-json\/wp\/v2\/categories?post=127144"},{"taxonomy":"post_tag","embeddable":true,"href":"https:\/\/www.europesays.com\/es\/wp-json\/wp\/v2\/tags?post=127144"}],"curies":[{"name":"wp","href":"https:\/\/api.w.org\/{rel}","templated":true}]}}