{"id":127146,"date":"2025-09-20T09:48:12","date_gmt":"2025-09-20T09:48:12","guid":{"rendered":"https:\/\/www.europesays.com\/es\/127146\/"},"modified":"2025-09-20T09:48:12","modified_gmt":"2025-09-20T09:48:12","slug":"un-colegio-publico-de-rivas-desafia-a-ayuso-y-pide-a-los-ninos-vestir-con-los-colores-de-palestina","status":"publish","type":"post","link":"https:\/\/www.europesays.com\/es\/127146\/","title":{"rendered":"Un colegio p\u00fablico de Rivas desaf\u00eda a Ayuso y pide a los ni\u00f1os vestir con los colores de Palestina"},"content":{"rendered":"<p>El colegio p\u00fablico de <a href=\"https:\/\/okdiario.com\/madrid\/gobierno-comunista-rivas-rabia-noticias-okdiario-disfraza-fake-news-14378281\" rel=\"nofollow noopener\" target=\"_blank\"><strong>Rivas Vaciamadrid<\/strong>,<\/a> Hipatia, pidi\u00f3 hace unos d\u00edas a los alumnos de su centro, acudir a las clases <strong>vestidos con la ropa de la <a href=\"https:\/\/okdiario.com\/madrid\/psoe-enarbola-bandera-palestina-ayuso-les-contesta-ver-cuando-sacan-espana-15430914\" rel=\"nofollow noopener\" target=\"_blank\">bandera de Palestina<\/a><\/strong> para \u00abrendir homenaje a los m\u00e1s de 18.500 ni\u00f1os y ni\u00f1as palestinos que no podr\u00e1n empezar el colegio por culpa de la guerra\u00bb.<\/p>\n<p>A trav\u00e9s de un correo enviado a los padres de los alumnos del CEM <a href=\"https:\/\/colegiohipatia.fuhem.es\/\" rel=\"nofollow noopener\" target=\"_blank\"><strong>Hipatia<\/strong><\/a>, el colegio invita a los ni\u00f1os a llevar los <strong>colores rojo, verde, negro o blanco<\/strong> o acudir con s\u00edmbolos de la sand\u00eda (fruta que tiene los mismos colores) en \u00abse\u00f1al de solidaridad\u00bb. Tambi\u00e9n animaban a llevar<strong> barcos de papel con esos colores<\/strong> con mensajes por la paz y l\u00e1pices de los colores de Palestina.<\/p>\n<p>Este fue el llamamiento a las familias para dar as\u00ed comienzo al inicio de las clases que comenzaron el 8 de septiembre.<\/p>\n<p>Esta iniciativa de llevar ropa de los colores de la bandera Palestina ha sido promovida tambi\u00e9n para las distintas manifestaciones que se han celebrado por Espa\u00f1a, la m\u00e1s reciente la que par\u00f3 la<a href=\"https:\/\/okdiario.com\/deportes\/ala-comunista-del-gobierno-moviliza-reventar-vuelta-madrid-protesta-propalestina-15385650\" rel=\"nofollow noopener\" target=\"_blank\"><strong> Vuelta ciclista<\/strong><\/a> a su paso por Madrid y que se sald\u00f3 con <strong><a href=\"https:\/\/okdiario.com\/espana\/interior-presume-dispositivo-final-vuelta-solo-2-detenidos-22-policias-heridos-15409671\" rel=\"nofollow noopener\" target=\"_blank\">22 polic\u00edas heridos<\/a> y 2 personas detenidas<\/strong>.<\/p>\n<p>Por otro lado, el centro quiere extender las manifestaciones de apoyo al pueblo Palestino y ampliarlas a los m\u00e1s peque\u00f1os de este colegio, por lo que el lunes 15 de septiembre este centro anunci\u00f3 que todos los martes a las 08:50 horas se realizar\u00e1 \u00abun <strong>minuto de silencio<\/strong> en las puertas de acceso de infantil y primaria\u00bb.<\/p>\n<p>El Consistorio ripense ignora as\u00ed las recomendaciones del Gobierno de <a href=\"https:\/\/okdiario.com\/espana\/fracasa-escrache-ayuso-que-buscaba-delegado-del-gobierno-universidad-alcala-15439198\" rel=\"nofollow noopener\" target=\"_blank\"><strong>Isabel D\u00edaz Ayuso<\/strong><\/a>, presidenta de la Comunidad de Madrid, que ha pedido a los directores de los centros de ense\u00f1anza que los<strong> espacios educativos deben ser absolutamente apol\u00edticos.<\/strong><\/p>\n<p>\u00abEducaci\u00f3n por Palestina\u00bb<\/p>\n<p>El Gobierno de Rivas (<strong>IU y M\u00e1s Madrid<\/strong>) anunci\u00f3 hace unos d\u00edas a trav\u00e9s de la Concejal\u00eda de Cooperaci\u00f3n la asignatura <a href=\"https:\/\/okdiario.com\/img\/2025\/09\/19\/educacion-por-palestina__coopera_4o-eso.pdf\" rel=\"nofollow noopener\" target=\"_blank\"><strong>Educaci\u00f3n por Palestina<\/strong><\/a>, dirigida a los alumnos de los <strong>colegios p\u00fablicos<\/strong> de<strong> 4\u00ba de la ESO<\/strong>. Esta materia consiste en realizar \u00abactividades de sensibilizaci\u00f3n\u00bb en institutos sobre la situaci\u00f3n en Palestina como \u00abforma efectiva de educar a los estudiantes sobre derechos humanos, justicia social, y la importancia de la paz y el di\u00e1logo\u00bb.<\/p>\n<p>Seg\u00fan la informaci\u00f3n ofrecida por esta Concejal\u00eda, \u00ablas actividades deben ser interactivas, informativas y adaptadas a los niveles de comprensi\u00f3n de los j\u00f3venes, fomentando el pensamiento cr\u00edtico y la empat\u00eda\u00bb.<\/p>\n<p>Una iniciativa que no ha sentado nada bien a los partidos de la oposici\u00f3n que consideran que se est\u00e1<strong> adoctrinando a los alumnos<\/strong>. \u00abExigimos al Ayuntamiento la retirada de este tipo de actividades que s\u00f3lo buscan adoctrinar a los ni\u00f1os y que concentren sus esfuerzos en lo que es realmente prioritario, que los colegios est\u00e9n a punto y con todas las obras finalizadas el primer d\u00eda de clase\u00bb, asegura <strong>Eliana Palacios<\/strong>, portavoz de Vox Rivas.<\/p>\n<p>Por su parte, el PP, ha pedido al Ayuntamiento comunista, gobernado por la alcaldesa <a href=\"https:\/\/okdiario.com\/espana\/alcaldesa-comunista-rivas-da-20-000-dedo-restaurante-companera-lista-electoral-12313561\" rel=\"nofollow noopener\" target=\"_blank\"><strong>A\u00edda Castillejo<\/strong><\/a> (IU), que no utilice el Programa de Apoyo Municipal a Centros Educativos \u00abcomo<strong> arma para adoctrinar a los alumnos<\/strong>\u00bb.<\/p>\n<p>Su portavoz, <strong>Janette Novo<\/strong>, considera que se trata de una actividad que el Ayuntamiento aprovecha \u00abcomo <strong>instrumento ideol\u00f3gico<\/strong>, que lejos de fomentar el pensamiento cr\u00edtico, cierra la posibilidad de la duda, impone unos planteamientos sesgados y niega la libertad de opini\u00f3n\u00bb.<\/p>\n<p>Las actividades que contempla cada sesi\u00f3n incluye una introducci\u00f3n con el alumnado para conocer su pensamiento y conocimiento sobre la realidad palestina. Tambi\u00e9n una charla explicativa sobre la situaci\u00f3n hist\u00f3rica y actual, y su <strong>vulneraci\u00f3n en los territorios palestinos<\/strong> ocupados y las consecuencias y responsabilidades a nivel mundial.<\/p>\n<p>Por otro lado, tambi\u00e9n ofrecen un juego de rol sobre la ocupaci\u00f3n en el que el alumnado podr\u00e1 entender mejor las situaciones reales vividas en Palestina. Una ronda de afirmaciones sobre Palestina que el alumnado deber\u00e1 calificar como verdaderas o falsas, para as\u00ed <strong>desmentir bulos y ampliar su pensamiento cr\u00edtico<\/strong> con la informaci\u00f3n distribuida por los medios de comunicaci\u00f3n.<\/p>\n<p>Por \u00faltimo, hay una proyecci\u00f3n de un <strong>documental en el que se describe la vida en este territorio<\/strong> \u00abgracias a la experiencia en terreno de la organizaci\u00f3n\u00bb, seguida de un debate sobre las experiencias personales vividas all\u00ed.<\/p>\n<p>Para finalizar, habr\u00e1 una <strong>recogida de las conclusiones<\/strong> finales del alumnado <strong>para ver en qu\u00e9 medida su opini\u00f3n y conocimiento sobre Palestina ha cambiado.<\/strong><\/p>\n<p>La actividad se ha presentado recientemente en los centros escolares de Rivas.<\/p>\n","protected":false},"excerpt":{"rendered":"El colegio p\u00fablico de Rivas Vaciamadrid, Hipatia, pidi\u00f3 hace unos d\u00edas a los alumnos de su centro, acudir&hellip;\n","protected":false},"author":2,"featured_media":127147,"comment_status":"","ping_status":"","sticky":false,"template":"","format":"standard","meta":{"footnotes":""},"categories":[8],"tags":[17,18,25,24,13,14,11,19,20,9,10,15,16,23,12,21,22],"class_list":{"0":"post-127146","1":"post","2":"type-post","3":"status-publish","4":"format-standard","5":"has-post-thumbnail","7":"category-espana","8":"tag-breaking-news","9":"tag-breakingnews","10":"tag-es","11":"tag-espana","12":"tag-featured-news","13":"tag-featurednews","14":"tag-headlines","15":"tag-latest-news","16":"tag-latestnews","17":"tag-news","18":"tag-noticias","19":"tag-noticias-destacadas","20":"tag-noticiasdestacadas","21":"tag-spain","22":"tag-titulares","23":"tag-ultimas-noticias","24":"tag-ultimasnoticias"},"share_on_mastodon":{"url":"","error":""},"_links":{"self":[{"href":"https:\/\/www.europesays.com\/es\/wp-json\/wp\/v2\/posts\/127146","targetHints":{"allow":["GET"]}}],"collection":[{"href":"https:\/\/www.europesays.com\/es\/wp-json\/wp\/v2\/posts"}],"about":[{"href":"https:\/\/www.europesays.com\/es\/wp-json\/wp\/v2\/types\/post"}],"author":[{"embeddable":true,"href":"https:\/\/www.europesays.com\/es\/wp-json\/wp\/v2\/users\/2"}],"replies":[{"embeddable":true,"href":"https:\/\/www.europesays.com\/es\/wp-json\/wp\/v2\/comments?post=127146"}],"version-history":[{"count":0,"href":"https:\/\/www.europesays.com\/es\/wp-json\/wp\/v2\/posts\/127146\/revisions"}],"wp:featuredmedia":[{"embeddable":true,"href":"https:\/\/www.europesays.com\/es\/wp-json\/wp\/v2\/media\/127147"}],"wp:attachment":[{"href":"https:\/\/www.europesays.com\/es\/wp-json\/wp\/v2\/media?parent=127146"}],"wp:term":[{"taxonomy":"category","embeddable":true,"href":"https:\/\/www.europesays.com\/es\/wp-json\/wp\/v2\/categories?post=127146"},{"taxonomy":"post_tag","embeddable":true,"href":"https:\/\/www.europesays.com\/es\/wp-json\/wp\/v2\/tags?post=127146"}],"curies":[{"name":"wp","href":"https:\/\/api.w.org\/{rel}","templated":true}]}}