{"id":127158,"date":"2025-09-20T09:56:07","date_gmt":"2025-09-20T09:56:07","guid":{"rendered":"https:\/\/www.europesays.com\/es\/127158\/"},"modified":"2025-09-20T09:56:07","modified_gmt":"2025-09-20T09:56:07","slug":"lando-norris-al-frente-de-la-ultima-sesion-de-entrenamientos-en-baku","status":"publish","type":"post","link":"https:\/\/www.europesays.com\/es\/127158\/","title":{"rendered":"Lando Norris, al frente de la \u00faltima sesi\u00f3n de entrenamientos en Bak\u00fa"},"content":{"rendered":"\n<p data-p-index=\"1\">Bak\u00fa es la capital de Azerbaiy\u00e1n, pa\u00eds con tradici\u00f3n monetaria que compr\u00f3 su hueco en F\u00f3rmula 1 hace ya una d\u00e9cada y sin embargo se ha convertido en un <strong>cl\u00e1sico necesario entre los circuitos urbanos<\/strong>. <strong>Lando Norris lider\u00f3 el tercer y \u00faltimo libre<\/strong> en la ciudad m\u00e1s profunda del mundo, seguido por Max Verstappen, Oscar Piastri y Lewis Hamilton. El viento fue protagonista en los \u00faltimos minutos de un entrenamiento muy nublado.<\/p>\n<p data-p-index=\"2\">El comienzo de sesi\u00f3n fue tan tranquilo que <strong>Verstappen lleg\u00f3 al box de Red Bull cinco minutos despu\u00e9s del arranque<\/strong>. Oliver Bearman y los Racing Bulls salieron a dar vueltas de instalaci\u00f3n y el ingl\u00e9s marc\u00f3 un 1:47 tras hacer un recto en la curva 4. Piastri empez\u00f3 en 1:44.8 y Bearman rebaj\u00f3 a 1:44.4 con duros antes de que <strong>Norris llegase al 1:43.6.<\/strong> Charles Leclerc iba casi un segundo m\u00e1s veloz que Norris pero se sali\u00f3 en la curva 16 y Hamilton hizo un recto propio en la 3.<\/p>\n<p data-p-index=\"3\">Mejor\u00f3 m\u00e1s tarde Leclerc en 1:43.0 y Hamilton bati\u00f3 a su compa\u00f1ero para adentrarse en el 1:42.\u00a0Piastri baj\u00f3 a 1:42.7 y muchos pilotos buscaban los l\u00edmites del estrecho trazado, incluyendo un <strong>Gabriel Bortoleto que se pas\u00f3 de frenada dos veces<\/strong> y un Pierre Gasly que toc\u00f3 el interio de la curva 6. Hamilton y Carlos Sainz apuraron la Tecpro de la curva 15 y <strong>Leclerc recuper\u00f3 el liderato con un buen 1:42.3.\u00a0<\/strong><\/p>\n<blockquote class=\"twitter-tweet\" data-p-index=\"-1\">\n<p dir=\"ltr\" lang=\"en\">Liam Lawson\u2019s adventures at Turn 16 \ud83d\udc40<\/p>\n<p>\u00abClip it up. Post it to social\u00bb \ud83e\udee1 <a href=\"https:\/\/twitter.com\/hashtag\/F1?src=hash&amp;ref_src=twsrc%5Etfw\" rel=\"nofollow noopener\" target=\"_blank\">#F1<\/a> <a href=\"https:\/\/twitter.com\/hashtag\/AzerbaijanGP?src=hash&amp;ref_src=twsrc%5Etfw\" rel=\"nofollow noopener\" target=\"_blank\">#AzerbaijanGP<\/a> <a href=\"https:\/\/t.co\/gCeKznk7jU\" rel=\"nofollow\">pic.twitter.com\/gCeKznk7jU<\/a><\/p>\n<p>\u2014 Formula 1 (@F1) <a href=\"https:\/\/twitter.com\/F1\/status\/1969331372708737316?ref_src=twsrc%5Etfw\" rel=\"nofollow noopener\" target=\"_blank\">September 20, 2025<\/a><\/p>\n<\/blockquote>\n<p data-p-index=\"4\">Verstappen se puso a dos d\u00e9cimas del monegasco y entre el top 5 figuraban el sorpresivo Bearman y los Williams, tan descargados como r\u00e1pidos en las largas rectas de la capital azer\u00ed. <strong>Asumi\u00f3 Verstappen <\/strong>(1:41.727) <strong>el primer lugar con un tiempo inasumible<\/strong>, de hasta seis d\u00e9cimas de ventaja sobre los Ferrari. Alex Albon se situ\u00f3 segundo a dos d\u00e9cimas y media del Red Bull con<strong> roce incluido con la pared<\/strong> y George Russell entr\u00f3 a tres d\u00e9cimas en las mejoras definitivas.<\/p>\n<p data-p-index=\"5\">Norris entr\u00f3 en la parte final con un 1:41.223 que se antojaba a\u00fan m\u00e1s imbatible. <strong>Piastri toc\u00f3 el exterior de la curva 4 en su primera vuelta lanzada y se fue recto al comenzar la segunda<\/strong>, abortando dos intentos en mitad de un viento que se levantaba por momentos. Albon tambi\u00e9n tom\u00f3 la escapatoria de la curva 4 al levantarse el viento y a<strong> la tercera tentativa fue la casi vencida para Piastri<\/strong>, segundo a tres d\u00e9cimas de Norris.<\/p>\n<p data-p-index=\"6\"><strong>Encabz\u00f3 Norris la tabla<\/strong> por dos d\u00e9cimas sobre Verstappen, Hamilton y su compa\u00f1ero de equipo. Andrea Kimi Antonelli y Russell fueron quinto y sexto con los Mercedes, rellenando el top 10 Albon Bearman, Liam Lawson y Leclerc. <strong>Se espera una qualy igualada<\/strong> en parte por las altas velocidades del circuito pero tambi\u00e9n por la importancia de la parrilla en un sitio alargado y estrecho donde siempre hay acci\u00f3n.<\/p>\n<blockquote class=\"twitter-tweet\" data-p-index=\"-1\">\n<p dir=\"ltr\" lang=\"en\">FP3 CLASSIFICATION<\/p>\n<p>Verstappen splits the McLarens with Hamilton not far behind \ud83d\udc40<a href=\"https:\/\/twitter.com\/hashtag\/F1?src=hash&amp;ref_src=twsrc%5Etfw\" rel=\"nofollow noopener\" target=\"_blank\">#F1<\/a> <a href=\"https:\/\/twitter.com\/hashtag\/AzerbaijanGP?src=hash&amp;ref_src=twsrc%5Etfw\" rel=\"nofollow noopener\" target=\"_blank\">#AzerbaijanGP<\/a> <a href=\"https:\/\/t.co\/BIoc2qS4oa\" rel=\"nofollow\">pic.twitter.com\/BIoc2qS4oa<\/a><\/p>\n<p>\u2014 Formula 1 (@F1) <a href=\"https:\/\/twitter.com\/F1\/status\/1969335679361401069?ref_src=twsrc%5Etfw\" rel=\"nofollow noopener\" target=\"_blank\">September 20, 2025<\/a><\/p>\n<\/blockquote>\n<p> <script async src=\"https:\/\/platform.twitter.com\/widgets.js\" charset=\"utf-8\"><\/script><\/p>\n","protected":false},"excerpt":{"rendered":"Bak\u00fa es la capital de Azerbaiy\u00e1n, pa\u00eds con tradici\u00f3n monetaria que compr\u00f3 su hueco en F\u00f3rmula 1 hace&hellip;\n","protected":false},"author":2,"featured_media":127159,"comment_status":"","ping_status":"","sticky":false,"template":"","format":"standard","meta":{"footnotes":""},"categories":[270],"tags":[168,25,24,306,271,272,23,167],"class_list":{"0":"post-127158","1":"post","2":"type-post","3":"status-publish","4":"format-standard","5":"has-post-thumbnail","7":"category-formula-1","8":"tag-deportes","9":"tag-es","10":"tag-espana","11":"tag-f1","12":"tag-formula-1","13":"tag-formula1","14":"tag-spain","15":"tag-sports"},"share_on_mastodon":{"url":"","error":""},"_links":{"self":[{"href":"https:\/\/www.europesays.com\/es\/wp-json\/wp\/v2\/posts\/127158","targetHints":{"allow":["GET"]}}],"collection":[{"href":"https:\/\/www.europesays.com\/es\/wp-json\/wp\/v2\/posts"}],"about":[{"href":"https:\/\/www.europesays.com\/es\/wp-json\/wp\/v2\/types\/post"}],"author":[{"embeddable":true,"href":"https:\/\/www.europesays.com\/es\/wp-json\/wp\/v2\/users\/2"}],"replies":[{"embeddable":true,"href":"https:\/\/www.europesays.com\/es\/wp-json\/wp\/v2\/comments?post=127158"}],"version-history":[{"count":0,"href":"https:\/\/www.europesays.com\/es\/wp-json\/wp\/v2\/posts\/127158\/revisions"}],"wp:featuredmedia":[{"embeddable":true,"href":"https:\/\/www.europesays.com\/es\/wp-json\/wp\/v2\/media\/127159"}],"wp:attachment":[{"href":"https:\/\/www.europesays.com\/es\/wp-json\/wp\/v2\/media?parent=127158"}],"wp:term":[{"taxonomy":"category","embeddable":true,"href":"https:\/\/www.europesays.com\/es\/wp-json\/wp\/v2\/categories?post=127158"},{"taxonomy":"post_tag","embeddable":true,"href":"https:\/\/www.europesays.com\/es\/wp-json\/wp\/v2\/tags?post=127158"}],"curies":[{"name":"wp","href":"https:\/\/api.w.org\/{rel}","templated":true}]}}