{"id":12716,"date":"2025-07-29T23:15:07","date_gmt":"2025-07-29T23:15:07","guid":{"rendered":"https:\/\/www.europesays.com\/es\/12716\/"},"modified":"2025-07-29T23:15:07","modified_gmt":"2025-07-29T23:15:07","slug":"la-federacion-aragonesa-de-golf-presenta-un-proyecto-en-benasque","status":"publish","type":"post","link":"https:\/\/www.europesays.com\/es\/12716\/","title":{"rendered":"La Federaci\u00f3n Aragonesa de Golf presenta un proyecto en Benasque"},"content":{"rendered":"<p class=\"paragraph\">La Federaci\u00f3n Aragonesa de Golf ha presentado en Benasque, junto al Ayuntamiento local y con dise\u00f1o t\u00e9cnico de la Real Federaci\u00f3n Espa\u00f1ola de Golf (RFEG), un innovador proyecto de campo de golf sostenible. La propuesta contempla una instalaci\u00f3n respetuosa con el medioambiente, plenamente integrada en el entorno natural y dise\u00f1ada para responder a las necesidades formativas, deportivas y tur\u00edsticas del valle.<\/p>\n<p class=\"paragraph\">En un comunicado conjunto del Ayuntamiento y la propia Federaci\u00f3n, detallan que esta nueva infraestructura tendr\u00e1 una superficie de m\u00e1s de 51.700 metros cuadrados, catalogada como Zona de Conservaci\u00f3n Natural 1 y 2, el espacio se<b> plantea bajo un modelo de uso deportivo no invasivo.<\/b> El dise\u00f1o sigue estrictos criterios medioambientales y urban\u00edsticos, apostando por la preservaci\u00f3n de la biodiversidad y la integraci\u00f3n paisaj\u00edstica. Se trata de un campo dise\u00f1ado para la formaci\u00f3n, el entrenamiento y el turismo.<\/p>\n<p class=\"paragraph\">El proyecto divide el espacio en dos \u00e1reas,<b> un \u00c1rea de entrenamiento que incluir\u00e1 un campo de pr\u00e1cticas de 200 metros de largo por m\u00e1s de 70 de ancho, <\/b>entre 10 y 15 puestos cubiertos, zona de &#8216;approach&#8217;, &#8216;putting green&#8217;, caseta de control y \u00e1rea de<\/p>\n<p class=\"paragraph\">descanso. Todo ello rodeado de vegetaci\u00f3n aut\u00f3ctona para una integraci\u00f3n visual y ambiental \u00f3ptima. En segundo lugar, incorporar\u00e1 un \u00c1rea de juego compuesta de<b> un recorrido de 9 hoyos tipo Par 3, con una longitud total de 617 metros y posibilidad de ampliaci\u00f3n a 18 hoyos<\/b> mediante duplicaci\u00f3n de salidas. El trazado respetar\u00e1 la orograf\u00eda natural, ofreciendo un circuito t\u00e9cnico y accesible para todos los niveles, desde la iniciaci\u00f3n hasta el turismo deportivo.<\/p>\n<p class=\"paragraph\">El <b>\u00abrouting plan\u00bb contempla medidas espec\u00edficas para reducir el impacto ambiental,<\/b> entre ellas, la conservaci\u00f3n de la masa arb\u00f3rea existente e incorporaci\u00f3n de vegetaci\u00f3n aut\u00f3ctona como delimitaci\u00f3n natural, evitando barreras artificiales o el estudio de eficiencia h\u00eddrica y energ\u00e9tica en fase de ejecuci\u00f3n, con el objetivo de optimizar recursos y reducir el mantenimiento. Tambi\u00e9n se ha planteado un aparcamiento de 1.600 metros cuadrados en zona fluvial, como soluci\u00f3n provisional o definitiva seg\u00fan el desarrollo del proyecto.<\/p>\n<p class=\"paragraph\">M\u00e1s all\u00e1 de su uso deportivo, <b>el nuevo campo de golf sostenible en Benasque tendr\u00e1 una dimensi\u00f3n claramente social, formativa e inclusiva.<\/b> Est\u00e1 prevista la puesta en marcha de programas escolares de iniciaci\u00f3n al golf y actividades adaptadas para personas con diversidad funcional, promoviendo as\u00ed el acceso al deporte en contacto con la naturaleza.<\/p>\n<p class=\"paragraph\">El dise\u00f1o del \u00abrouting plan\u00bb por parte del equipo t\u00e9cnico de la RFEG sienta las bases para el futuro Proyecto de Ejecuci\u00f3n. La Federaci\u00f3n Aragonesa de Golf destaca la implicaci\u00f3n del Ayuntamiento de Benasque en esta iniciativa, alineada con los valores ambientales, sociales y tur\u00edsticos del municipio. \u201cAgradecemos al Ayuntamiento de Benasque su compromiso con un proyecto que <b>acercar\u00e1 el golf a nuevos p\u00fablicos, fomentar\u00e1 el deporte al aire libre y reforzar\u00e1 la oferta formativa y tur\u00edstica del valle\u201d, <\/b>se\u00f1alaron desde la Federaci\u00f3n Aragonesa de Golf.<\/p>\n","protected":false},"excerpt":{"rendered":"La Federaci\u00f3n Aragonesa de Golf ha presentado en Benasque, junto al Ayuntamiento local y con dise\u00f1o t\u00e9cnico de&hellip;\n","protected":false},"author":2,"featured_media":12717,"comment_status":"","ping_status":"","sticky":false,"template":"","format":"standard","meta":{"footnotes":""},"categories":[275],"tags":[4502,8818,168,25,24,2500,329,2782,5568,23,167],"class_list":{"0":"post-12716","1":"post","2":"type-post","3":"status-publish","4":"format-standard","5":"has-post-thumbnail","7":"category-golf","8":"tag-aragonesa","9":"tag-benasque","10":"tag-deportes","11":"tag-es","12":"tag-espana","13":"tag-federacion","14":"tag-golf","15":"tag-presenta","16":"tag-proyecto","17":"tag-spain","18":"tag-sports"},"share_on_mastodon":{"url":"","error":""},"_links":{"self":[{"href":"https:\/\/www.europesays.com\/es\/wp-json\/wp\/v2\/posts\/12716","targetHints":{"allow":["GET"]}}],"collection":[{"href":"https:\/\/www.europesays.com\/es\/wp-json\/wp\/v2\/posts"}],"about":[{"href":"https:\/\/www.europesays.com\/es\/wp-json\/wp\/v2\/types\/post"}],"author":[{"embeddable":true,"href":"https:\/\/www.europesays.com\/es\/wp-json\/wp\/v2\/users\/2"}],"replies":[{"embeddable":true,"href":"https:\/\/www.europesays.com\/es\/wp-json\/wp\/v2\/comments?post=12716"}],"version-history":[{"count":0,"href":"https:\/\/www.europesays.com\/es\/wp-json\/wp\/v2\/posts\/12716\/revisions"}],"wp:featuredmedia":[{"embeddable":true,"href":"https:\/\/www.europesays.com\/es\/wp-json\/wp\/v2\/media\/12717"}],"wp:attachment":[{"href":"https:\/\/www.europesays.com\/es\/wp-json\/wp\/v2\/media?parent=12716"}],"wp:term":[{"taxonomy":"category","embeddable":true,"href":"https:\/\/www.europesays.com\/es\/wp-json\/wp\/v2\/categories?post=12716"},{"taxonomy":"post_tag","embeddable":true,"href":"https:\/\/www.europesays.com\/es\/wp-json\/wp\/v2\/tags?post=12716"}],"curies":[{"name":"wp","href":"https:\/\/api.w.org\/{rel}","templated":true}]}}