{"id":127160,"date":"2025-09-20T09:57:04","date_gmt":"2025-09-20T09:57:04","guid":{"rendered":"https:\/\/www.europesays.com\/es\/127160\/"},"modified":"2025-09-20T09:57:04","modified_gmt":"2025-09-20T09:57:04","slug":"el-joventut-tumba-al-barca-80-81-y-se-medira-con-el-manresa-en-la-final-de-la-lliga-catalana","status":"publish","type":"post","link":"https:\/\/www.europesays.com\/es\/127160\/","title":{"rendered":"El Joventut tumba al Bar\u00e7a (80-81) y se medir\u00e1 con el Manresa en la final de la Lliga Catalana"},"content":{"rendered":"<p class=\"ft-text\">El Joventut de Badalona se clasific\u00f3 este viernes para la<strong> final de la 46\u00aa edici\u00f3n de la Liga Catalana ACB tras vencer al Bar\u00e7a (80-81<\/strong>), campe\u00f3n de las tres \u00faltimas ediciones, en un partido muy igualado disputado en el <strong>Palacio de Deportes Catalunya de Tarragona <\/strong>que se decidi\u00f3 en los \u00faltimos segundos.<\/p>\n<p class=\"ft-text\">Liderados por el escolta<strong> Cameron Hunt<\/strong>, m\u00e1ximo anotador del encuentro con <strong>25 puntos,<\/strong> los verdinegros buscan conquistar la Liga Catalana por primera vez desde 2008.<\/p>\n<p class=\"ft-text\">En la final del domingo se enfrentar\u00e1n al <strong>BAXI Manresa,<\/strong> que aunque cay\u00f3 ante el <strong>B\u00e0squet Girona (89-90)<\/strong> logr\u00f3 el pase a su tercera final consecutiva gracias a un triple empate con ventaja en el &#8216;average&#8217; general.<\/p>\n<p>Estreno de Shengelia<\/p>\n<p class=\"ft-text\">El Joventut de Badalona sali\u00f3 con <strong>m\u00e1s determinaci\u00f3n, <\/strong>dispuesto a volver a una final de la Lliga Catalana tres a\u00f1os despu\u00e9s. Con un Hunt inspirado \u2014autor de seis de los diez primeros puntos\u2014 y un <strong>Dekker muy activo<\/strong>, los verdinegros abrieron pronto la primera brecha (3-10, min.4).<\/p>\n<p class=\"ft-text\">Con el paso de los minutos, Pe\u00f1arroya, obligado a elevar el acierto y la intensidad, recurri\u00f3 a <strong>Shengelia<\/strong>. El georgiano estren\u00f3 su casillero como azulgrana, elev\u00f3 el list\u00f3n f\u00edsico en defensa, sum\u00f3 rebotes y permiti\u00f3 al Bar\u00e7a acercarse a cuatro puntos al cierre del primer cuarto (17-21).<\/p>\n<p class=\"ft-text\">En el segundo cuarto, el Bar\u00e7a sigui\u00f3 limando la diferencia con nuevos protagonistas. <strong>Parra <\/strong>castig\u00f3 desde el per\u00edmetro, Cale aport\u00f3 puntos gracias a su poder\u00edo f\u00edsico y Laprovittola gui\u00f3 con acierto y asistencias la direcci\u00f3n del juego.<\/p>\n<p>Parcial de 2-9<\/p>\n<p class=\"ft-text\">Ese despliegue azulgrana consigui\u00f3 contener el empuje de Hunt, faro ofensivo del Joventut con 16 de los 37 puntos al descanso. Aun as\u00ed, el estadounidense no pudo evitar que <strong>un triple de Norris pusiera al Bar\u00e7a por delante por primera vez (36-35, min.18),<\/strong> renta que los azulgranas mantuvieron hasta el intermedio (38-37).<\/p>\n<p class=\"ft-text\">El descanso revitaliz\u00f3 a los verdinegros, que regresaron a la pista muy concentrados y con la ambici\u00f3n de adue\u00f1arse del partido, encadenando <strong>un parcial de 2-9 que dio la vuelta al marcador (40-46, min.22).<\/strong><\/p>\n<p class=\"ft-text\">Poco le dur\u00f3, sin embargo, ese valioso bot\u00edn al equipo de<strong> Dani Miret.<\/strong> El Bar\u00e7a respondi\u00f3 primero con la <strong>potencia f\u00edsica de Clyburn y luego con la irrupci\u00f3n de Punter, <\/strong>autor de ocho puntos consecutivos que igualaron de nuevo el marcador (55-55, min.27), manteni\u00e9ndose el duelo en rentas cortas hasta bien entrado el \u00faltimo cuarto.<\/p>\n<p>Ricky, firme desde el tiro libre<\/p>\n<p class=\"ft-text\">Una falta t\u00e9cnica a<strong> Dani Miret<\/strong> por protestar una acci\u00f3n envalenton\u00f3 al Bar\u00e7a, que encaden\u00f3 un parcial de 8-0 (69-65, min.33), amenazando con romper el partido. Pero cada intento de escapada era respondido por el Joventut. <strong>Hakanson<\/strong>, certero desde media distancia, y <strong>Ricky Rubio, infalible desde el tiro libre,<\/strong> adelantaban a los verdinegros (72-73, min.37).<\/p>\n<p class=\"ft-text\">El desenlace se decidi\u00f3 en detalles. Un<strong> triple lejano de Dekker <\/strong>acerc\u00f3 a los visitantes (78-77, min.39) y, en la frialdad de Hunt desde el tiro libre, los verdinegros se pusieron por delante a cuatro segundos del final. <strong>Clyburn <\/strong>tuvo el \u00faltimo tiro, pero fall\u00f3, y el Joventut elimin\u00f3 al campe\u00f3n de las \u00faltimas tres ediciones.<\/p>\n<p>Ficha t\u00e9cnica:<\/p>\n<p class=\"ft-text\"><strong>80 &#8211; Bar\u00e7a (17+21+23+19): <\/strong>Marcos (5), Cale (9), Norris (5), Parra (10) y Hernang\u00f3mez (6) -cinco inicial- Laprovittola (5), Clyburn (7), Punter (11), Vesely (2), Satoransky (14), Fall (0), Shengelia (6).<\/p>\n<p class=\"ft-text\"><strong>81 &#8211; Joventut Badalona (21+16+25+19):<\/strong> Hakanson (12), Hunt (25), Kraag (4), Dekker (10) y Birgander (4) -cinco inicial-, Vives (-), Hanga (1), Drell (4), Rubio (11) y Tomic (10).<\/p>\n","protected":false},"excerpt":{"rendered":"El Joventut de Badalona se clasific\u00f3 este viernes para la final de la 46\u00aa edici\u00f3n de la Liga&hellip;\n","protected":false},"author":2,"featured_media":127161,"comment_status":"","ping_status":"","sticky":false,"template":"","format":"standard","meta":{"footnotes":""},"categories":[269],"tags":[14670,38431,299,2296,298,168,25,24,4079,23,167,18158],"class_list":{"0":"post-127160","1":"post","2":"type-post","3":"status-publish","4":"format-standard","5":"has-post-thumbnail","7":"category-baloncesto","8":"tag-14670","9":"tag-38431","10":"tag-baloncesto","11":"tag-barca","12":"tag-basketball","13":"tag-deportes","14":"tag-es","15":"tag-espana","16":"tag-joventut","17":"tag-spain","18":"tag-sports","19":"tag-tumba"},"share_on_mastodon":{"url":"","error":""},"_links":{"self":[{"href":"https:\/\/www.europesays.com\/es\/wp-json\/wp\/v2\/posts\/127160","targetHints":{"allow":["GET"]}}],"collection":[{"href":"https:\/\/www.europesays.com\/es\/wp-json\/wp\/v2\/posts"}],"about":[{"href":"https:\/\/www.europesays.com\/es\/wp-json\/wp\/v2\/types\/post"}],"author":[{"embeddable":true,"href":"https:\/\/www.europesays.com\/es\/wp-json\/wp\/v2\/users\/2"}],"replies":[{"embeddable":true,"href":"https:\/\/www.europesays.com\/es\/wp-json\/wp\/v2\/comments?post=127160"}],"version-history":[{"count":0,"href":"https:\/\/www.europesays.com\/es\/wp-json\/wp\/v2\/posts\/127160\/revisions"}],"wp:featuredmedia":[{"embeddable":true,"href":"https:\/\/www.europesays.com\/es\/wp-json\/wp\/v2\/media\/127161"}],"wp:attachment":[{"href":"https:\/\/www.europesays.com\/es\/wp-json\/wp\/v2\/media?parent=127160"}],"wp:term":[{"taxonomy":"category","embeddable":true,"href":"https:\/\/www.europesays.com\/es\/wp-json\/wp\/v2\/categories?post=127160"},{"taxonomy":"post_tag","embeddable":true,"href":"https:\/\/www.europesays.com\/es\/wp-json\/wp\/v2\/tags?post=127160"}],"curies":[{"name":"wp","href":"https:\/\/api.w.org\/{rel}","templated":true}]}}